{"id":1134,"date":"2014-05-05T13:42:25","date_gmt":"2014-05-05T11:42:25","guid":{"rendered":"http:\/\/uptobe.es\/tierraspolares\/trineodeviento\/?p=1134"},"modified":"2014-05-05T13:42:25","modified_gmt":"2014-05-05T11:42:25","slug":"el-trineo-de-viento-sobre-el-hielo-de-groenlandia","status":"publish","type":"post","link":"https:\/\/tierraspolares.es\/trineodeviento\/el-trineo-de-viento-sobre-el-hielo-de-groenlandia\/","title":{"rendered":"El Trineo de Viento sobre el hielo de Groenlandia"},"content":{"rendered":"<div id=\"attachment_1143\" style=\"width: 970px\" class=\"wp-caption aligncenter\"><a href=\"http:\/\/tierraspolares.es\/\/tierraspolares\/trineodeviento\/wp-content\/uploads\/2014\/05\/Foto5mejorada.jpg\"><img fetchpriority=\"high\" decoding=\"async\" aria-describedby=\"caption-attachment-1143\" class=\"size-full wp-image-1143\" src=\"http:\/\/tierraspolares.es\/\/tierraspolares\/trineodeviento\/wp-content\/uploads\/2014\/05\/Foto5mejorada.jpg\" alt=\"Los expedicionarios y los pilotos, en el punto de partida.\" width=\"960\" height=\"720\" srcset=\"https:\/\/tierraspolares.es\/trineodeviento\/wp-content\/uploads\/2014\/05\/Foto5mejorada.jpg 960w, https:\/\/tierraspolares.es\/trineodeviento\/wp-content\/uploads\/2014\/05\/Foto5mejorada-300x225.jpg 300w, https:\/\/tierraspolares.es\/trineodeviento\/wp-content\/uploads\/2014\/05\/Foto5mejorada-768x576.jpg 768w\" sizes=\"(max-width: 960px) 100vw, 960px\" \/><\/a><p id=\"caption-attachment-1143\" class=\"wp-caption-text\">Los expedicionarios y los pilotos, en el punto de partida.<\/p><\/div>\n<p>El <a href=\"http:\/\/tierraspolares.es\/\/tierraspolares\/trineodeviento\/expedicion-circunnavegacion-groenlandia-2014\/\">equipo del Trineo de Viento<\/a>, liderado por el explorador <a href=\"http:\/\/tierraspolares.es\/\/tierraspolares\/trineodeviento\/ramon-h-larramendi\/\">Ram\u00f3n Larramendi<\/a>, ha tenido que adelantar el inicio de la expedici\u00f3n Circunnavegaci\u00f3n de Groenlandia, previsto para este lunes, al pasado fin de semana debido al anuncio de la llegada de una tormenta para los pr\u00f3ximos d\u00edas. Los planes de los expedicionarios tuvieron que cambiar a las pocas horas de llegar al \u00c1rtico.<\/p>\n<p>En estos momentos ya se encuentran sobre el inlandsis, el interior helado de la isla. Su intenci\u00f3n era ponerse a avanzar el mismo domingo por el interior de su zona oeste, camino del norte, movidos por el viento en el \u00fanico veh\u00edculo del mundo dise\u00f1ado para las tierras polares que no requiere\u00a0 combustibles f\u00f3siles. \u00a0Pero de momento el fuerte viento les ha frenado.<\/p>\n<div id=\"attachment_1141\" style=\"width: 970px\" class=\"wp-caption aligncenter\"><a href=\"http:\/\/tierraspolares.es\/\/tierraspolares\/trineodeviento\/wp-content\/uploads\/2014\/05\/Llegada.jpg\"><img decoding=\"async\" aria-describedby=\"caption-attachment-1141\" class=\"size-full wp-image-1141 lazyload\" data-src=\"http:\/\/tierraspolares.es\/\/tierraspolares\/trineodeviento\/wp-content\/uploads\/2014\/05\/Llegada.jpg\" alt=\"Llegada al desierto helado de los expedicionarios del Trineo de Viento.\" width=\"960\" height=\"720\" data-srcset=\"https:\/\/tierraspolares.es\/trineodeviento\/wp-content\/uploads\/2014\/05\/Llegada.jpg 960w, https:\/\/tierraspolares.es\/trineodeviento\/wp-content\/uploads\/2014\/05\/Llegada-300x225.jpg 300w, https:\/\/tierraspolares.es\/trineodeviento\/wp-content\/uploads\/2014\/05\/Llegada-768x576.jpg 768w\" data-sizes=\"(max-width: 960px) 100vw, 960px\" src=\"data:image\/svg+xml;base64,PHN2ZyB3aWR0aD0iMSIgaGVpZ2h0PSIxIiB4bWxucz0iaHR0cDovL3d3dy53My5vcmcvMjAwMC9zdmciPjwvc3ZnPg==\" style=\"--smush-placeholder-width: 960px; --smush-placeholder-aspect-ratio: 960\/720;\" \/><\/a><p id=\"caption-attachment-1141\" class=\"wp-caption-text\">Llegada al desierto helado de los expedicionarios del Trineo de Viento.<\/p><\/div>\n<p>Por delante les esperan 5.000 kil\u00f3metros de ruta, en los que su objetivo es demostrar<a href=\"http:\/\/tierraspolares.es\/\/tierraspolares\/trineodeviento\/proyectos-groenlandia-2014\/\"> que puede convertirse en un laboratorio-m\u00f3vil para los programas cient\u00edficos espa\u00f1oles<\/a>. Es un viaje patrocinado por la agencia de viajes Tierras Polares y apoyado por la Sociedad Geogr\u00e1fica Espa\u00f1ola, Acciona y el Instituto Pirenaico de Ecolog\u00eda (CSIC).<\/p>\n<p>Los tres expedicionarios espa\u00f1oles (Ramon Larramendi, Manuel Olivera y Eusebio Beamonte) salieron el pasado jueves, d\u00eda 1 de mayo, del aeropuerto Adolfo Su\u00e1rez-Madrid Barajas con destino a \u00a0Kangerlussuaq (Groenlandia); hicieron escala en Copenhague (Dinamarca), donde se les sum\u00f3 la ingeniera danesa Karin Moe Bojsen. Ya en Groenlandia, el viernes, se uni\u00f3 el groenland\u00e9s Hugo Svenson, el quinto componente del grupo.<\/p>\n<p>Desde su llegada a la peque\u00f1a poblaci\u00f3n, comenzaron a organizar los \u00faltimos detalles de su largo viaje. \u201cHay que colocar cada cosa en un lugar preciso para encontrarla con facilidad y empaquetar la comida por d\u00edas, seg\u00fan sus caracter\u00edsticas. Eso lleva tiempo\u201d, se\u00f1alaba Larramendi antes de la partida, pensando en el trabajo que quedaba ante de iniciar la ruta.<\/p>\n<div id=\"attachment_1145\" style=\"width: 970px\" class=\"wp-caption aligncenter\"><a href=\"http:\/\/tierraspolares.es\/\/tierraspolares\/trineodeviento\/wp-content\/uploads\/2014\/05\/llegandoHielo.jpg\"><img decoding=\"async\" aria-describedby=\"caption-attachment-1145\" class=\"size-full wp-image-1145 lazyload\" data-src=\"http:\/\/tierraspolares.es\/\/tierraspolares\/trineodeviento\/wp-content\/uploads\/2014\/05\/llegandoHielo.jpg\" alt=\"Manuel Olivera retrata el equipo. Al fondo, parte del Trineo de Viento ya montado.\" width=\"960\" height=\"720\" data-srcset=\"https:\/\/tierraspolares.es\/trineodeviento\/wp-content\/uploads\/2014\/05\/llegandoHielo.jpg 960w, https:\/\/tierraspolares.es\/trineodeviento\/wp-content\/uploads\/2014\/05\/llegandoHielo-300x225.jpg 300w, https:\/\/tierraspolares.es\/trineodeviento\/wp-content\/uploads\/2014\/05\/llegandoHielo-768x576.jpg 768w\" data-sizes=\"(max-width: 960px) 100vw, 960px\" src=\"data:image\/svg+xml;base64,PHN2ZyB3aWR0aD0iMSIgaGVpZ2h0PSIxIiB4bWxucz0iaHR0cDovL3d3dy53My5vcmcvMjAwMC9zdmciPjwvc3ZnPg==\" style=\"--smush-placeholder-width: 960px; --smush-placeholder-aspect-ratio: 960\/720;\" \/><\/a><p id=\"caption-attachment-1145\" class=\"wp-caption-text\">Manuel Olivera retrata el equipo. Al fondo, parte del Trineo de Viento ya montado.<\/p><\/div>\n<p>Su agenda se trastoc\u00f3 tras conocer las previsiones meteorol\u00f3gicas, que anunciaban un cambio de tiempo para comienzos de esta semana que iba a impedir su\u00a0 aterrizaje en el hielo, en principio previsto para hoy lunes. Ante el riesgo de no poder iniciar ruta en varios d\u00edas, los expedicionarios optaron por adelantarse a la tormenta y volar el mismo s\u00e1bado por la tarde a la capa de hielo.<\/p>\n<p>Hasta all\u00ed fueron trasladados, junto con el Trineo de Viento desmontado y todo su equipamiento, por un peque\u00f1o avi\u00f3n bimotor Twin Otter, en un vuelo que dur\u00f3 aproximadamente una hora. Esa misma noche, seg\u00fan pudo comunicar Larramendi en un corto mensaje v\u00eda sat\u00e9lite, ya ten\u00edan montado totalmente en veh\u00edculo y las tiendas que van ancladas encima.<\/p>\n<p>En esta operaci\u00f3n fue una ventaja el hecho de que en esta \u00e9poca del a\u00f1o en Groenlandia luce el Sol pr\u00e1cticamente las 24 horas del d\u00eda.<\/p>\n<p>Ayer domingo,\u00a0 desde una posici\u00f3n de 67\u00ba latitud Norte y -47\u00ba de longitud, y a una altura de 1.556 metros, se recib\u00eda el mensaje en el que anunciaban su salida: \u201cHoy empezamos\u201d, se\u00f1alaban escuetamente. Poco despu\u00e9s, ten\u00edan que retrasar la navegaci\u00f3n debido al fuerte viento, dedic\u00e1ndose a dejar bien atado y organizado todo su equipamiento.<\/p>\n<p>Los expedicionarios llevan a bordo diferente instrumentaci\u00f3n cient\u00edfica para recoger datos para dos proyectos cient\u00edficos del Instituto Pirenaico de Ecolog\u00eda (CSIC), dirigidos por el ge\u00f3grafo Juan Ignacio L\u00f3pez Moreno: la caracterizaci\u00f3n de la nieve y la validaci\u00f3n de modelos clim\u00e1ticos de Groenlandia. Si las condiciones lo permiten, tienen previsto visitar algunas de las estaciones cient\u00edficas internacionales que se encuentren cerca de su ruta, donde se investigan los cambios que est\u00e1n ocurriendo en Groenlandia.<\/p>\n<div id=\"attachment_1138\" style=\"width: 754px\" class=\"wp-caption aligncenter\"><a href=\"http:\/\/tierraspolares.es\/\/tierraspolares\/trineodeviento\/wp-content\/uploads\/2014\/05\/SalidaCarga.jpg\"><img decoding=\"async\" aria-describedby=\"caption-attachment-1138\" class=\"size-full wp-image-1138 lazyload\" data-src=\"http:\/\/tierraspolares.es\/\/tierraspolares\/trineodeviento\/wp-content\/uploads\/2014\/05\/SalidaCarga.jpg\" alt=\"Salida de carga de Kangerlussuaq. \" width=\"744\" height=\"496\" data-srcset=\"https:\/\/tierraspolares.es\/trineodeviento\/wp-content\/uploads\/2014\/05\/SalidaCarga.jpg 744w, https:\/\/tierraspolares.es\/trineodeviento\/wp-content\/uploads\/2014\/05\/SalidaCarga-300x200.jpg 300w, https:\/\/tierraspolares.es\/trineodeviento\/wp-content\/uploads\/2014\/05\/SalidaCarga-600x400.jpg 600w\" data-sizes=\"(max-width: 744px) 100vw, 744px\" src=\"data:image\/svg+xml;base64,PHN2ZyB3aWR0aD0iMSIgaGVpZ2h0PSIxIiB4bWxucz0iaHR0cDovL3d3dy53My5vcmcvMjAwMC9zdmciPjwvc3ZnPg==\" style=\"--smush-placeholder-width: 744px; --smush-placeholder-aspect-ratio: 744\/496;\" \/><\/a><p id=\"caption-attachment-1138\" class=\"wp-caption-text\">Salida de carga de Kangerlussuaq.<\/p><\/div>\n<p>La tripulaci\u00f3n prev\u00e9 que se encontrar\u00e1 con vientos muy distintos, no siempre a favor, lo que permitir\u00e1 mejorar la t\u00e9cnica de manejo del trineo que ya se ha utilizado en viajes anteriores. En esta ocasi\u00f3n, el veh\u00edculo ha experimentado importantes mejoras t\u00e9cnicas, tanto en la estructura, como en las cometas, adem\u00e1s de incorporar una nueva tienda semi-transparente que incrementa la protecci\u00f3n de los pilotos. Adem\u00e1s, se han mejorado los mandos y se pondr\u00e1n a prueba nuevos materiales.<\/p>\n<p>&nbsp;<\/p>\n<p>&nbsp;<\/p>\n","protected":false},"excerpt":{"rendered":"<p>El equipo del Trineo de Viento, liderado por el explorador Ram\u00f3n Larramendi, ha tenido que adelantar el inicio de la expedici\u00f3n Circunnavegaci\u00f3n de Groenlandia, previsto para este lunes, al pasado fin de semana debido al anuncio de la llegada de una tormenta para los pr\u00f3ximos d\u00edas. Los planes de los expedicionarios tuvieron que cambiar a las pocas horas de llegar al \u00c1rtico. En estos momentos ya se encuentran sobre el inlandsis, el interior helado de la isla. Su intenci\u00f3n era ponerse a avanzar el mismo domingo por el interior de su zona oeste, camino del norte, movidos por el viento en el \u00fanico veh\u00edculo del mundo dise\u00f1ado para las tierras polares que no requiere\u00a0 combustibles f\u00f3siles. \u00a0Pero de momento el fuerte viento les ha frenado. Por delante les esperan 5.000 kil\u00f3metros de ruta, en los que su objetivo es demostrar que puede convertirse en un laboratorio-m\u00f3vil para los programas cient\u00edficos espa\u00f1oles. Es un viaje patrocinado por la agencia de viajes Tierras Polares y apoyado por la Sociedad Geogr\u00e1fica Espa\u00f1ola, Acciona y el Instituto Pirenaico de Ecolog\u00eda (CSIC). Los tres expedicionarios espa\u00f1oles (Ramon Larramendi, Manuel Olivera y Eusebio Beamonte) salieron el pasado jueves, d\u00eda 1 de mayo, del aeropuerto Adolfo Su\u00e1rez-Madrid [&hellip;]<\/p>\n","protected":false},"author":1,"featured_media":1144,"comment_status":"closed","ping_status":"open","sticky":false,"template":"","format":"standard","meta":{"footnotes":""},"categories":[11],"tags":[12],"class_list":["post-1134","post","type-post","status-publish","format-standard","has-post-thumbnail","hentry","category-noticias-2","tag-noticias"],"_links":{"self":[{"href":"https:\/\/tierraspolares.es\/trineodeviento\/wp-json\/wp\/v2\/posts\/1134","targetHints":{"allow":["GET"]}}],"collection":[{"href":"https:\/\/tierraspolares.es\/trineodeviento\/wp-json\/wp\/v2\/posts"}],"about":[{"href":"https:\/\/tierraspolares.es\/trineodeviento\/wp-json\/wp\/v2\/types\/post"}],"author":[{"embeddable":true,"href":"https:\/\/tierraspolares.es\/trineodeviento\/wp-json\/wp\/v2\/users\/1"}],"replies":[{"embeddable":true,"href":"https:\/\/tierraspolares.es\/trineodeviento\/wp-json\/wp\/v2\/comments?post=1134"}],"version-history":[{"count":0,"href":"https:\/\/tierraspolares.es\/trineodeviento\/wp-json\/wp\/v2\/posts\/1134\/revisions"}],"wp:featuredmedia":[{"embeddable":true,"href":"https:\/\/tierraspolares.es\/trineodeviento\/wp-json\/"}],"wp:attachment":[{"href":"https:\/\/tierraspolares.es\/trineodeviento\/wp-json\/wp\/v2\/media?parent=1134"}],"wp:term":[{"taxonomy":"category","embeddable":true,"href":"https:\/\/tierraspolares.es\/trineodeviento\/wp-json\/wp\/v2\/categories?post=1134"},{"taxonomy":"post_tag","embeddable":true,"href":"https:\/\/tierraspolares.es\/trineodeviento\/wp-json\/wp\/v2\/tags?post=1134"}],"curies":[{"name":"wp","href":"https:\/\/api.w.org\/{rel}","templated":true}]}}