{"id":1837,"date":"2014-07-23T15:07:21","date_gmt":"2014-07-23T13:07:21","guid":{"rendered":"http:\/\/uptobe.es\/tierraspolares\/trineodeviento\/?p=1837"},"modified":"2025-06-05T22:28:04","modified_gmt":"2025-06-05T20:28:04","slug":"in-memorian-por-juan-pablo-albar","status":"publish","type":"post","link":"https:\/\/tierraspolares.es\/trineodeviento\/in-memorian-por-juan-pablo-albar\/","title":{"rendered":"&#8216;In Memoriam&#8217; de Juan Pablo Albar, por Ram\u00f3n Larramendi"},"content":{"rendered":"<div><em><strong>RAM\u00d3N LARRAMENDI\u00a0<\/strong><\/em><\/div>\n<div><\/div>\n<div>La muerte repentina de un amigo lleno de vida y de entusiasmo deja siempre impresionado, anonadado. S\u00fabitamente todos los recuerdos de su presencia, sus bromas, sus gestos, su ir y venir a nuestro lado se agolpan en la cabeza y le ves una y otra vez \u00a0tan lleno de vida que \u00a0parece imposible que se haya ido. \u00a0Juan Pablo Albar \u00a0fue mi compa\u00f1ero en la larga expedici\u00f3n Acciona Windpowered con la que viajamos a la Ant\u00e1rtida a bordo del Trineo de Viento en 2011-2012. Fue el cient\u00edfico responsable de los proyectos que llev\u00e1bamos a bordo.<\/div>\n<div><\/div>\n<div>\u00a0Juntos luchamos, nos re\u00edmos, pasamos mucho fr\u00edo y conversamos interminablemente sobre todo aquello que se nos ven\u00eda a la cabeza. Escuchar a Juan Pablo era lo mismo que tener una enciclopedia a tu alcance en el lugar m\u00e1s inh\u00f3spito de la Tierra. De hablar pausado, entre sus muchas cualidades destacaba su proceder met\u00f3dico, su alto rigor intelectual y sobre todo su humildad absoluta.<\/div>\n<div><\/div>\n<div><\/div>\n<div>Sus opiniones como investigador de primer orden, \u00a0basadas en su visi\u00f3n ecu\u00e1nime sobre el potencial cient\u00edfico del Trineo de Viento, \u00a0han sido claves durante los \u00faltimos a\u00f1os para continuar con el desarrollo de este veh\u00edculo e\u00f3lico y son la base de la fase actual en la que se encuentra el proyecto.<\/div>\n<div><\/div>\n<div><\/div>\n<div>Fue precisamente desde el hielo de Groenlandia, en la \u00faltima expedici\u00f3n que entre mayo y junio nos ha llevado a circunnavegar la isla \u00e1rtica por el hielo, cuando hable por ultima vez con \u00e9l. Ambos nos encontramos a trav\u00e9s de las ondas en un Informativo de RNE 1. Me pregunt\u00f3 entonces, hace poco m\u00e1s de un mes, si las innovaciones que hab\u00edamos incorporado al trineo, y que abren la puerta a una mayor eficiencia, estaban funcionando tal y como esper\u00e1bamos. Fue una gran satisfacci\u00f3n poder decirle que si.<\/div>\n<div>No solo es la perdida de un amigo, el proyecto Trineo de Viento ha perdido una parte fundamental del mismo, y nuestro pa\u00eds se ha quedado sin un cient\u00edfico y un ser humano excepcional, de esos que especialmente en estos momentos hacen mas falta..<\/div>\n","protected":false},"excerpt":{"rendered":"<p>RAM\u00d3N LARRAMENDI\u00a0 La muerte repentina de un amigo lleno de vida y de entusiasmo deja siempre impresionado, anonadado. S\u00fabitamente todos los recuerdos de su presencia, sus bromas, sus gestos, su ir y venir a nuestro lado se agolpan en la cabeza y le ves una y otra vez \u00a0tan lleno de vida que \u00a0parece imposible que se haya ido. \u00a0Juan Pablo Albar \u00a0fue mi compa\u00f1ero en la larga expedici\u00f3n Acciona Windpowered con la que viajamos a la Ant\u00e1rtida a bordo del Trineo de Viento en 2011-2012. Fue el cient\u00edfico responsable de los proyectos que llev\u00e1bamos a bordo. \u00a0Juntos luchamos, nos re\u00edmos, pasamos mucho fr\u00edo y conversamos interminablemente sobre todo aquello que se nos ven\u00eda a la cabeza. Escuchar a Juan Pablo era lo mismo que tener una enciclopedia a tu alcance en el lugar m\u00e1s inh\u00f3spito de la Tierra. De hablar pausado, entre sus muchas cualidades destacaba su proceder met\u00f3dico, su alto rigor intelectual y sobre todo su humildad absoluta. Sus opiniones como investigador de primer orden, \u00a0basadas en su visi\u00f3n ecu\u00e1nime sobre el potencial cient\u00edfico del Trineo de Viento, \u00a0han sido claves durante los \u00faltimos a\u00f1os para continuar con el desarrollo de este veh\u00edculo e\u00f3lico y son la base [&hellip;]<\/p>\n","protected":false},"author":1,"featured_media":1835,"comment_status":"closed","ping_status":"open","sticky":false,"template":"","format":"standard","meta":{"footnotes":""},"categories":[11,25],"tags":[],"class_list":["post-1837","post","type-post","status-publish","format-standard","has-post-thumbnail","hentry","category-noticias-2","category-timeline"],"_links":{"self":[{"href":"https:\/\/tierraspolares.es\/trineodeviento\/wp-json\/wp\/v2\/posts\/1837","targetHints":{"allow":["GET"]}}],"collection":[{"href":"https:\/\/tierraspolares.es\/trineodeviento\/wp-json\/wp\/v2\/posts"}],"about":[{"href":"https:\/\/tierraspolares.es\/trineodeviento\/wp-json\/wp\/v2\/types\/post"}],"author":[{"embeddable":true,"href":"https:\/\/tierraspolares.es\/trineodeviento\/wp-json\/wp\/v2\/users\/1"}],"replies":[{"embeddable":true,"href":"https:\/\/tierraspolares.es\/trineodeviento\/wp-json\/wp\/v2\/comments?post=1837"}],"version-history":[{"count":1,"href":"https:\/\/tierraspolares.es\/trineodeviento\/wp-json\/wp\/v2\/posts\/1837\/revisions"}],"predecessor-version":[{"id":987511627,"href":"https:\/\/tierraspolares.es\/trineodeviento\/wp-json\/wp\/v2\/posts\/1837\/revisions\/987511627"}],"wp:featuredmedia":[{"embeddable":true,"href":"https:\/\/tierraspolares.es\/trineodeviento\/wp-json\/wp\/v2\/media\/1835"}],"wp:attachment":[{"href":"https:\/\/tierraspolares.es\/trineodeviento\/wp-json\/wp\/v2\/media?parent=1837"}],"wp:term":[{"taxonomy":"category","embeddable":true,"href":"https:\/\/tierraspolares.es\/trineodeviento\/wp-json\/wp\/v2\/categories?post=1837"},{"taxonomy":"post_tag","embeddable":true,"href":"https:\/\/tierraspolares.es\/trineodeviento\/wp-json\/wp\/v2\/tags?post=1837"}],"curies":[{"name":"wp","href":"https:\/\/api.w.org\/{rel}","templated":true}]}}