{"id":1873,"date":"2014-10-22T13:34:14","date_gmt":"2014-10-22T11:34:14","guid":{"rendered":"http:\/\/uptobe.es\/tierraspolares\/trineodeviento\/?p=1873"},"modified":"2025-06-05T22:28:04","modified_gmt":"2025-06-05T20:28:04","slug":"ramon-larramendi-protagonista-en-la-semana-internacional-de-montana","status":"publish","type":"post","link":"https:\/\/tierraspolares.es\/trineodeviento\/ramon-larramendi-protagonista-en-la-semana-internacional-de-montana\/","title":{"rendered":"Ram\u00f3n Larramendi, protagonista en la Semana Internacional de Monta\u00f1a"},"content":{"rendered":"<p>El explorador polar <a href=\"http:\/\/tierraspolares.es\/\/tierraspolares\/trineodeviento\/ramon-h-larramendi\/\"><strong>Ram\u00f3n Larramendi<\/strong><\/a>, director y promotor del <a href=\"http:\/\/tierraspolares.es\/\/tierraspolares\/trineodeviento\/proyecto-cientifico\/\">Proyecto Trineo de Viento<\/a>, ser\u00e1 uno de los protagonistas de la 37\u00ba edici\u00f3n de la\u00a0<strong>Semana Internacional de Monta\u00f1a<\/strong>, que entre los d\u00edas 10 y 14 de noviembre se celebra en Gij\u00f3n. <strong>Larramendi<\/strong>, reci\u00e9n llegado de Groenlandia, ofrecer\u00e1 una conferencia sobre \u00abExploraciones polares\u00bb en la que hablar\u00e1 de su \u00faltima gran expedici\u00f3n en la isla del \u00c1rtico.<\/p>\n<p>La Semana Internacional de Monta\u00f1a re\u00fane un a\u00f1o m\u00e1s, durante cinco d\u00edas, a algunos de los monta\u00f1eros y exploradores m\u00e1s importantes del panorama mundial en el Teatro Jovellanos de la localidad asturiana.<\/p>\n<p>En esta edici\u00f3n, <strong>Larramendi<\/strong> ha sido invitado a participar despu\u00e9s de culminar con \u00e9xito, el pasado mes de junio, la <a href=\"http:\/\/tierraspolares.es\/\/tierraspolares\/trineodeviento\/final-con-record-427-kilometros-en-una-etapa\/\">I Circunnavegaci\u00f3n de Groenlandia en el Trineo de Viento<\/a>, un veh\u00edculo e\u00f3lico capaz de transportar tonelada y media de peso con el que el explorador y su equipo recorrieron 4.300 kil\u00f3metros en 49 d\u00edas y realizaron diversos proyectos cient\u00edficos. Su conferencia sobre la aventura est\u00e1 programada para el <strong>d\u00eda 11 de noviembre, \u00a0a las 20 horas en el Teatro Jovellanos<\/strong>. Antes, atender\u00e1 a los medios de comunicaci\u00f3n en la Agrupaci\u00f3n Monta\u00f1era Astur Torrecedo.<\/p>\n<p>Junto al explorador, tambi\u00e9n est\u00e1n invitados a participar conocidos personajes relacionados con el monta\u00f1ismo. As\u00ed, el d\u00eda 10, inaugura el evento el director de cine\u00a0<strong>Alistair Lee<\/strong>, que presenta su \u00faltima pel\u00edcula <em>The last great climb<\/em><span class=\"ft3\">, un espectacular film de alpinismo que gan\u00f3 el Premio a la Mejor Pel\u00edcula de Escalada\u00a0<\/span>\u00a0en el Festival de cine de monta\u00f1a de Banff 2013 (Canad\u00e1). El mi\u00e9rcoles 12 es el d\u00eda del polaco\u00a0<strong>Adam Bielecki<\/strong>, que con 17 a\u00f1os se convirti\u00f3 en el el alpinista m\u00e1s joven en subir al Khan Tengri (7.010 m) en estilo alpino. Con apenas 30 a\u00f1os, ha llegado a la cima de cuatro ocho-miles.<\/p>\n<p>El jueves d\u00eda 13 de noviembre subir\u00e1 a escena el espa\u00f1ol <strong>Luis Alberto Hernando<\/strong>, considerado uno de los m\u00e1s completos corredores del mundo y un gran atleta de monta\u00f1a. El viernes 14, <strong>Salvi Mu\u00f1oz Gonz\u00e1lez<\/strong> pone fin al ciclo con una conferencia sobre rescates de alta monta\u00f1a, donde explicar\u00e1 su experiencia dentro del\u00a0Grupo de Rescate e Intervenci\u00f3n de Monta\u00f1a de la Guardia Civil en Cangas de On\u00eds.<\/p>\n<p>La Semana Internacional pretende acercar a los aficionados el mundo de la monta\u00f1a en todas sus facetas: escalada en roca, hielo y mixto, grandes paredes, ascensiones a gran altura y expediciones, naturistas, historiadores de la monta\u00f1a, las distintas cordilleras de la tierra, todo ello tiene cabida en este certamen.<\/p>\n<p><strong>CONFERENCIA DE RAM\u00d3N LARRAMENDI:\u00a0<\/strong><\/p>\n<p><strong>Lugar<\/strong>: Teatro Jovellanos de Gij\u00f3n (Calle Cabrales, 82)<\/p>\n<p><strong>D\u00eda<\/strong>: 11 de noviembre<\/p>\n<p><strong>Hora<\/strong>: 20.oo horas<\/p>\n<p>&nbsp;<\/p>\n<p>&nbsp;<\/p>\n<p>&nbsp;<\/p>\n","protected":false},"excerpt":{"rendered":"<p>El explorador polar Ram\u00f3n Larramendi, director y promotor del Proyecto Trineo de Viento, ser\u00e1 uno de los protagonistas de la 37\u00ba edici\u00f3n de la\u00a0Semana Internacional de Monta\u00f1a, que entre los d\u00edas 10 y 14 de noviembre se celebra en Gij\u00f3n. Larramendi, reci\u00e9n llegado de Groenlandia, ofrecer\u00e1 una conferencia sobre \u00abExploraciones polares\u00bb en la que hablar\u00e1 de su \u00faltima gran expedici\u00f3n en la isla del \u00c1rtico. La Semana Internacional de Monta\u00f1a re\u00fane un a\u00f1o m\u00e1s, durante cinco d\u00edas, a algunos de los monta\u00f1eros y exploradores m\u00e1s importantes del panorama mundial en el Teatro Jovellanos de la localidad asturiana. En esta edici\u00f3n, Larramendi ha sido invitado a participar despu\u00e9s de culminar con \u00e9xito, el pasado mes de junio, la I Circunnavegaci\u00f3n de Groenlandia en el Trineo de Viento, un veh\u00edculo e\u00f3lico capaz de transportar tonelada y media de peso con el que el explorador y su equipo recorrieron 4.300 kil\u00f3metros en 49 d\u00edas y realizaron diversos proyectos cient\u00edficos. Su conferencia sobre la aventura est\u00e1 programada para el d\u00eda 11 de noviembre, \u00a0a las 20 horas en el Teatro Jovellanos. Antes, atender\u00e1 a los medios de comunicaci\u00f3n en la Agrupaci\u00f3n Monta\u00f1era Astur Torrecedo. Junto al explorador, tambi\u00e9n est\u00e1n invitados a participar conocidos personajes [&hellip;]<\/p>\n","protected":false},"author":1,"featured_media":1883,"comment_status":"closed","ping_status":"open","sticky":false,"template":"","format":"standard","meta":{"footnotes":""},"categories":[14,11],"tags":[31,10,30,32],"class_list":["post-1873","post","type-post","status-publish","format-standard","has-post-thumbnail","hentry","category-hemeroteca","category-noticias-2","tag-agenda","tag-conferencias","tag-ramon-larramendi","tag-semana-internacional-de-montana"],"_links":{"self":[{"href":"https:\/\/tierraspolares.es\/trineodeviento\/wp-json\/wp\/v2\/posts\/1873","targetHints":{"allow":["GET"]}}],"collection":[{"href":"https:\/\/tierraspolares.es\/trineodeviento\/wp-json\/wp\/v2\/posts"}],"about":[{"href":"https:\/\/tierraspolares.es\/trineodeviento\/wp-json\/wp\/v2\/types\/post"}],"author":[{"embeddable":true,"href":"https:\/\/tierraspolares.es\/trineodeviento\/wp-json\/wp\/v2\/users\/1"}],"replies":[{"embeddable":true,"href":"https:\/\/tierraspolares.es\/trineodeviento\/wp-json\/wp\/v2\/comments?post=1873"}],"version-history":[{"count":1,"href":"https:\/\/tierraspolares.es\/trineodeviento\/wp-json\/wp\/v2\/posts\/1873\/revisions"}],"predecessor-version":[{"id":987511625,"href":"https:\/\/tierraspolares.es\/trineodeviento\/wp-json\/wp\/v2\/posts\/1873\/revisions\/987511625"}],"wp:featuredmedia":[{"embeddable":true,"href":"https:\/\/tierraspolares.es\/trineodeviento\/wp-json\/wp\/v2\/media\/1883"}],"wp:attachment":[{"href":"https:\/\/tierraspolares.es\/trineodeviento\/wp-json\/wp\/v2\/media?parent=1873"}],"wp:term":[{"taxonomy":"category","embeddable":true,"href":"https:\/\/tierraspolares.es\/trineodeviento\/wp-json\/wp\/v2\/categories?post=1873"},{"taxonomy":"post_tag","embeddable":true,"href":"https:\/\/tierraspolares.es\/trineodeviento\/wp-json\/wp\/v2\/tags?post=1873"}],"curies":[{"name":"wp","href":"https:\/\/api.w.org\/{rel}","templated":true}]}}