{"id":1914,"date":"2014-11-12T19:30:22","date_gmt":"2014-11-12T18:30:22","guid":{"rendered":"http:\/\/uptobe.es\/tierraspolares\/trineodeviento\/?p=1914"},"modified":"2025-06-05T22:28:04","modified_gmt":"2025-06-05T20:28:04","slug":"gran-exito-en-gijon-del-trineo-de-viento","status":"publish","type":"post","link":"https:\/\/tierraspolares.es\/trineodeviento\/gran-exito-en-gijon-del-trineo-de-viento\/","title":{"rendered":"Gran \u00e9xito en Gij\u00f3n del proyecto Trineo de Viento"},"content":{"rendered":"<p>El Teatro Jovellanos de la ciudad de Gij\u00f3n acogi\u00f3 ayer al explorador polar<a href=\"http:\/\/tierraspolares.es\/\/tierraspolares\/trineodeviento\/ramon-h-larramendi\/\"> Ram\u00f3n Larramendi<\/a>\u00a0con su aforo pr\u00e1cticamente al completo. El\u00a0promotor del proyecto Trineo de Viento participaba en la <a href=\"http:\/\/tierraspolares.es\/\/tierraspolares\/trineodeviento\/wp-content\/uploads\/2014\/11\/FOLLETO-SIM-2014-1.pdf\">Semana Internacional de Monta\u00f1a <\/a>2014<a href=\"file:\/\/\/C:\/Users\/Rosa\/Downloads\/FOLLETO%20SIM%202014%20(1).pdf\">\u00a0<\/a>que se celebra esta semana su 37 edici\u00f3n en la ciudad asturiana. M\u00e1s de 400 personas acudieron al evento, en el que Larramendi habl\u00f3 de sus expediciones al \u00c1rtico y a la Ant\u00e1rtida y de este veh\u00edculo e\u00f3lico, cuyo objetivo es ser \u00fatil para la investigaci\u00f3n cient\u00edfica en los territorios polares.<\/p>\n<p>Antes de la conferencia, el explorador tuvo ocasi\u00f3n de atender a diferentes medios de comunicaci\u00f3n, en los que ya adelant\u00f3 algunos de sus futuros planes expedicionarios en la Ant\u00e1rtida para finales de 2015. Durante el evento, que abr\u00eda <a href=\"http:\/\/tierraspolares.es\/\/tierraspolares\/trineodeviento\/ramon-larramendi-protagonista-en-la-semana-internacional-de-montana\/\">las conferencias de la SIM37 2014<\/a>, tuvo ocasi\u00f3n de responder a muchas preguntas de los asistentes, especialmente interesados en cuestiones t\u00e9cnicas relacionadas con el <a href=\"http:\/\/tierraspolares.es\/\/tierraspolares\/trineodeviento\/el-trineo-de-viento\/\">Trineo de Viento<\/a>, as\u00ed como en detalles de su \u00faltima expedici\u00f3n, la<a href=\"http:\/\/tierraspolares.es\/\/tierraspolares\/trineodeviento\/circunnavegacion-groenlandia-2014\/\"> 1\u00aa Circunnavegaci\u00f3n a Groenlandia<\/a>, realizada la pasada primavera a bordo de este veh\u00edculo no contaminante.<\/p>\n<blockquote><p>\u00abEstoy gratamente sorprendido por el inter\u00e9s de los asturianos en mis expediciones y proyectos. No s\u00f3lo tienen una gran curiosidad por el veh\u00edculo y las expediciones, sino que tambi\u00e9n por la cultura inuit y la situaci\u00f3n de Groenlandia. Han sido dos horas muy intensas y estoy muy agradecido por la acogida. Esperemos que Espa\u00f1a alg\u00fan d\u00eda se aproveche de las posibilidades que ofrece el Trineo de Viento para estar m\u00e1s presente en unos territorios en los que es preciso seguir investigando\u00bb, se\u00f1alaba el explorador al t\u00e9rmino del acto.<\/p>\n<div id=\"attachment_1917\" style=\"width: 1034px\" class=\"wp-caption aligncenter\"><a href=\"http:\/\/tierraspolares.es\/\/tierraspolares\/trineodeviento\/wp-content\/uploads\/2014\/11\/IMG-20141112-WA0000-1.jpg\"><img fetchpriority=\"high\" decoding=\"async\" aria-describedby=\"caption-attachment-1917\" class=\"size-large wp-image-1917\" src=\"http:\/\/tierraspolares.es\/\/tierraspolares\/trineodeviento\/wp-content\/uploads\/2014\/11\/IMG-20141112-WA0000-1-1024x576.jpg\" alt=\"Larramendi con Carlos Su\u00e1rez (centro) y Adam Bielecki (derecha).\" width=\"1024\" height=\"576\" srcset=\"https:\/\/tierraspolares.es\/trineodeviento\/wp-content\/uploads\/2014\/11\/IMG-20141112-WA0000-1-1024x576.jpg 1024w, https:\/\/tierraspolares.es\/trineodeviento\/wp-content\/uploads\/2014\/11\/IMG-20141112-WA0000-1-300x169.jpg 300w, https:\/\/tierraspolares.es\/trineodeviento\/wp-content\/uploads\/2014\/11\/IMG-20141112-WA0000-1-768x432.jpg 768w, https:\/\/tierraspolares.es\/trineodeviento\/wp-content\/uploads\/2014\/11\/IMG-20141112-WA0000-1-1000x563.jpg 1000w, https:\/\/tierraspolares.es\/trineodeviento\/wp-content\/uploads\/2014\/11\/IMG-20141112-WA0000-1.jpg 1032w\" sizes=\"(max-width: 1024px) 100vw, 1024px\" \/><\/a><p id=\"caption-attachment-1917\" class=\"wp-caption-text\">Larramendi con Carlos Su\u00e1rez (centro) y Adam Bielecki (derecha).<\/p><\/div><\/blockquote>\n<p>La Semana Internacional de Monta\u00f1a, que contin\u00faa, cuenta tambi\u00e9n con la presencia del alpinista polaco Adam Bielecki y del escalador espa\u00f1ol Carlos Suarez. Ambos estuvieron tambi\u00e9n presentes en la conferencia de Larramendi. Bielecki es conocido en el mundo del monta\u00f1ismo por dedicarse al llamado \u00abochomilismo invernal\u00bb, el m\u00e1s arriesgado que existe. al igual que Larramendi en la Ant\u00e1rtida, tambi\u00e9n Bielecki ha experimentado lo que es estar a 50\u00baC bajo cero, pero en lo m\u00e1s alto del planeta. En estos momentos prepara su pr\u00f3ximo y dur\u00edsimo reto: alcanzar la cumbre del K2 en invierno, una monta\u00f1a que se queda con la vida del 50% de los que intentan subirla.<\/p>\n<p>Por su parte, Carlos Su\u00e1rez, que no participa como ponente en las jornadas, pero si como asistente, coment\u00f3 a Larramendi su inter\u00e9s en escalar los fiordos del sur de Groenlandia. Su\u00e1rez es, asimismo, experto en salto BASE (que se realiza con trajes con alas), un deporte de alto riesgo que ya se ha cobrado varias vidas. En junio de este a\u00f1o, falleci\u00f3 su gran amigo Dar\u00edo Barrio durante una exhibici\u00f3n de esta actividad, mientras que el a\u00f1o anterior, en 2012, en Groenlandia, tambi\u00e9n perdi\u00f3 la vida Alvaro Bult\u00f3 .<\/p>\n<p>&nbsp;<\/p>\n","protected":false},"excerpt":{"rendered":"<p>El Teatro Jovellanos de la ciudad de Gij\u00f3n acogi\u00f3 ayer al explorador polar Ram\u00f3n Larramendi\u00a0con su aforo pr\u00e1cticamente al completo. El\u00a0promotor del proyecto Trineo de Viento participaba en la Semana Internacional de Monta\u00f1a 2014\u00a0que se celebra esta semana su 37 edici\u00f3n en la ciudad asturiana. M\u00e1s de 400 personas acudieron al evento, en el que Larramendi habl\u00f3 de sus expediciones al \u00c1rtico y a la Ant\u00e1rtida y de este veh\u00edculo e\u00f3lico, cuyo objetivo es ser \u00fatil para la investigaci\u00f3n cient\u00edfica en los territorios polares. Antes de la conferencia, el explorador tuvo ocasi\u00f3n de atender a diferentes medios de comunicaci\u00f3n, en los que ya adelant\u00f3 algunos de sus futuros planes expedicionarios en la Ant\u00e1rtida para finales de 2015. Durante el evento, que abr\u00eda las conferencias de la SIM37 2014, tuvo ocasi\u00f3n de responder a muchas preguntas de los asistentes, especialmente interesados en cuestiones t\u00e9cnicas relacionadas con el Trineo de Viento, as\u00ed como en detalles de su \u00faltima expedici\u00f3n, la 1\u00aa Circunnavegaci\u00f3n a Groenlandia, realizada la pasada primavera a bordo de este veh\u00edculo no contaminante. \u00abEstoy gratamente sorprendido por el inter\u00e9s de los asturianos en mis expediciones y proyectos. No s\u00f3lo tienen una gran curiosidad por el veh\u00edculo y las expediciones, sino [&hellip;]<\/p>\n","protected":false},"author":1,"featured_media":1915,"comment_status":"closed","ping_status":"open","sticky":false,"template":"","format":"standard","meta":{"footnotes":""},"categories":[14,11],"tags":[39,40,32,41],"class_list":["post-1914","post","type-post","status-publish","format-standard","has-post-thumbnail","hentry","category-hemeroteca","category-noticias-2","tag-conferencia","tag-gijon","tag-semana-internacional-de-montana","tag-trineo-de-viento"],"_links":{"self":[{"href":"https:\/\/tierraspolares.es\/trineodeviento\/wp-json\/wp\/v2\/posts\/1914","targetHints":{"allow":["GET"]}}],"collection":[{"href":"https:\/\/tierraspolares.es\/trineodeviento\/wp-json\/wp\/v2\/posts"}],"about":[{"href":"https:\/\/tierraspolares.es\/trineodeviento\/wp-json\/wp\/v2\/types\/post"}],"author":[{"embeddable":true,"href":"https:\/\/tierraspolares.es\/trineodeviento\/wp-json\/wp\/v2\/users\/1"}],"replies":[{"embeddable":true,"href":"https:\/\/tierraspolares.es\/trineodeviento\/wp-json\/wp\/v2\/comments?post=1914"}],"version-history":[{"count":1,"href":"https:\/\/tierraspolares.es\/trineodeviento\/wp-json\/wp\/v2\/posts\/1914\/revisions"}],"predecessor-version":[{"id":987511620,"href":"https:\/\/tierraspolares.es\/trineodeviento\/wp-json\/wp\/v2\/posts\/1914\/revisions\/987511620"}],"wp:featuredmedia":[{"embeddable":true,"href":"https:\/\/tierraspolares.es\/trineodeviento\/wp-json\/wp\/v2\/media\/1915"}],"wp:attachment":[{"href":"https:\/\/tierraspolares.es\/trineodeviento\/wp-json\/wp\/v2\/media?parent=1914"}],"wp:term":[{"taxonomy":"category","embeddable":true,"href":"https:\/\/tierraspolares.es\/trineodeviento\/wp-json\/wp\/v2\/categories?post=1914"},{"taxonomy":"post_tag","embeddable":true,"href":"https:\/\/tierraspolares.es\/trineodeviento\/wp-json\/wp\/v2\/tags?post=1914"}],"curies":[{"name":"wp","href":"https:\/\/api.w.org\/{rel}","templated":true}]}}