{"id":1935,"date":"2014-11-18T19:42:08","date_gmt":"2014-11-18T18:42:08","guid":{"rendered":"http:\/\/uptobe.es\/tierraspolares\/trineodeviento\/?p=1935"},"modified":"2025-06-05T22:28:04","modified_gmt":"2025-06-05T20:28:04","slug":"la-antartida-a-debate-entre-un-explorador-y-una-cientifica","status":"publish","type":"post","link":"https:\/\/tierraspolares.es\/trineodeviento\/la-antartida-a-debate-entre-un-explorador-y-una-cientifica\/","title":{"rendered":"La Ant\u00e1rtida en un debate entre un explorador y una cient\u00edfica"},"content":{"rendered":"<p>\u00abEl transporte en la Ant\u00e1rtida es un problema no resuelto y el <a href=\"http:\/\/tierraspolares.es\/\/tierraspolares\/trineodeviento\/proyecto-cientifico\/\">Trineo de Viento<\/a> es el \u00fanico sistema del mundo que ofrece una alternativa que puede ser utilizada para la investigaci\u00f3n, que es ecol\u00f3gica y adem\u00e1s resulta econ\u00f3mica\u00bb. Con estas palabras defin\u00eda <a href=\"http:\/\/tierraspolares.es\/\/tierraspolares\/trineodeviento\/ramon-h-larramendi\/\">Ram\u00f3n Larramendi<\/a> su proyecto en el programa <a href=\"http:\/\/www.rtve.es\/television\/para-todos-la-2\/\">&#8216;Para Todos La 2&#8217;<\/a> de la cadena p\u00fablica, donde ha participado en una mesa de debate que ha compartido con la ocean\u00f3grafa Josefina Castellv\u00ed, que fue la primer mujer espa\u00f1ola en dirigir una base cient\u00edfica en la Ant\u00e1rtida, y la presentadora Marta C\u00e1ceres.<\/p>\n<div style=\"width: 100%; padding-top: 64%; position: relative; border-bottom: 1px solid #aaa; display: inline-block; background: rgba(255,255,255,0.9);\">\n<p><iframe style=\"width: 100%; height: 90%; position: absolute; left: 0; top: 0; overflow: hidden;\" data-src=\"http:\/\/www.rtve.es\/drmn\/embed\/video\/2864825\" name=\"La Ant\u00e1rtida\" width=\"300\" height=\"150\" frameborder=\"0\" scrolling=\"no\" src=\"data:image\/svg+xml;base64,PHN2ZyB3aWR0aD0iMSIgaGVpZ2h0PSIxIiB4bWxucz0iaHR0cDovL3d3dy53My5vcmcvMjAwMC9zdmciPjwvc3ZnPg==\" class=\"lazyload\" data-load-mode=\"1\"><\/iframe><\/p>\n<div style=\"position: absolute; bottom: 0; left: 0; font-family: arial,helvetica,sans-serif; font-size: 12px; line-height: 1.833; display: inline-block; padding: 5px 0 5px 10px;\"><span style=\"float: left; margin-right: 10px;\"><img decoding=\"async\" style=\"height: 20px; width: auto; background: transparent; padding: 0; margin: 0;\" data-src=\"http:\/\/img.irtve.es\/css\/rtve.commons\/rtve.header.footer\/i\/logoRTVEes.png\" alt=\"\" src=\"data:image\/svg+xml;base64,PHN2ZyB3aWR0aD0iMSIgaGVpZ2h0PSIxIiB4bWxucz0iaHR0cDovL3d3dy53My5vcmcvMjAwMC9zdmciPjwvc3ZnPg==\" class=\"lazyload\" \/><\/span> <a style=\"color: #333; font-weight: bold;\" title=\"La Ant\u00e1rtida\" href=\"http:\/\/www.rtve.es\/alacarta\/videos\/para-todos-la-2\/para-todos-2-debate-antartida\/2864825\/\"><strong>La Ant\u00e1rtida<\/strong><\/a><\/div>\n<\/div>\n<p>El programa quer\u00eda recordar con sus invitados la odisea del explorador brit\u00e1nico Ernest Shackleton a bordo del &#8216;Endurance&#8217;, cuando se cumplen los 100 a\u00f1os de una aventura que dej\u00f3 a un grupo de hombres aislados m\u00e1s de dos a\u00f1os en el continente helado. Mientras Castellv\u00ed hizo hincapi\u00e9 en la personalidad de Shackleton, que propici\u00f3 la supervivencia de todos, Larramendi destacaba el coraje que demostraron \u00abal adentrarse en la nada y afrontar todas las calamidades totalmente aislados, sin ninguna posibilidad de comunicarse con el exterior\u00bb.<\/p>\n<p>&nbsp;<\/p>\n<p>Tanto la cient\u00edfica como el explorador se\u00f1alaron lo poco conscientes que es la sociedad del valor que tiene la Ant\u00e1rtida y de lo mucho que queda por descubrir. \u00abSon 4.000 metros de espesor del hielo que recogen 800.000 a\u00f1os de historia de la Tierra\u00bb, afirm\u00f3 Castellv\u00ed, que explic\u00f3 a continuaci\u00f3n c\u00f3mo el hiel,o al compactarse, \u00a0se ha llenado de burbujas de aire que contienen la atm\u00f3sfera de ese pasado y que ahora se pueden recuperarse para estudiar su composici\u00f3n, algo imposible en ning\u00fan otro lugar del planeta.<\/p>\n<p>&nbsp;<\/p>\n<p><a href=\"http:\/\/tierraspolares.es\/\/tierraspolares\/trineodeviento\/wp-content\/uploads\/2014\/11\/20141118_132906.jpg\"><img fetchpriority=\"high\" decoding=\"async\" class=\"alignleft size-medium wp-image-1930\" src=\"http:\/\/tierraspolares.es\/\/tierraspolares\/trineodeviento\/wp-content\/uploads\/2014\/11\/20141118_132906-300x180.jpg\" alt=\"20141118_132906\" width=\"300\" height=\"180\" srcset=\"https:\/\/tierraspolares.es\/trineodeviento\/wp-content\/uploads\/2014\/11\/20141118_132906-300x180.jpg 300w, https:\/\/tierraspolares.es\/trineodeviento\/wp-content\/uploads\/2014\/11\/20141118_132906-1024x616.jpg 1024w, https:\/\/tierraspolares.es\/trineodeviento\/wp-content\/uploads\/2014\/11\/20141118_132906-768x462.jpg 768w, https:\/\/tierraspolares.es\/trineodeviento\/wp-content\/uploads\/2014\/11\/20141118_132906-1536x924.jpg 1536w, https:\/\/tierraspolares.es\/trineodeviento\/wp-content\/uploads\/2014\/11\/20141118_132906.jpg 2048w\" sizes=\"(max-width: 300px) 100vw, 300px\" \/><\/a>Reconoci\u00f3 que el problema es \u00a0que \u00abes muy dif\u00edcil trabajar all\u00ed, porque falta log\u00edstica para moverse\u00bb y tambi\u00e9n \u00abporque las expediciones son muy caras\u00bb. Esta es precisamente la raz\u00f3n que impuls\u00f3 a Larramend a dise\u00f1ar el Trineo de Viento. \u00abPart\u00ed de la idea de que era posible navegar por el hielo, algo que ya Robert Scott intent\u00f3, \u00a0y que he conseguido tras 14 a\u00f1os\u00bb, explic\u00f3.<\/p>\n<p>Castellv\u00ed, por su parte, reconoci\u00f3 que \u00abes un sue\u00f1o contar con un medio de transporte ecol\u00f3gico como el que ha dise\u00f1ado Ram\u00f3n\u00bb porque el trabajo por hacer es mucho en ese continente. \u00abNosotros hemos descrito m\u00e1s de 100 especies nuevas, pero hay muchas por conocer\u00bb.<\/p>\n<p>Respecto a la colaboraci\u00f3n de cient\u00edficos y exploradores, Ram\u00f3n Larramendi record\u00f3 que \u00abhubo un origen com\u00fan porque las primeras expediciones a la Ant\u00e1rtida aunaban ambos objetivos, pero despu\u00e9s se alejaron y ahora est\u00e1n en compartimentos estancos\u00bb. En su trayectoria como explorador, ha tratado de reunir aventura y ciencia de nuevo. Por su parte, la ocean\u00f3grafa coment\u00f3 que todav\u00eda hoy \u00a0\u00abpara ir a la Ant\u00e1rtida hay que ser aventureros\u00bb<\/p>\n","protected":false},"excerpt":{"rendered":"<p>\u00abEl transporte en la Ant\u00e1rtida es un problema no resuelto y el Trineo de Viento es el \u00fanico sistema del mundo que ofrece una alternativa que puede ser utilizada para la investigaci\u00f3n, que es ecol\u00f3gica y adem\u00e1s resulta econ\u00f3mica\u00bb. Con estas palabras defin\u00eda Ram\u00f3n Larramendi su proyecto en el programa &#8216;Para Todos La 2&#8217; de la cadena p\u00fablica, donde ha participado en una mesa de debate que ha compartido con la ocean\u00f3grafa Josefina Castellv\u00ed, que fue la primer mujer espa\u00f1ola en dirigir una base cient\u00edfica en la Ant\u00e1rtida, y la presentadora Marta C\u00e1ceres. La Ant\u00e1rtida El programa quer\u00eda recordar con sus invitados la odisea del explorador brit\u00e1nico Ernest Shackleton a bordo del &#8216;Endurance&#8217;, cuando se cumplen los 100 a\u00f1os de una aventura que dej\u00f3 a un grupo de hombres aislados m\u00e1s de dos a\u00f1os en el continente helado. Mientras Castellv\u00ed hizo hincapi\u00e9 en la personalidad de Shackleton, que propici\u00f3 la supervivencia de todos, Larramendi destacaba el coraje que demostraron \u00abal adentrarse en la nada y afrontar todas las calamidades totalmente aislados, sin ninguna posibilidad de comunicarse con el exterior\u00bb. &nbsp; Tanto la cient\u00edfica como el explorador se\u00f1alaron lo poco conscientes que es la sociedad del valor que tiene la Ant\u00e1rtida [&hellip;]<\/p>\n","protected":false},"author":1,"featured_media":1939,"comment_status":"closed","ping_status":"open","sticky":false,"template":"","format":"standard","meta":{"footnotes":""},"categories":[14,11],"tags":[],"class_list":["post-1935","post","type-post","status-publish","format-standard","has-post-thumbnail","hentry","category-hemeroteca","category-noticias-2"],"_links":{"self":[{"href":"https:\/\/tierraspolares.es\/trineodeviento\/wp-json\/wp\/v2\/posts\/1935","targetHints":{"allow":["GET"]}}],"collection":[{"href":"https:\/\/tierraspolares.es\/trineodeviento\/wp-json\/wp\/v2\/posts"}],"about":[{"href":"https:\/\/tierraspolares.es\/trineodeviento\/wp-json\/wp\/v2\/types\/post"}],"author":[{"embeddable":true,"href":"https:\/\/tierraspolares.es\/trineodeviento\/wp-json\/wp\/v2\/users\/1"}],"replies":[{"embeddable":true,"href":"https:\/\/tierraspolares.es\/trineodeviento\/wp-json\/wp\/v2\/comments?post=1935"}],"version-history":[{"count":1,"href":"https:\/\/tierraspolares.es\/trineodeviento\/wp-json\/wp\/v2\/posts\/1935\/revisions"}],"predecessor-version":[{"id":987511619,"href":"https:\/\/tierraspolares.es\/trineodeviento\/wp-json\/wp\/v2\/posts\/1935\/revisions\/987511619"}],"wp:featuredmedia":[{"embeddable":true,"href":"https:\/\/tierraspolares.es\/trineodeviento\/wp-json\/wp\/v2\/media\/1939"}],"wp:attachment":[{"href":"https:\/\/tierraspolares.es\/trineodeviento\/wp-json\/wp\/v2\/media?parent=1935"}],"wp:term":[{"taxonomy":"category","embeddable":true,"href":"https:\/\/tierraspolares.es\/trineodeviento\/wp-json\/wp\/v2\/categories?post=1935"},{"taxonomy":"post_tag","embeddable":true,"href":"https:\/\/tierraspolares.es\/trineodeviento\/wp-json\/wp\/v2\/tags?post=1935"}],"curies":[{"name":"wp","href":"https:\/\/api.w.org\/{rel}","templated":true}]}}