{"id":2002,"date":"2014-12-03T00:11:30","date_gmt":"2014-12-02T23:11:30","guid":{"rendered":"http:\/\/uptobe.es\/tierraspolares\/trineodeviento\/?p=2002"},"modified":"2025-06-05T22:28:03","modified_gmt":"2025-06-05T20:28:03","slug":"3-024-000-de-segundos-con-juan-pablo-albar-en-la-antartida","status":"publish","type":"post","link":"https:\/\/tierraspolares.es\/trineodeviento\/3-024-000-de-segundos-con-juan-pablo-albar-en-la-antartida\/","title":{"rendered":"3.024.000 segundos con Juan Pablo Albar en la Ant\u00e1rtida"},"content":{"rendered":"<p><strong>Acto de homenaje al cient\u00edfico Juan Pablo Albar, miembro del equipo del Trineo de Viento en la expedici\u00f3n Acciona Ant\u00e1rtica 2011-2012.<\/strong><\/p>\n<p>\u00abLa muerte de Juan Pablo Albar fue como un portazo en la vida. Y dej\u00f3 atr\u00e1s una habitaci\u00f3n llena de recuerdos, de an\u00e9cdotas, de personas. Juntos pasamos 3.024.000 segundos, en la expedici\u00f3n Acciona Ant\u00e1rtida. No me equivoqu\u00e9 al elegirle como miembro del equipo. Pasamos 40 d\u00edas en cuatro metros cuadrados. \u00c9l era el cient\u00edfico organizado, yo todo lo contrario. Y discut\u00edamos, lo que sorprend\u00eda a Ram\u00f3n Larramendi y a Ignacio Oficialdegui, los otros miembros de la expedici\u00f3n, pero esas fricciones eran s\u00edntomas del cari\u00f1o que nos un\u00eda\u00bb. Con estas palabras el fot\u00f3grafo y expedicionario \u00a0Javier Selva, miembro del equipo del Trineo de Viento rindi\u00f3 ayer su personal homenaje al cient\u00edfico y explorador espa\u00f1ol, fallecido el pasado 19 de julio de 2014.<\/p>\n<div id=\"attachment_2005\" style=\"width: 1034px\" class=\"wp-caption aligncenter\"><a href=\"http:\/\/tierraspolares.es\/\/tierraspolares\/trineodeviento\/wp-content\/uploads\/2014\/12\/selva.jpg\"><img fetchpriority=\"high\" decoding=\"async\" aria-describedby=\"caption-attachment-2005\" class=\"wp-image-2005 size-large\" src=\"http:\/\/tierraspolares.es\/\/tierraspolares\/trineodeviento\/wp-content\/uploads\/2014\/12\/selva-1024x623.jpg\" alt=\"Javier Selva, en el acto de homenaje a Juan Pablo Albar. \" width=\"1024\" height=\"623\" srcset=\"https:\/\/tierraspolares.es\/trineodeviento\/wp-content\/uploads\/2014\/12\/selva-1024x623.jpg 1024w, https:\/\/tierraspolares.es\/trineodeviento\/wp-content\/uploads\/2014\/12\/selva-300x183.jpg 300w, https:\/\/tierraspolares.es\/trineodeviento\/wp-content\/uploads\/2014\/12\/selva-768x467.jpg 768w, https:\/\/tierraspolares.es\/trineodeviento\/wp-content\/uploads\/2014\/12\/selva-1536x935.jpg 1536w, https:\/\/tierraspolares.es\/trineodeviento\/wp-content\/uploads\/2014\/12\/selva-2048x1247.jpg 2048w\" sizes=\"(max-width: 1024px) 100vw, 1024px\" \/><\/a><p id=\"caption-attachment-2005\" class=\"wp-caption-text\">Javier Selva, en el acto de homenaje a Juan Pablo Albar.<\/p><\/div>\n<p>&nbsp;<\/p>\n<p>Su intervenci\u00f3n tuvo lugar durante el acto &#8216;In Memoriam&#8217; organizado por el Centro Nacional de Biotecnolog\u00eda (CNB), un acto al que acudi\u00f3 la secretaria de Estado de Investigaci\u00f3n, Desarrollo e Innovaci\u00f3n, Carmen Vela; el presidente del Consejo Superior de Investigaciones Cient\u00edficas (CSIC), Emilio Lora-Tamayo, la directora del CNB, Carmen Castresana y muchos compa\u00f1eros, colegas, amigos y familiares que quisieron as\u00ed recordar a uno de los m\u00e1s destacados bioqu\u00edmicos del pa\u00eds, adem\u00e1s de monta\u00f1ero, explorador y, sobre todo, compa\u00f1ero.<\/p>\n<p>El sal\u00f3n de actos rebosaba. La primera en intervenir fue Carmen Vela, que destac\u00f3 la val\u00eda cient\u00edfica de Albar, que fue capaz de poner la prote\u00f3mica espa\u00f1ola (el estudio de las prote\u00ednas humanas) en el panorama internacional. Tambi\u00e9n \u00a0destac\u00f3 su relevancia cient\u00edfica Lora-Tamayo y la directora del CNB, donde investig\u00f3 los \u00faltimos a\u00f1os.<\/p>\n<p><a href=\"http:\/\/tierraspolares.es\/\/tierraspolares\/trineodeviento\/wp-content\/uploads\/2014\/12\/salon.jpg\"><img decoding=\"async\" class=\"aligncenter size-large wp-image-2006 lazyload\" data-src=\"http:\/\/tierraspolares.es\/\/tierraspolares\/trineodeviento\/wp-content\/uploads\/2014\/12\/salon-1024x539.jpg\" alt=\"salon\" width=\"1024\" height=\"539\" data-srcset=\"https:\/\/tierraspolares.es\/trineodeviento\/wp-content\/uploads\/2014\/12\/salon-1024x539.jpg 1024w, https:\/\/tierraspolares.es\/trineodeviento\/wp-content\/uploads\/2014\/12\/salon-300x158.jpg 300w, https:\/\/tierraspolares.es\/trineodeviento\/wp-content\/uploads\/2014\/12\/salon-768x404.jpg 768w, https:\/\/tierraspolares.es\/trineodeviento\/wp-content\/uploads\/2014\/12\/salon-1536x809.jpg 1536w, https:\/\/tierraspolares.es\/trineodeviento\/wp-content\/uploads\/2014\/12\/salon-2048x1078.jpg 2048w\" data-sizes=\"(max-width: 1024px) 100vw, 1024px\" src=\"data:image\/svg+xml;base64,PHN2ZyB3aWR0aD0iMSIgaGVpZ2h0PSIxIiB4bWxucz0iaHR0cDovL3d3dy53My5vcmcvMjAwMC9zdmciPjwvc3ZnPg==\" style=\"--smush-placeholder-width: 1024px; --smush-placeholder-aspect-ratio: 1024\/539;\" \/><\/a><\/p>\n<p>Pero fue la segunda parte del acto el m\u00e1s emotivo, el que m\u00e1s supo describir su car\u00e1cter, sus inquietudes, su \u00abentusiasmo por la vida\u00bb, como destac\u00f3 el investigador Alberto Paraleda, que trabaj\u00f3 con \u00e9l muchos a\u00f1os. \u00ab\u00bbEra un hombre de acci\u00f3n, de los que quer\u00edan dejar huella. El primer rasgo de su personalidad era el entusiasmo por todo lo que hac\u00eda. Y no exclu\u00eda a nadie con un buen proyecto, era un l\u00edder natural, incapaz de decir no a cualquier colaboraci\u00f3n o idea. Quer\u00eda participar en todo, y al final convenc\u00eda a todo el equipo con su poder de comunicaci\u00f3n, y lo hac\u00eda en charlas interminables\u00bb, dijo Paraleda.<\/p>\n<p>Tambi\u00e9n intervino Miguel Torres S\u00e1nchez, investigador y director de departamento en el Centro Nacional de Investigaciones Cardiovasculares, uno de sus amigos personales; su tambi\u00e9n colega y amigo Jos\u00e9 A. L\u00f3pez de Castro (Fundaci\u00f3n Jim\u00e9nez D\u00edaz), Crist\u00f3bal Belda (Instituto de Salud Carlos III) y Concha Gil (Universidad Complutense), que hizo un resumen de sus hitos en el \u00e1mbito del Proteoma Humano, ese mapa de las prote\u00ednas en el que Albar embarc\u00f3 a investigadores de este pa\u00eds y por el que pele\u00f3 para que no sucumbiera con los recortes de la crisis econ\u00f3mica.<\/p>\n<p>Albar, gran monta\u00f1ero, desde que lo conoci\u00f3, siempre defendi\u00f3 el proyecto Trineo de Viento, al entender y defender que se puede investigar sin contaminar. Por ello, aunque no particip\u00f3 en la \u00faltima expedici\u00f3n a Groenlandia, la pasada primavera, estuvo en su presentaci\u00f3n como un miembro m\u00e1s del equipo y hasta pocos d\u00edas antes de su fallecimiento, fue portavoz cient\u00edfico de los expedicionarios en los medios de comunicaci\u00f3n que lo requer\u00edan.<\/p>\n<p>&nbsp;<\/p>\n<p>&nbsp;<\/p>\n<p>&nbsp;<\/p>\n<p>&nbsp;<\/p>\n<p>&nbsp;<\/p>\n<p>&nbsp;<\/p>\n","protected":false},"excerpt":{"rendered":"<p>Acto de homenaje al cient\u00edfico Juan Pablo Albar, miembro del equipo del Trineo de Viento en la expedici\u00f3n Acciona Ant\u00e1rtica 2011-2012. \u00abLa muerte de Juan Pablo Albar fue como un portazo en la vida. Y dej\u00f3 atr\u00e1s una habitaci\u00f3n llena de recuerdos, de an\u00e9cdotas, de personas. Juntos pasamos 3.024.000 segundos, en la expedici\u00f3n Acciona Ant\u00e1rtida. No me equivoqu\u00e9 al elegirle como miembro del equipo. Pasamos 40 d\u00edas en cuatro metros cuadrados. \u00c9l era el cient\u00edfico organizado, yo todo lo contrario. Y discut\u00edamos, lo que sorprend\u00eda a Ram\u00f3n Larramendi y a Ignacio Oficialdegui, los otros miembros de la expedici\u00f3n, pero esas fricciones eran s\u00edntomas del cari\u00f1o que nos un\u00eda\u00bb. Con estas palabras el fot\u00f3grafo y expedicionario \u00a0Javier Selva, miembro del equipo del Trineo de Viento rindi\u00f3 ayer su personal homenaje al cient\u00edfico y explorador espa\u00f1ol, fallecido el pasado 19 de julio de 2014. &nbsp; Su intervenci\u00f3n tuvo lugar durante el acto &#8216;In Memoriam&#8217; organizado por el Centro Nacional de Biotecnolog\u00eda (CNB), un acto al que acudi\u00f3 la secretaria de Estado de Investigaci\u00f3n, Desarrollo e Innovaci\u00f3n, Carmen Vela; el presidente del Consejo Superior de Investigaciones Cient\u00edficas (CSIC), Emilio Lora-Tamayo, la directora del CNB, Carmen Castresana y muchos compa\u00f1eros, colegas, amigos y familiares [&hellip;]<\/p>\n","protected":false},"author":1,"featured_media":2004,"comment_status":"closed","ping_status":"open","sticky":false,"template":"","format":"standard","meta":{"footnotes":""},"categories":[14,11],"tags":[43,44,45],"class_list":["post-2002","post","type-post","status-publish","format-standard","has-post-thumbnail","hentry","category-hemeroteca","category-noticias-2","tag-cnb","tag-homenaje","tag-juan-pablo-albar"],"_links":{"self":[{"href":"https:\/\/tierraspolares.es\/trineodeviento\/wp-json\/wp\/v2\/posts\/2002","targetHints":{"allow":["GET"]}}],"collection":[{"href":"https:\/\/tierraspolares.es\/trineodeviento\/wp-json\/wp\/v2\/posts"}],"about":[{"href":"https:\/\/tierraspolares.es\/trineodeviento\/wp-json\/wp\/v2\/types\/post"}],"author":[{"embeddable":true,"href":"https:\/\/tierraspolares.es\/trineodeviento\/wp-json\/wp\/v2\/users\/1"}],"replies":[{"embeddable":true,"href":"https:\/\/tierraspolares.es\/trineodeviento\/wp-json\/wp\/v2\/comments?post=2002"}],"version-history":[{"count":1,"href":"https:\/\/tierraspolares.es\/trineodeviento\/wp-json\/wp\/v2\/posts\/2002\/revisions"}],"predecessor-version":[{"id":987511614,"href":"https:\/\/tierraspolares.es\/trineodeviento\/wp-json\/wp\/v2\/posts\/2002\/revisions\/987511614"}],"wp:featuredmedia":[{"embeddable":true,"href":"https:\/\/tierraspolares.es\/trineodeviento\/wp-json\/wp\/v2\/media\/2004"}],"wp:attachment":[{"href":"https:\/\/tierraspolares.es\/trineodeviento\/wp-json\/wp\/v2\/media?parent=2002"}],"wp:term":[{"taxonomy":"category","embeddable":true,"href":"https:\/\/tierraspolares.es\/trineodeviento\/wp-json\/wp\/v2\/categories?post=2002"},{"taxonomy":"post_tag","embeddable":true,"href":"https:\/\/tierraspolares.es\/trineodeviento\/wp-json\/wp\/v2\/tags?post=2002"}],"curies":[{"name":"wp","href":"https:\/\/api.w.org\/{rel}","templated":true}]}}