{"id":2240,"date":"2016-04-27T10:01:56","date_gmt":"2016-04-27T08:01:56","guid":{"rendered":"http:\/\/uptobe.es\/tierraspolares\/trineodeviento\/?p=2240"},"modified":"2025-06-05T22:28:03","modified_gmt":"2025-06-05T20:28:03","slug":"presentacion-de-la-nueva-expedicion-del-trineo-de-viento-2016","status":"publish","type":"post","link":"https:\/\/tierraspolares.es\/trineodeviento\/presentacion-de-la-nueva-expedicion-del-trineo-de-viento-2016\/","title":{"rendered":"Presentaci\u00f3n de la nueva expedici\u00f3n Groenlandia 2016"},"content":{"rendered":"<p><strong>DIA 5 DE MAYO. A LAS 11.30 HORAS. REAL OBSERVATORIO DE MADRID (Alfonso, XII, n\u00ba 3)<\/strong><\/p>\n<p>El Proyecto Trineo de Viento, el laboratorio m\u00f3vil dise\u00f1ado por el explorador Ram\u00f3n Larramendi para la investigaci\u00f3n polar presenta a los medios de comunicaci\u00f3n, el pr\u00f3ximo 5 de mayo, su pr\u00f3xima aventura cient\u00edfica: la expedici\u00f3n <em>\u00abCumbre de Hielo Groenlandia 2016\u00bb<\/em>, patrocinada por Tierras Polares y la Sociedad Geogr\u00e1fica Espa\u00f1ola.<\/p>\n<p><strong>\u00bfQu\u00e9 se presenta el 5 de mayo?<\/strong><\/p>\n<p>La gran expedici\u00f3n de exploraci\u00f3n cient\u00edfica del 2016. Ese d\u00eda se dar\u00e1n a conocer todos los detalles del nuevo dise\u00f1o del Trineo de Viento (que presenta importantes novedades), de los proyectos cient\u00edficos que se realizar\u00e1n durante la traves\u00eda \u00a0y de la complicada ruta a seguir por los expedicionarios. Estar\u00e1n varios de los expedicionarios, cient\u00edficos espa\u00f1oles y miembros de la Sociedad Geogr\u00e1fica Espa\u00f1ola.<\/p>\n<p><strong>\u00bfPor qu\u00e9 es importante el Proyecto Trineo de Viento?<\/strong><\/p>\n<p>Porque el Proyecto Trineo de Viento es una iniciativa \u00fanica en el mundo. Basada en el veh\u00edculo menos contaminante y con m\u00e1s capacidad de carga que existe para la exploraci\u00f3n en el \u00c1rtico y la Ant\u00e1rtida, lleva en desarrollo 16 a\u00f1os y ha recorrido ya m\u00e1s de 20.000 kil\u00f3metros en siete expediciones polares. Aspira a convertirse en el eje de un programa nacional de investigaci\u00f3n. Es una iniciativa que puede situar a Espa\u00f1a entre los pa\u00edses m\u00e1s innovadores de la ciencia en los Polos.<\/p>\n<p><strong>\u00bfCu\u00e1ndo y d\u00f3nde se presenta?<\/strong><\/p>\n<p>El pr\u00f3ximo <strong>d\u00eda 5 de mayo<\/strong>, jueves, en el Real Observatorio de Madrid, a las <strong>11.30 horas<\/strong>.<\/p>\n<div class=\"mod\" data-md=\"1002\" data-ved=\"0ahUKEwjFnZ_Eq67MAhVHlx4KHYRGCa8QkCkIkwEoAzAU\">\n<div class=\"_eFb\">\n<div class=\"_mr kno-fb-ctx\" data-dtype=\"d3adr\" data-ved=\"0ahUKEwjFnZ_Eq67MAhVHlx4KHYRGCa8QghwIlAEoADAU\"><span class=\"_Xbe\">Calle de Alfonso XII, 3, 28014 Madrid.\u00a0<\/span><\/div>\n<div class=\"_mr kno-fb-ctx\" data-dtype=\"d3adr\" data-ved=\"0ahUKEwjFnZ_Eq67MAhVHlx4KHYRGCa8QghwIlAEoADAU\"><\/div>\n<div class=\"_mr kno-fb-ctx\" data-dtype=\"d3adr\" data-ved=\"0ahUKEwjFnZ_Eq67MAhVHlx4KHYRGCa8QghwIlAEoADAU\"><a href=\"http:\/\/tierraspolares.es\/\/tierraspolares\/trineodeviento\/wp-content\/uploads\/2016\/04\/mapaObservatorio.jpg\"><img fetchpriority=\"high\" decoding=\"async\" class=\"aligncenter wp-image-2241 \" src=\"http:\/\/tierraspolares.es\/\/tierraspolares\/trineodeviento\/wp-content\/uploads\/2016\/04\/mapaObservatorio-768x383.jpg\" alt=\"mapaObservatorio\" width=\"646\" height=\"322\" srcset=\"https:\/\/tierraspolares.es\/trineodeviento\/wp-content\/uploads\/2016\/04\/mapaObservatorio-768x383.jpg 768w, https:\/\/tierraspolares.es\/trineodeviento\/wp-content\/uploads\/2016\/04\/mapaObservatorio-300x150.jpg 300w, https:\/\/tierraspolares.es\/trineodeviento\/wp-content\/uploads\/2016\/04\/mapaObservatorio.jpg 910w\" sizes=\"(max-width: 646px) 100vw, 646px\" \/><\/a><\/div>\n<\/div>\n<\/div>\n<div class=\"mod\" data-md=\"1001\" data-ved=\"0ahUKEwjFnZ_Eq67MAhVHlx4KHYRGCa8QkCkIlgEoBDAV\"><\/div>\n<p>&nbsp;<\/p>\n","protected":false},"excerpt":{"rendered":"<p>DIA 5 DE MAYO. A LAS 11.30 HORAS. REAL OBSERVATORIO DE MADRID (Alfonso, XII, n\u00ba 3) El Proyecto Trineo de Viento, el laboratorio m\u00f3vil dise\u00f1ado por el explorador Ram\u00f3n Larramendi para la investigaci\u00f3n polar presenta a los medios de comunicaci\u00f3n, el pr\u00f3ximo 5 de mayo, su pr\u00f3xima aventura cient\u00edfica: la expedici\u00f3n \u00abCumbre de Hielo Groenlandia 2016\u00bb, patrocinada por Tierras Polares y la Sociedad Geogr\u00e1fica Espa\u00f1ola. \u00bfQu\u00e9 se presenta el 5 de mayo? La gran expedici\u00f3n de exploraci\u00f3n cient\u00edfica del 2016. Ese d\u00eda se dar\u00e1n a conocer todos los detalles del nuevo dise\u00f1o del Trineo de Viento (que presenta importantes novedades), de los proyectos cient\u00edficos que se realizar\u00e1n durante la traves\u00eda \u00a0y de la complicada ruta a seguir por los expedicionarios. Estar\u00e1n varios de los expedicionarios, cient\u00edficos espa\u00f1oles y miembros de la Sociedad Geogr\u00e1fica Espa\u00f1ola. \u00bfPor qu\u00e9 es importante el Proyecto Trineo de Viento? Porque el Proyecto Trineo de Viento es una iniciativa \u00fanica en el mundo. Basada en el veh\u00edculo menos contaminante y con m\u00e1s capacidad de carga que existe para la exploraci\u00f3n en el \u00c1rtico y la Ant\u00e1rtida, lleva en desarrollo 16 a\u00f1os y ha recorrido ya m\u00e1s de 20.000 kil\u00f3metros en siete expediciones polares. Aspira a convertirse en [&hellip;]<\/p>\n","protected":false},"author":1,"featured_media":2194,"comment_status":"closed","ping_status":"closed","sticky":false,"template":"","format":"standard","meta":{"footnotes":""},"categories":[11,16],"tags":[],"class_list":["post-2240","post","type-post","status-publish","format-standard","has-post-thumbnail","hentry","category-noticias-2","category-trineo-de-viento-2016"],"_links":{"self":[{"href":"https:\/\/tierraspolares.es\/trineodeviento\/wp-json\/wp\/v2\/posts\/2240","targetHints":{"allow":["GET"]}}],"collection":[{"href":"https:\/\/tierraspolares.es\/trineodeviento\/wp-json\/wp\/v2\/posts"}],"about":[{"href":"https:\/\/tierraspolares.es\/trineodeviento\/wp-json\/wp\/v2\/types\/post"}],"author":[{"embeddable":true,"href":"https:\/\/tierraspolares.es\/trineodeviento\/wp-json\/wp\/v2\/users\/1"}],"replies":[{"embeddable":true,"href":"https:\/\/tierraspolares.es\/trineodeviento\/wp-json\/wp\/v2\/comments?post=2240"}],"version-history":[{"count":1,"href":"https:\/\/tierraspolares.es\/trineodeviento\/wp-json\/wp\/v2\/posts\/2240\/revisions"}],"predecessor-version":[{"id":987511603,"href":"https:\/\/tierraspolares.es\/trineodeviento\/wp-json\/wp\/v2\/posts\/2240\/revisions\/987511603"}],"wp:featuredmedia":[{"embeddable":true,"href":"https:\/\/tierraspolares.es\/trineodeviento\/wp-json\/wp\/v2\/media\/2194"}],"wp:attachment":[{"href":"https:\/\/tierraspolares.es\/trineodeviento\/wp-json\/wp\/v2\/media?parent=2240"}],"wp:term":[{"taxonomy":"category","embeddable":true,"href":"https:\/\/tierraspolares.es\/trineodeviento\/wp-json\/wp\/v2\/categories?post=2240"},{"taxonomy":"post_tag","embeddable":true,"href":"https:\/\/tierraspolares.es\/trineodeviento\/wp-json\/wp\/v2\/tags?post=2240"}],"curies":[{"name":"wp","href":"https:\/\/api.w.org\/{rel}","templated":true}]}}