{"id":2344,"date":"2016-05-05T18:50:41","date_gmt":"2016-05-05T16:50:41","guid":{"rendered":"http:\/\/uptobe.es\/tierraspolares\/trineodeviento\/?p=2344"},"modified":"2025-06-05T22:28:03","modified_gmt":"2025-06-05T20:28:03","slug":"desde-madrid-hacia-la-cumbre-de-hielo-en-groenlandia","status":"publish","type":"post","link":"https:\/\/tierraspolares.es\/trineodeviento\/desde-madrid-hacia-la-cumbre-de-hielo-en-groenlandia\/","title":{"rendered":"Sigue la bit\u00e1cora diaria de la  \u00abCumbre de Hielo 2016\u00bb"},"content":{"rendered":"<p><a href=\"http:\/\/tierraspolares.es\/\/tierraspolares\/trineodeviento\/wp-content\/uploads\/2016\/05\/IMG_5674.jpg\"><img fetchpriority=\"high\" decoding=\"async\" width=\"768\" height=\"512\" class=\"aligncenter size-medium_large wp-image-2347\" src=\"http:\/\/tierraspolares.es\/\/tierraspolares\/trineodeviento\/wp-content\/uploads\/2016\/05\/IMG_5674-768x512.jpg\" alt=\"IMG_5674\" srcset=\"https:\/\/tierraspolares.es\/trineodeviento\/wp-content\/uploads\/2016\/05\/IMG_5674-768x512.jpg 768w, https:\/\/tierraspolares.es\/trineodeviento\/wp-content\/uploads\/2016\/05\/IMG_5674-300x200.jpg 300w, https:\/\/tierraspolares.es\/trineodeviento\/wp-content\/uploads\/2016\/05\/IMG_5674-1024x683.jpg 1024w, https:\/\/tierraspolares.es\/trineodeviento\/wp-content\/uploads\/2016\/05\/IMG_5674-1536x1024.jpg 1536w, https:\/\/tierraspolares.es\/trineodeviento\/wp-content\/uploads\/2016\/05\/IMG_5674-2048x1365.jpg 2048w, https:\/\/tierraspolares.es\/trineodeviento\/wp-content\/uploads\/2016\/05\/IMG_5674-600x400.jpg 600w\" sizes=\"(max-width: 768px) 100vw, 768px\" \/><\/a><\/p>\n<p>&nbsp;<\/p>\n<p><span style=\"line-height: 1.5;\">Desde la salida, la expedici\u00f3n es seguida por miles de personas en el <a href=\"https:\/\/www.facebook.com\/ramonlarramendi\/\">Facebook de Ram\u00f3n Larramendi<\/a>, su cuenta de Twitter <a href=\"https:\/\/twitter.com\/RamonLarramendi\">@RamonLarramendi<\/a> y el blog en <a href=\"http:\/\/www.huffingtonpost.es\/expedician-larramendi\/el-loco-tiempo-de-groenla_b_10220392.html?ncid=tweetlnkeshpmg00000001\">El Huffington Post<\/a>.<\/span><\/p>\n<p>Asimismo, puedes seguirla en el <a href=\"http:\/\/tierraspolares.es\/\/tierraspolares\/trineodeviento\/bitacora-de-viaje\/\">DIARIO 2016\u00a0<\/a><\/p>\n<p>La expedici\u00f3n \u00abCumbre de Hielo Groenlandia 2016\u00bb tuvo \u00a0un estreno de lujo en el Real Observatorio de Madrid ante los medios de comunicaci\u00f3n, cient\u00edficos y exploradores interesados en conocer de cerca la nueva aventura del Trineo de Viento. Comienza as\u00ed un nuevo reto para la exploraci\u00f3n y para la ciencia polar: recorrer 2.000 kil\u00f3metros, hasta la zona m\u00e1s alta del interior de Groenlandia, en un veh\u00edculo impulsado por el viento. La salida de Espa\u00f1a: el pr\u00f3ximo d\u00eda 15, si bien el veh\u00edculo ha embarcado ya rumbo al \u00c1rtico.<\/p>\n<p>En la presentaci\u00f3n, Ram\u00f3n Larramendi, promotor y l\u00edder de la expedici\u00f3n, hizo un resumen hist\u00f3rico de c\u00f3mo ha cambiado el trineo desde que dise\u00f1\u00f3 un primer prototipo hace 16 a\u00f1os. A su lado, uno de sus ocho compa\u00f1eros en esta nueva aventura, Ignacio Oficialdegui, un bi\u00f3logo que ya estuvo con \u00e9l en Groenlandia en 2011-2012 y que se explay\u00f3 en los detalles sobre las novedades del nuevo dise\u00f1o.<\/p>\n<p>Los investigadores para cuyos proyectos recoger\u00e1n datos con diferentes instrumentos, algunos dise\u00f1ados especialmente para el Trineo de Viento, fueron los encargados de poner la nota cient\u00edfica, explicando con detalle qu\u00e9 nos puede descubrir esta expedici\u00f3n del vasto y desconocido territorio que es la isla \u00e1rtica. Por cierto, un lugar que este a\u00f1o ha adelantado varias semanas su deshielo. \u00ab\u00bfC\u00f3mo esper\u00e1is encontraron el hielo y la nieve?\u00bb, preguntaron los periodistas. \u00abPues no lo sabemos, por ello queremos ir, verlo y documentarlo \u00ab, se\u00f1al\u00f3 Larramendi.<\/p>\n<p>El explorador explic\u00f3 que, de momento, toda la financiaci\u00f3n de esta expedici\u00f3n es privada, si bien aspira a que el Trineo de Viento se convierta en el eje de un programa de investigaci\u00f3n polar \u00fatil para investigadores espa\u00f1oles y extranjeros.<\/p>\n<p>&nbsp;<\/p>\n","protected":false},"excerpt":{"rendered":"<p>&nbsp; Desde la salida, la expedici\u00f3n es seguida por miles de personas en el Facebook de Ram\u00f3n Larramendi, su cuenta de Twitter @RamonLarramendi y el blog en El Huffington Post. Asimismo, puedes seguirla en el DIARIO 2016\u00a0 La expedici\u00f3n \u00abCumbre de Hielo Groenlandia 2016\u00bb tuvo \u00a0un estreno de lujo en el Real Observatorio de Madrid ante los medios de comunicaci\u00f3n, cient\u00edficos y exploradores interesados en conocer de cerca la nueva aventura del Trineo de Viento. Comienza as\u00ed un nuevo reto para la exploraci\u00f3n y para la ciencia polar: recorrer 2.000 kil\u00f3metros, hasta la zona m\u00e1s alta del interior de Groenlandia, en un veh\u00edculo impulsado por el viento. La salida de Espa\u00f1a: el pr\u00f3ximo d\u00eda 15, si bien el veh\u00edculo ha embarcado ya rumbo al \u00c1rtico. En la presentaci\u00f3n, Ram\u00f3n Larramendi, promotor y l\u00edder de la expedici\u00f3n, hizo un resumen hist\u00f3rico de c\u00f3mo ha cambiado el trineo desde que dise\u00f1\u00f3 un primer prototipo hace 16 a\u00f1os. A su lado, uno de sus ocho compa\u00f1eros en esta nueva aventura, Ignacio Oficialdegui, un bi\u00f3logo que ya estuvo con \u00e9l en Groenlandia en 2011-2012 y que se explay\u00f3 en los detalles sobre las novedades del nuevo dise\u00f1o. Los investigadores para cuyos proyectos recoger\u00e1n datos [&hellip;]<\/p>\n","protected":false},"author":1,"featured_media":2346,"comment_status":"closed","ping_status":"closed","sticky":false,"template":"","format":"standard","meta":{"footnotes":""},"categories":[11,16],"tags":[],"class_list":["post-2344","post","type-post","status-publish","format-standard","has-post-thumbnail","hentry","category-noticias-2","category-trineo-de-viento-2016"],"_links":{"self":[{"href":"https:\/\/tierraspolares.es\/trineodeviento\/wp-json\/wp\/v2\/posts\/2344","targetHints":{"allow":["GET"]}}],"collection":[{"href":"https:\/\/tierraspolares.es\/trineodeviento\/wp-json\/wp\/v2\/posts"}],"about":[{"href":"https:\/\/tierraspolares.es\/trineodeviento\/wp-json\/wp\/v2\/types\/post"}],"author":[{"embeddable":true,"href":"https:\/\/tierraspolares.es\/trineodeviento\/wp-json\/wp\/v2\/users\/1"}],"replies":[{"embeddable":true,"href":"https:\/\/tierraspolares.es\/trineodeviento\/wp-json\/wp\/v2\/comments?post=2344"}],"version-history":[{"count":1,"href":"https:\/\/tierraspolares.es\/trineodeviento\/wp-json\/wp\/v2\/posts\/2344\/revisions"}],"predecessor-version":[{"id":987511601,"href":"https:\/\/tierraspolares.es\/trineodeviento\/wp-json\/wp\/v2\/posts\/2344\/revisions\/987511601"}],"wp:featuredmedia":[{"embeddable":true,"href":"https:\/\/tierraspolares.es\/trineodeviento\/wp-json\/wp\/v2\/media\/2346"}],"wp:attachment":[{"href":"https:\/\/tierraspolares.es\/trineodeviento\/wp-json\/wp\/v2\/media?parent=2344"}],"wp:term":[{"taxonomy":"category","embeddable":true,"href":"https:\/\/tierraspolares.es\/trineodeviento\/wp-json\/wp\/v2\/categories?post=2344"},{"taxonomy":"post_tag","embeddable":true,"href":"https:\/\/tierraspolares.es\/trineodeviento\/wp-json\/wp\/v2\/tags?post=2344"}],"curies":[{"name":"wp","href":"https:\/\/api.w.org\/{rel}","templated":true}]}}