{"id":2516,"date":"2016-05-19T10:09:07","date_gmt":"2016-05-19T08:09:07","guid":{"rendered":"http:\/\/uptobe.es\/tierraspolares\/trineodeviento\/?p=2516"},"modified":"2025-06-05T22:28:03","modified_gmt":"2025-06-05T20:28:03","slug":"asi-es-el-nuevo-trineo-de-viento-desde-kangerlussuaq","status":"publish","type":"post","link":"https:\/\/tierraspolares.es\/trineodeviento\/asi-es-el-nuevo-trineo-de-viento-desde-kangerlussuaq\/","title":{"rendered":"As\u00ed es el nuevo Trineo de Viento 2016"},"content":{"rendered":"<p>\u00abSomos <a href=\"http:\/\/tierraspolares.es\/\/tierraspolares\/trineodeviento\/equipo-cumbre-de-hielo-groenlandia-2016\/\">un equipo s\u00f3lido<\/a>. Han bastado 48 horas para comprobar que los seis que iniciamos esta expedici\u00f3n estamos bien compenetrados. Nuestro l\u00edder, Ram\u00f3n Larramendi, y todos los dem\u00e1s trabajamos como una pi\u00f1a: Ignacio Oficialdegui, compa\u00f1ero de Ram\u00f3n en tantas otras aventuras; el experimentado Hilo Moreno, un habitual de las bases ant\u00e1rticas espa\u00f1olas; el viajero infatigable Vicente Leal; Nacho Garc\u00eda, que nos har\u00e1 un gran documental de la expedici\u00f3n; y la danesa Karin Moe Bojsen, que ya nos acompa\u00f1\u00f3 en 2014 y no para.<\/p>\n<p>Por primera vez, hoy pudimos ver c\u00f3mo queda <a href=\"http:\/\/tierraspolares.es\/\/tierraspolares\/trineodeviento\/innovaciones-2016\/\">el montaje definitivo del Trineo de Viento<\/a> (en la foto), con la nueva tienda de pilotaje. Y es espectacular&#8230;. (<a href=\"http:\/\/tierraspolares.es\/\/tierraspolares\/trineodeviento\/bitacora-de-viaje\/\">SIGUE EN EL DIARIO DE VIAJE<\/a>)<\/p>\n","protected":false},"excerpt":{"rendered":"<p>\u00abSomos un equipo s\u00f3lido. Han bastado 48 horas para comprobar que los seis que iniciamos esta expedici\u00f3n estamos bien compenetrados. Nuestro l\u00edder, Ram\u00f3n Larramendi, y todos los dem\u00e1s trabajamos como una pi\u00f1a: Ignacio Oficialdegui, compa\u00f1ero de Ram\u00f3n en tantas otras aventuras; el experimentado Hilo Moreno, un habitual de las bases ant\u00e1rticas espa\u00f1olas; el viajero infatigable Vicente Leal; Nacho Garc\u00eda, que nos har\u00e1 un gran documental de la expedici\u00f3n; y la danesa Karin Moe Bojsen, que ya nos acompa\u00f1\u00f3 en 2014 y no para. Por primera vez, hoy pudimos ver c\u00f3mo queda el montaje definitivo del Trineo de Viento (en la foto), con la nueva tienda de pilotaje. Y es espectacular&#8230;. (SIGUE EN EL DIARIO DE VIAJE)<\/p>\n","protected":false},"author":1,"featured_media":2517,"comment_status":"closed","ping_status":"closed","sticky":false,"template":"","format":"standard","meta":{"footnotes":""},"categories":[15,25,16],"tags":[],"class_list":["post-2516","post","type-post","status-publish","format-standard","has-post-thumbnail","hentry","category-fotos","category-timeline","category-trineo-de-viento-2016"],"_links":{"self":[{"href":"https:\/\/tierraspolares.es\/trineodeviento\/wp-json\/wp\/v2\/posts\/2516","targetHints":{"allow":["GET"]}}],"collection":[{"href":"https:\/\/tierraspolares.es\/trineodeviento\/wp-json\/wp\/v2\/posts"}],"about":[{"href":"https:\/\/tierraspolares.es\/trineodeviento\/wp-json\/wp\/v2\/types\/post"}],"author":[{"embeddable":true,"href":"https:\/\/tierraspolares.es\/trineodeviento\/wp-json\/wp\/v2\/users\/1"}],"replies":[{"embeddable":true,"href":"https:\/\/tierraspolares.es\/trineodeviento\/wp-json\/wp\/v2\/comments?post=2516"}],"version-history":[{"count":1,"href":"https:\/\/tierraspolares.es\/trineodeviento\/wp-json\/wp\/v2\/posts\/2516\/revisions"}],"predecessor-version":[{"id":987511597,"href":"https:\/\/tierraspolares.es\/trineodeviento\/wp-json\/wp\/v2\/posts\/2516\/revisions\/987511597"}],"wp:featuredmedia":[{"embeddable":true,"href":"https:\/\/tierraspolares.es\/trineodeviento\/wp-json\/wp\/v2\/media\/2517"}],"wp:attachment":[{"href":"https:\/\/tierraspolares.es\/trineodeviento\/wp-json\/wp\/v2\/media?parent=2516"}],"wp:term":[{"taxonomy":"category","embeddable":true,"href":"https:\/\/tierraspolares.es\/trineodeviento\/wp-json\/wp\/v2\/categories?post=2516"},{"taxonomy":"post_tag","embeddable":true,"href":"https:\/\/tierraspolares.es\/trineodeviento\/wp-json\/wp\/v2\/tags?post=2516"}],"curies":[{"name":"wp","href":"https:\/\/api.w.org\/{rel}","templated":true}]}}