{"id":2814,"date":"2016-07-11T12:12:21","date_gmt":"2016-07-11T10:12:21","guid":{"rendered":"http:\/\/uptobe.es\/tierraspolares\/trineodeviento\/?p=2814"},"modified":"2025-06-05T22:28:01","modified_gmt":"2025-06-05T20:28:01","slug":"la-expedicion-ha-documentado-el-cambio-climatico-en-el-artico","status":"publish","type":"post","link":"https:\/\/tierraspolares.es\/trineodeviento\/la-expedicion-ha-documentado-el-cambio-climatico-en-el-artico\/","title":{"rendered":"La expedici\u00f3n ha documentado el cambio clim\u00e1tico en el \u00c1rtico"},"content":{"rendered":"<ul>\n<li>\n<h3>Ram\u00f3n Larramendi: \u201cHemos demostrado que el actual es el dise\u00f1o perfecto del <span class=\"il\">Trineo<\/span> de<span class=\"il\">Viento<\/span> para realizar investigaci\u00f3n en tierras polares.<\/h3>\n<\/li>\n<li>\n<h3>Ha sido la \u00fanica expedici\u00f3n con proyectos cient\u00edficos del mundo en recorrer 2.000 kil\u00f3metros en la primavera \u00e1rtica m\u00e1s c\u00e1lida desde 2013<\/h3>\n<\/li>\n<\/ul>\n<p><img fetchpriority=\"high\" width=\"1000\" height=\"668\" align=\"none\" \/>Los expedicionarios del\u00a0<a href=\"http:\/\/tierraspolares.us12.list-manage.com\/track\/click?u=8df0c4e03ebea6cc5805dc11b&amp;id=3a9988e619&amp;e=d6d03b4843\" target=\"_blank\" data-saferedirecturl=\"https:\/\/www.google.com\/url?hl=es&amp;q=http:\/\/tierraspolares.us12.list-manage.com\/track\/click?u%3D8df0c4e03ebea6cc5805dc11b%26id%3D3a9988e619%26e%3Dd6d03b4843&amp;source=gmail&amp;ust=1468314874551000&amp;usg=AFQjCNHQAZdFoVzxhxtllX6EgB-7kIfD8Q\" rel=\"noopener\"><span class=\"il\">Trineo<\/span> de <span class=\"il\">Viento<\/span><\/a>, durante la reciente\u00a0expedici\u00f3n Cumbre de Hielo Groenlandia 2016, han realizado un total de 10 perforaciones de m\u00e1s de un metro de profundidad y otra de 13,5 metros en diferentes puntos de los\u00a02.000 kil\u00f3metros de recorrido que han realizado por el interior de la isla del \u00c1rtico. Ha sido la \u00fanica expedici\u00f3n del mundo que ha podido documentar cient\u00edficamente \u2018in situ\u2019, y en una extensa superficie, la situaci\u00f3n del hielo en una primavera que la que se han adelantado el deshielo varias semanas respecto a otros a\u00f1os, fen\u00f3menos que se atribuye al aumento de las temperaturas y ha sido confirmado por sat\u00e9lites de\u00a0la NASA.<\/p>\n<p>La expedici\u00f3n lleg\u00f3 a su fin el pasado 25 de junio, comandada por Ram\u00f3n Larramendi, explorador y promotor del proyecto <span class=\"il\">Trineo<\/span> de <span class=\"il\">Viento<\/span>, tras lograr llegar a la zona m\u00e1s alta del interior de Groenlandia y regresar en un recorrido circular en 37 d\u00edas con el veh\u00edculo e\u00f3lico, un\u00a0recorrido jam\u00e1s realizado antes sin combustibles f\u00f3siles contaminantes.<\/p>\n<p>La recogida de datos sobre el estado de la nieve realizada por los expedicionarios\u00a0forman parte de los proyectos que\u00a0han participado en la expedici\u00f3n, cuyos responsables son Nacho Garc\u00eda L\u00f3pez, del Instituto Pirenaico de Ecolog\u00eda (CSIC), uno de los expertos espa\u00f1oles en el estudio de la evoluci\u00f3n de los glaciares, y Jason Box, del Servicio Geol\u00f3gico de Dinamarca, glaciol\u00f3gico norteamericano especializado en las investigaciones en\u00a0Groenlandia.<\/p>\n<p>Respecto a las catas de nieve de un metro, los miembros del equipo caracterizaron\u00a0la nieve cada 10 cent\u00edmetros, extrayendo tres cu\u00f1as de nieve en las que se establec\u00eda su peso, temperatura, estructura y consistencia en altitudes que fueron de los 1.200 a los 3.200 metros.\u00a0En la de 13,5 metros, realizada a\u00a02.600 metros de altitud, tambi\u00e9n se realiz\u00f3 una detallada descripci\u00f3n del testigo de nieve extra\u00eddo, correspondiente\u00a0a unos 30 a\u00f1os de precipitaciones. Se analiz\u00f3\u00a0el tipo de nieve de la que se trataba seg\u00fan su densidad y si presentaba\u00a0o no fracturas. Todos estos\u00a0datos\u00a0ser\u00e1n enviados a los cient\u00edficos para su estudio y pueden ayudar a conocer los efectos del calentamiento global en este territorio.<\/p>\n<p>Asimismo, durante toda la expedici\u00f3n, cada hora, han ido registrando datos de la temperatura y la humedad en el interior del \u00c1rtico con una estaci\u00f3n meteorol\u00f3gica, que tambi\u00e9n ser\u00e1n analizados.<\/p>\n<p>Por otro lado, el detector de muones que iba a bordo del <span class=\"il\">Trineo<\/span> de <span class=\"il\">Viento<\/span>,\u00a0durante varias semanas ha recogido informaci\u00f3n sobre la radiaci\u00f3n c\u00f3smica que se recibe en la Tierra. Se trata de\u00a0un proyecto del cient\u00edfico Juan Jos\u00e9 Blanco, del Grupo de Investigaci\u00f3n Espacial de la Universidad de Alcal\u00e1 de Henares. \u201cSi finalmente tenemos datos utilizables, como esperamos, creo que habr\u00e1\u00a0sido la primera vez en la historia\u00a0que se hace una observaci\u00f3n de la variaci\u00f3n de rayos c\u00f3smicos en una extensi\u00f3n tan grande de Groenlandia, alcanzando en la misma campa\u00f1a el punto m\u00e1s alto de la isla. Ahora, deberemos\u00a0estudiar los resultados y ver qu\u00e9 posibilidades se abren de cara a futuras expediciones con el\u00a0<span class=\"il\">Trineo<\/span> de <span class=\"il\">Viento<\/span>\u201d, ha se\u00f1alado Blanco.<\/p>\n<p>El \u00fanico experimento que no pudo realizarse durante la expedici\u00f3n\u00a0fue el relacionado con la\u00a0detecci\u00f3n de organismos biol\u00f3gicos en el aire del interior de la isla, un proyecto de\u00a0\u00a0Antonio Quesada, de la Universidad Aut\u00f3noma de Madrid, debido a que el instrumento requer\u00eda\u00a0estar activo continuamente con un consumo de energ\u00eda superior al que estaba disponible con las placas solares instaladas en el veh\u00edculo, que a su vez se utilizaban para otros equipamientos de comunicaci\u00f3n.<\/p>\n<p>Los responsables de estos trabajos cient\u00edficos durante los 37 d\u00edas que ha durado la expedici\u00f3n han sido Ignacio Oficialdegui, Hilo Moreno y Manuel Olivera.<\/p>\n","protected":false},"excerpt":{"rendered":"<p>Ram\u00f3n Larramendi: \u201cHemos demostrado que el actual es el dise\u00f1o perfecto del Trineo deViento para realizar investigaci\u00f3n en tierras polares. Ha sido la \u00fanica expedici\u00f3n con proyectos cient\u00edficos del mundo en recorrer 2.000 kil\u00f3metros en la primavera \u00e1rtica m\u00e1s c\u00e1lida desde 2013 Los expedicionarios del\u00a0Trineo de Viento, durante la reciente\u00a0expedici\u00f3n Cumbre de Hielo Groenlandia 2016, han realizado un total de 10 perforaciones de m\u00e1s de un metro de profundidad y otra de 13,5 metros en diferentes puntos de los\u00a02.000 kil\u00f3metros de recorrido que han realizado por el interior de la isla del \u00c1rtico. Ha sido la \u00fanica expedici\u00f3n del mundo que ha podido documentar cient\u00edficamente \u2018in situ\u2019, y en una extensa superficie, la situaci\u00f3n del hielo en una primavera que la que se han adelantado el deshielo varias semanas respecto a otros a\u00f1os, fen\u00f3menos que se atribuye al aumento de las temperaturas y ha sido confirmado por sat\u00e9lites de\u00a0la NASA. La expedici\u00f3n lleg\u00f3 a su fin el pasado 25 de junio, comandada por Ram\u00f3n Larramendi, explorador y promotor del proyecto Trineo de Viento, tras lograr llegar a la zona m\u00e1s alta del interior de Groenlandia y regresar en un recorrido circular en 37 d\u00edas con el veh\u00edculo e\u00f3lico, un\u00a0recorrido jam\u00e1s [&hellip;]<\/p>\n","protected":false},"author":1,"featured_media":2815,"comment_status":"closed","ping_status":"closed","sticky":false,"template":"","format":"standard","meta":{"footnotes":""},"categories":[14,11,25,16],"tags":[],"class_list":["post-2814","post","type-post","status-publish","format-standard","has-post-thumbnail","hentry","category-hemeroteca","category-noticias-2","category-timeline","category-trineo-de-viento-2016"],"_links":{"self":[{"href":"https:\/\/tierraspolares.es\/trineodeviento\/wp-json\/wp\/v2\/posts\/2814","targetHints":{"allow":["GET"]}}],"collection":[{"href":"https:\/\/tierraspolares.es\/trineodeviento\/wp-json\/wp\/v2\/posts"}],"about":[{"href":"https:\/\/tierraspolares.es\/trineodeviento\/wp-json\/wp\/v2\/types\/post"}],"author":[{"embeddable":true,"href":"https:\/\/tierraspolares.es\/trineodeviento\/wp-json\/wp\/v2\/users\/1"}],"replies":[{"embeddable":true,"href":"https:\/\/tierraspolares.es\/trineodeviento\/wp-json\/wp\/v2\/comments?post=2814"}],"version-history":[{"count":1,"href":"https:\/\/tierraspolares.es\/trineodeviento\/wp-json\/wp\/v2\/posts\/2814\/revisions"}],"predecessor-version":[{"id":987511574,"href":"https:\/\/tierraspolares.es\/trineodeviento\/wp-json\/wp\/v2\/posts\/2814\/revisions\/987511574"}],"wp:featuredmedia":[{"embeddable":true,"href":"https:\/\/tierraspolares.es\/trineodeviento\/wp-json\/wp\/v2\/media\/2815"}],"wp:attachment":[{"href":"https:\/\/tierraspolares.es\/trineodeviento\/wp-json\/wp\/v2\/media?parent=2814"}],"wp:term":[{"taxonomy":"category","embeddable":true,"href":"https:\/\/tierraspolares.es\/trineodeviento\/wp-json\/wp\/v2\/categories?post=2814"},{"taxonomy":"post_tag","embeddable":true,"href":"https:\/\/tierraspolares.es\/trineodeviento\/wp-json\/wp\/v2\/tags?post=2814"}],"curies":[{"name":"wp","href":"https:\/\/api.w.org\/{rel}","templated":true}]}}