{"id":2908,"date":"2016-10-22T15:33:08","date_gmt":"2016-10-22T13:33:08","guid":{"rendered":"http:\/\/uptobe.es\/tierraspolares\/trineodeviento\/?p=2908"},"modified":"2025-06-05T22:28:01","modified_gmt":"2025-06-05T20:28:01","slug":"me-atrae-ese-horizonte-blanco-y-vacio-alli-siento-la-paz","status":"publish","type":"post","link":"https:\/\/tierraspolares.es\/trineodeviento\/me-atrae-ese-horizonte-blanco-y-vacio-alli-siento-la-paz\/","title":{"rendered":"\u00abMe atrae ese horizonte blanco y vac\u00edo, all\u00ed siento la paz\u00bb"},"content":{"rendered":"<p><strong>ROSA M. TRIST\u00c1N<\/strong><\/p>\n<p>El explorador polar Ram\u00f3n Larramendi rememor\u00f3 ayer, en una jornada de la Semana de Monta\u00f1a y Aventura de Tres Cantos (Madrid), los momentos m\u00e1s importantes de sus 30 a\u00f1os de exploraci\u00f3n, desde la inexperta y valiente juventud, cuando apenas contaba 19 a\u00f1os, hasta la actualidad, convertido en un reconocido aventurero y emprendedor a nivel internacional.<\/p>\n<p>El evento tuvo lugar en el Centro Cultural Adolfo Su\u00e1rez, en el que pr\u00e1cticamente no hab\u00eda un hueco libre para escuchar una experiencia vital que acompa\u00f1\u00f3 de las im\u00e1genes m\u00e1s emblem\u00e1ticas de sus numerosas expediciones. Entre el p\u00fablico, algunos de los expedicionarios que le han acompa\u00f1ado en los \u00faltimos a\u00f1os, como <a href=\"http:\/\/tierraspolares.es\/\/tierraspolares\/trineodeviento\/expedicion-circunnavegacion-groenlandia-2014\/\">Eusebio Beamonte<\/a> (que realiz\u00f3 con el la <a href=\"http:\/\/tierraspolares.es\/\/tierraspolares\/trineodeviento\/circunnavegacion-groenlandia-2014\/\">1\u00aa Circunnavegaci\u00f3n de Groenlandia 2014<\/a>) y Vicente Leal (que ha formado parte de la \u00faltima, <a href=\"http:\/\/tierraspolares.es\/\/tierraspolares\/trineodeviento\/expedicion-cumbre-del-hielo-en-groenlandia-2016\/\">Cumbre de Hielo Groenlandia 2016<\/a> y es autor del v\u00eddeo que se pudo ver).<\/p>\n<p><a href=\"http:\/\/tierraspolares.es\/\/tierraspolares\/trineodeviento\/wp-content\/uploads\/2016\/10\/thumb_IMG_1904_1024.jpg\"><img fetchpriority=\"high\" decoding=\"async\" class=\"alignleft wp-image-2910 size-medium\" src=\"http:\/\/tierraspolares.es\/\/tierraspolares\/trineodeviento\/wp-content\/uploads\/2016\/10\/thumb_IMG_1904_1024-300x225.jpg\" alt=\"thumb_img_1904_1024\" width=\"300\" height=\"225\" \/><\/a><\/p>\n<p>Larramendi rememor\u00f3 sus primeros y azarosos a\u00f1os sobre el hielo, en los Pirineos, Islandia y Groenlandia, donde se aventur\u00f3 en 1986 con apenas 20 a\u00f1os y cuatro amigos , sin tener pr\u00e1cticamente idea de los riesgos a los que se enfrentaban. \u00abTan s\u00f3lo hab\u00edamos le\u00eddo algunos recortes de revistas. Entonces no hab\u00eda internet ni forma de contactar con personas m\u00e1s experimentadas en rutas por Groenlandia. Estuvimos a punto de dejarlo, y sufrimos congelaciones tremendas, pero al final lo logramos llegar al objetivo\u00bb, recordaba. \u00abHicimos 700 kms en 55 d\u00edas. \u00a1Seguro que fuimos los m\u00e1s lentos de los que hab\u00eda noticia!\u00bb, ironizaba.<\/p>\n<p>Sin embargo, en aquel viaje conoci\u00f3 a un groenland\u00e9s que le anim\u00f3 a viajar de nuevo a Groenlandia, a conocer esa extra\u00f1a isla m\u00e1s profundamente. Y no se lo pens\u00f3 mucho. Al a\u00f1o siguiente volvi\u00f3 varios meses con un amigo. \u00abFue ah\u00ed donde tuve contacto con los trineos de perros, que no era capaz de manejar, y donde una noche mirando un mapa del \u00c1rtico imagin\u00e9 lo que ser\u00eda viajar por todo ese territorio, de Groenlandia hasta Alaska, sin ayuda externa\u00bb.<\/p>\n<p><a href=\"http:\/\/tierraspolares.es\/\/tierraspolares\/trineodeviento\/wp-content\/uploads\/2016\/10\/thumb_IMG_1929_1024.jpg\"><img decoding=\"async\" class=\"aligncenter wp-image-2911 size-medium_large lazyload\" data-src=\"http:\/\/tierraspolares.es\/\/tierraspolares\/trineodeviento\/wp-content\/uploads\/2016\/10\/thumb_IMG_1929_1024-e1477142614221-768x419.jpg\" alt=\"thumb_img_1929_1024\" width=\"768\" height=\"419\" src=\"data:image\/svg+xml;base64,PHN2ZyB3aWR0aD0iMSIgaGVpZ2h0PSIxIiB4bWxucz0iaHR0cDovL3d3dy53My5vcmcvMjAwMC9zdmciPjwvc3ZnPg==\" style=\"--smush-placeholder-width: 768px; --smush-placeholder-aspect-ratio: 768\/419;\" \/><\/a><\/p>\n<p>&nbsp;<\/p>\n<p>De la imaginaci\u00f3n a la realidad, es necesario el soplo de la pasi\u00f3n por la aventura y Ram\u00f3n lo ten\u00eda desde que un d\u00eda, adolescente, cay\u00f3 en sus manos un libro sobre exploradores polares. \u00abEn \u00a01990, con cinco amigos, me embarqu\u00e9 en esa expedici\u00f3n Circumpolar imaginada en un mapa, la \u00faltima realizada por el ser humano de esas caracter\u00edsticas, sin m\u00f3viles, sin GPS, gui\u00e1ndonos por una br\u00fajula y el sol. Fueron tres a\u00f1os duros, \u00a0y hubo momentos muy dif\u00edciles en los que estuvimos a punto de abandonar, pero seguimos hasta al final, hasta completar 14.000 kil\u00f3metros\u00bb.<\/p>\n<div id=\"attachment_2913\" style=\"width: 310px\" class=\"wp-caption alignleft\"><a href=\"http:\/\/tierraspolares.es\/\/tierraspolares\/trineodeviento\/wp-content\/uploads\/2016\/10\/thumb_IMG_1908_1024.jpg\"><img decoding=\"async\" aria-describedby=\"caption-attachment-2913\" class=\"wp-image-2913 size-medium lazyload\" data-src=\"http:\/\/tierraspolares.es\/\/tierraspolares\/trineodeviento\/wp-content\/uploads\/2016\/10\/thumb_IMG_1908_1024-300x225.jpg\" alt=\"thumb_img_1908_1024\" width=\"300\" height=\"225\" src=\"data:image\/svg+xml;base64,PHN2ZyB3aWR0aD0iMSIgaGVpZ2h0PSIxIiB4bWxucz0iaHR0cDovL3d3dy53My5vcmcvMjAwMC9zdmciPjwvc3ZnPg==\" style=\"--smush-placeholder-width: 300px; --smush-placeholder-aspect-ratio: 300\/225;\" \/><\/a><p id=\"caption-attachment-2913\" class=\"wp-caption-text\">Congelaciones.<\/p><\/div>\n<p>Mientras iba relatando detalles, recuerdos de esa soledad inmensa que s\u00f3lo en regiones polares se siente, nadie en la sala se mov\u00eda del sitio. Pas\u00f3 luego a recordar su primer viaje al Polo Norte Geogr\u00e1fico con Al Filo de lo Imposible de TVE, con tan s\u00f3lo 27 a\u00f1os. \u00abFue en esos d\u00edas de caminar y caminar, con temperaturas g\u00e9lidas, sin nada en el horizonte, cuando para distraerme comenc\u00e9 a pensar en opciones para no cargar tanto peso como el que llev\u00e1bamos, y pens\u00e9 que la soluci\u00f3n estaba ligada al viento y a cometas que lo convirtieran en energ\u00eda para poder mover un trineo\u00bb.<\/p>\n<p>El germen de esa idea, sembrado en condiciones extremas, fructific\u00f3 despu\u00e9s gracias a su dedicaci\u00f3n y al apoyo de <em>sponsors<\/em> que le permitieron probar, a lo largo de 16 a\u00f1os, los diferentes prototipos del Trineo de \u00a0Viento en una decena de expediciones \u00a0por Groenlandia y por la Ant\u00e1rtida.<\/p>\n<p>A casi todas ellas dedic\u00f3 un espacio en su intervenci\u00f3n, hasta llegar a la \u00faltima, la de la pasada primavera, ya con un dise\u00f1o pr\u00e1cticamente definitivo del veh\u00edculo Trineo de Viento, \u00a0y ya convertido en una plataforma para la investigaci\u00f3n cient\u00edfica.<\/p>\n<p>Fueron numerosas las preguntas del p\u00fablico, deseoso de conocer los detalles de la vida en mitad de la nada, las dificultades en mitad de las ventiscas o cuando el deshielo amenaza una traves\u00eda. Fueron tantas que al final hubo que cortar porque el Centro Cultural cerraba sus puertas y casi todo el mundo estaba pegado a los asientos, con pocas ganas de salir de los inaccesibles polos para regresar a la cotidianidad de las calles y las tiendas, del tr\u00e1fico y las luces que tapan las estrellas.<\/p>\n<p>&nbsp;<\/p>\n<p>&nbsp;<\/p>\n<p>&nbsp;<\/p>\n","protected":false},"excerpt":{"rendered":"<p>ROSA M. TRIST\u00c1N El explorador polar Ram\u00f3n Larramendi rememor\u00f3 ayer, en una jornada de la Semana de Monta\u00f1a y Aventura de Tres Cantos (Madrid), los momentos m\u00e1s importantes de sus 30 a\u00f1os de exploraci\u00f3n, desde la inexperta y valiente juventud, cuando apenas contaba 19 a\u00f1os, hasta la actualidad, convertido en un reconocido aventurero y emprendedor a nivel internacional. El evento tuvo lugar en el Centro Cultural Adolfo Su\u00e1rez, en el que pr\u00e1cticamente no hab\u00eda un hueco libre para escuchar una experiencia vital que acompa\u00f1\u00f3 de las im\u00e1genes m\u00e1s emblem\u00e1ticas de sus numerosas expediciones. Entre el p\u00fablico, algunos de los expedicionarios que le han acompa\u00f1ado en los \u00faltimos a\u00f1os, como Eusebio Beamonte (que realiz\u00f3 con el la 1\u00aa Circunnavegaci\u00f3n de Groenlandia 2014) y Vicente Leal (que ha formado parte de la \u00faltima, Cumbre de Hielo Groenlandia 2016 y es autor del v\u00eddeo que se pudo ver). Larramendi rememor\u00f3 sus primeros y azarosos a\u00f1os sobre el hielo, en los Pirineos, Islandia y Groenlandia, donde se aventur\u00f3 en 1986 con apenas 20 a\u00f1os y cuatro amigos , sin tener pr\u00e1cticamente idea de los riesgos a los que se enfrentaban. \u00abTan s\u00f3lo hab\u00edamos le\u00eddo algunos recortes de revistas. Entonces no hab\u00eda internet ni forma [&hellip;]<\/p>\n","protected":false},"author":1,"featured_media":2909,"comment_status":"closed","ping_status":"closed","sticky":false,"template":"","format":"standard","meta":{"footnotes":""},"categories":[15,16],"tags":[12],"class_list":["post-2908","post","type-post","status-publish","format-standard","has-post-thumbnail","hentry","category-fotos","category-trineo-de-viento-2016","tag-noticias"],"_links":{"self":[{"href":"https:\/\/tierraspolares.es\/trineodeviento\/wp-json\/wp\/v2\/posts\/2908","targetHints":{"allow":["GET"]}}],"collection":[{"href":"https:\/\/tierraspolares.es\/trineodeviento\/wp-json\/wp\/v2\/posts"}],"about":[{"href":"https:\/\/tierraspolares.es\/trineodeviento\/wp-json\/wp\/v2\/types\/post"}],"author":[{"embeddable":true,"href":"https:\/\/tierraspolares.es\/trineodeviento\/wp-json\/wp\/v2\/users\/1"}],"replies":[{"embeddable":true,"href":"https:\/\/tierraspolares.es\/trineodeviento\/wp-json\/wp\/v2\/comments?post=2908"}],"version-history":[{"count":1,"href":"https:\/\/tierraspolares.es\/trineodeviento\/wp-json\/wp\/v2\/posts\/2908\/revisions"}],"predecessor-version":[{"id":987511565,"href":"https:\/\/tierraspolares.es\/trineodeviento\/wp-json\/wp\/v2\/posts\/2908\/revisions\/987511565"}],"wp:featuredmedia":[{"embeddable":true,"href":"https:\/\/tierraspolares.es\/trineodeviento\/wp-json\/"}],"wp:attachment":[{"href":"https:\/\/tierraspolares.es\/trineodeviento\/wp-json\/wp\/v2\/media?parent=2908"}],"wp:term":[{"taxonomy":"category","embeddable":true,"href":"https:\/\/tierraspolares.es\/trineodeviento\/wp-json\/wp\/v2\/categories?post=2908"},{"taxonomy":"post_tag","embeddable":true,"href":"https:\/\/tierraspolares.es\/trineodeviento\/wp-json\/wp\/v2\/tags?post=2908"}],"curies":[{"name":"wp","href":"https:\/\/api.w.org\/{rel}","templated":true}]}}