{"id":2921,"date":"2016-11-07T11:27:40","date_gmt":"2016-11-07T10:27:40","guid":{"rendered":"http:\/\/uptobe.es\/tierraspolares\/trineodeviento\/?p=2921"},"modified":"2025-06-05T22:28:01","modified_gmt":"2025-06-05T20:28:01","slug":"la-circunnavegacion-de-groenlandia-en-el-certamen-de-cine-de-ocejon","status":"publish","type":"post","link":"https:\/\/tierraspolares.es\/trineodeviento\/la-circunnavegacion-de-groenlandia-en-el-certamen-de-cine-de-ocejon\/","title":{"rendered":"El Trineo de Viento en el certamen de cine de Ocej\u00f3n"},"content":{"rendered":"<p>El v\u00eddeo de la Primera Circunnavegaci\u00f3n de Groenlandia 2104 del Trineo de Viento ha sido seleccionado para el Certamen de Cine de Viajes de Ocej\u00f3n (Guadalajara), en su octava edici\u00f3n, una ocasi\u00f3n en la que, adem\u00e1s, su protagonista principal, el explorador polar Ram\u00f3n Larramendi, ofrecer\u00e1 una charla sobre la aventura. La proyecci\u00f3n tendr\u00e1 lugar en el\u00a0<strong>Centro <\/strong>AN de Campillo de Ranas el \u00a0pr\u00f3ximo s\u00e1bado 12 de noviembre, a las 18 horas, y la entrada es gratuita.<\/p>\n<p>Larramendi rememorar\u00e1 un viaje en el que recorri\u00f3 4.300 kil\u00f3metros impulsado por el viento en tan solo 49 d\u00edas, en una expedici\u00f3n que puso a prueba la resistencia de su veh\u00edculo e\u00f3lico, \u00fanico en el mundo capaz de moverse con energ\u00edas renovables por las tierras polares.<\/p>\n<p>El certamen tendr\u00e1 lugar \u00a0viernes 11, s\u00e1bado 12 y domingo 13 de noviembre, y en el mismo se podr\u00e1n ver pel\u00edculas de viajes de Espa\u00f1a, Palestina, Ecuador, Italia, los campos de refugiados saharauis en Argelia, Francia y otros pa\u00edses. Adem\u00e1s, se podr\u00e1 ver la exposici\u00f3n de fotograf\u00edas &#8216;Retazos&#8217; de Luis Orlando,<\/p>\n<p>&nbsp;<\/p>\n<p>&nbsp;<\/p>\n","protected":false},"excerpt":{"rendered":"<p>El v\u00eddeo de la Primera Circunnavegaci\u00f3n de Groenlandia 2104 del Trineo de Viento ha sido seleccionado para el Certamen de Cine de Viajes de Ocej\u00f3n (Guadalajara), en su octava edici\u00f3n, una ocasi\u00f3n en la que, adem\u00e1s, su protagonista principal, el explorador polar Ram\u00f3n Larramendi, ofrecer\u00e1 una charla sobre la aventura. La proyecci\u00f3n tendr\u00e1 lugar en el\u00a0Centro AN de Campillo de Ranas el \u00a0pr\u00f3ximo s\u00e1bado 12 de noviembre, a las 18 horas, y la entrada es gratuita. Larramendi rememorar\u00e1 un viaje en el que recorri\u00f3 4.300 kil\u00f3metros impulsado por el viento en tan solo 49 d\u00edas, en una expedici\u00f3n que puso a prueba la resistencia de su veh\u00edculo e\u00f3lico, \u00fanico en el mundo capaz de moverse con energ\u00edas renovables por las tierras polares. El certamen tendr\u00e1 lugar \u00a0viernes 11, s\u00e1bado 12 y domingo 13 de noviembre, y en el mismo se podr\u00e1n ver pel\u00edculas de viajes de Espa\u00f1a, Palestina, Ecuador, Italia, los campos de refugiados saharauis en Argelia, Francia y otros pa\u00edses. Adem\u00e1s, se podr\u00e1 ver la exposici\u00f3n de fotograf\u00edas &#8216;Retazos&#8217; de Luis Orlando, &nbsp; &nbsp;<\/p>\n","protected":false},"author":1,"featured_media":2923,"comment_status":"closed","ping_status":"closed","sticky":false,"template":"","format":"standard","meta":{"footnotes":""},"categories":[11],"tags":[],"class_list":["post-2921","post","type-post","status-publish","format-standard","has-post-thumbnail","hentry","category-noticias-2"],"_links":{"self":[{"href":"https:\/\/tierraspolares.es\/trineodeviento\/wp-json\/wp\/v2\/posts\/2921","targetHints":{"allow":["GET"]}}],"collection":[{"href":"https:\/\/tierraspolares.es\/trineodeviento\/wp-json\/wp\/v2\/posts"}],"about":[{"href":"https:\/\/tierraspolares.es\/trineodeviento\/wp-json\/wp\/v2\/types\/post"}],"author":[{"embeddable":true,"href":"https:\/\/tierraspolares.es\/trineodeviento\/wp-json\/wp\/v2\/users\/1"}],"replies":[{"embeddable":true,"href":"https:\/\/tierraspolares.es\/trineodeviento\/wp-json\/wp\/v2\/comments?post=2921"}],"version-history":[{"count":1,"href":"https:\/\/tierraspolares.es\/trineodeviento\/wp-json\/wp\/v2\/posts\/2921\/revisions"}],"predecessor-version":[{"id":987511564,"href":"https:\/\/tierraspolares.es\/trineodeviento\/wp-json\/wp\/v2\/posts\/2921\/revisions\/987511564"}],"wp:featuredmedia":[{"embeddable":true,"href":"https:\/\/tierraspolares.es\/trineodeviento\/wp-json\/"}],"wp:attachment":[{"href":"https:\/\/tierraspolares.es\/trineodeviento\/wp-json\/wp\/v2\/media?parent=2921"}],"wp:term":[{"taxonomy":"category","embeddable":true,"href":"https:\/\/tierraspolares.es\/trineodeviento\/wp-json\/wp\/v2\/categories?post=2921"},{"taxonomy":"post_tag","embeddable":true,"href":"https:\/\/tierraspolares.es\/trineodeviento\/wp-json\/wp\/v2\/tags?post=2921"}],"curies":[{"name":"wp","href":"https:\/\/api.w.org\/{rel}","templated":true}]}}