{"id":2928,"date":"2016-11-14T11:47:12","date_gmt":"2016-11-14T10:47:12","guid":{"rendered":"http:\/\/uptobe.es\/tierraspolares\/trineodeviento\/?p=2928"},"modified":"2025-06-05T22:28:01","modified_gmt":"2025-06-05T20:28:01","slug":"vente-el-gran-dia-de-la-exploracion-polar-23-de-noviembre","status":"publish","type":"post","link":"https:\/\/tierraspolares.es\/trineodeviento\/vente-el-gran-dia-de-la-exploracion-polar-23-de-noviembre\/","title":{"rendered":"El gran d\u00eda de la exploraci\u00f3n polar: 23 de noviembre 2016"},"content":{"rendered":"<p>Primer encuentro con los protagonistas de \u00a0la aventura polar del a\u00f1o y al estreno del v\u00eddeo &#8216;Mar del silencio&#8217;<\/p>\n<p><strong><em>\u201cEL TRINEO DE VIENTO EN LA CUMBRE DE HIELO\u201d <\/em><\/strong><\/p>\n<p><strong><em>23 DE NOVIEMBRE, 19HORAS. SAL\u00d3N DE ACTOS DEL INSTITUTO GEOGR\u00c1FICO NACIONAL (c\/ General Ib\u00e1\u00f1ez de Ibero, 3; 28005 MADRD) Entrada libre. CONFIRMA ASISTENCIA: confirmaciones@sge.org<\/em><\/strong><\/p>\n<p>&nbsp;<\/p>\n<p><strong>\u00bfQu\u00e9?<\/strong><\/p>\n<p>El explorador polar <strong>Ram\u00f3n Larramendi<\/strong> presenta en la sede de la <strong>Sociedad Geogr\u00e1fica Espa\u00f1ola<\/strong> (Sal\u00f3n de Actos del Instituto Geogr\u00e1fico Nacional) el pr\u00f3ximo\u00a0<strong>mi\u00e9rcoles 23 de Noviembre<\/strong>, a las\u00a0<strong>19.00 h<\/strong>, las conclusiones finales de su \u00faltima aventura, la expedici\u00f3n \u201cCumbre de Hielo Groenlandia 2016\u201d y podr\u00e1 verse el v\u00eddeo \u201cEl Mar del silencio\u201d, realizado por Vicente Leal . En el acto se dar\u00e1n a conocer los pr\u00f3ximos pasos de un proyecto \u00fanico en el mundo para los pr\u00f3ximos meses.<\/p>\n<p>Esta conferencia, organizada por la Sociedad Geogr\u00e1fica Espa\u00f1ola y la agencia Tierras Polares, ser\u00e1 la primera ocasi\u00f3n en la que p\u00fablico y medios de comunicaci\u00f3n podr\u00e1n conocer de primera mano la aventura de la \u00fanica expedici\u00f3n del mundo que ha recorrido 2.000 kil\u00f3metros en Groenlandia en 2016.<\/p>\n<p><strong>\u00bfQui\u00e9nes?<\/strong><\/p>\n<p>El acto estar\u00e1n presentes los expedicionarios<strong> Ram\u00f3n Larramendi<\/strong>, <strong>Ignacio Oficialdegui<\/strong>, <strong>Vicente Leal<\/strong> (autor del v\u00eddeo-documental), <strong>Hilo Moreno<\/strong> y <strong>Miguel Herrero<\/strong>. Ser\u00e1 presentado por la Sociedad Geogr\u00e1fica Espa\u00f1ola, y moderado por el periodista de la agencia EFE <strong>Arturo Larena<\/strong>, responsable de Efe Verde y Efe Futuro.<\/p>\n<p>El explorador polar Ram\u00f3n Larramendi, con casi 30.000 kil\u00f3metros recorridos por el \u00c1rtico y la Ant\u00e1rtida, es el promotor del Trineo de Viento, un veh\u00edculo no contaminante, eficiente y de bajo coste dise\u00f1ado para la investigaci\u00f3n en los territorios polares que ha despertado el inter\u00e9s de prestigiosos cient\u00edficos polares nacionales e internacionales.<\/p>\n<p><strong>Responder\u00e1n cuestiones como<\/strong>:<\/p>\n<p><em>\u00bfCu\u00e1les fueron los momentos m\u00e1s peligrosos de la expedici\u00f3n y c\u00f3mo los superaron?<\/em><\/p>\n<p><em>\u00bfC\u00f3mo es el modelo definitivo del Trineo de Viento tras 16 a\u00f1os?<\/em><\/p>\n<p><em>\u00bfC\u00f3mo han vivido el deshielo del \u00c1rtico en 2016 y qu\u00e9 datos cient\u00edficos han recogido?<\/em><\/p>\n<p><em>\u00bfCu\u00e1l es el reto de la futura expedici\u00f3n para el a\u00f1o 2017?<\/em><\/p>\n<p><strong>\u00bfCu\u00e1ndo y d\u00f3nde?<\/strong><\/p>\n<p>El evento, ocasi\u00f3n \u00fanica para escuchar a varios expedicionarios en Espa\u00f1a, tendr\u00e1 lugar el d\u00eda 23 de noviembre a las 19 horas en el <strong>Sal\u00f3n de Actos del<\/strong> <strong>INSTITUTO GEOGR\u00c1FICO NACIONAL (C\/ General Iba\u00f1ez de Ibero, 3. Madrid)<\/strong><\/p>\n<p>&nbsp;<\/p>\n<p>&nbsp;<\/p>\n","protected":false},"excerpt":{"rendered":"<p>Primer encuentro con los protagonistas de \u00a0la aventura polar del a\u00f1o y al estreno del v\u00eddeo &#8216;Mar del silencio&#8217; \u201cEL TRINEO DE VIENTO EN LA CUMBRE DE HIELO\u201d 23 DE NOVIEMBRE, 19HORAS. SAL\u00d3N DE ACTOS DEL INSTITUTO GEOGR\u00c1FICO NACIONAL (c\/ General Ib\u00e1\u00f1ez de Ibero, 3; 28005 MADRD) Entrada libre. CONFIRMA ASISTENCIA: confirmaciones@sge.org &nbsp; \u00bfQu\u00e9? El explorador polar Ram\u00f3n Larramendi presenta en la sede de la Sociedad Geogr\u00e1fica Espa\u00f1ola (Sal\u00f3n de Actos del Instituto Geogr\u00e1fico Nacional) el pr\u00f3ximo\u00a0mi\u00e9rcoles 23 de Noviembre, a las\u00a019.00 h, las conclusiones finales de su \u00faltima aventura, la expedici\u00f3n \u201cCumbre de Hielo Groenlandia 2016\u201d y podr\u00e1 verse el v\u00eddeo \u201cEl Mar del silencio\u201d, realizado por Vicente Leal . En el acto se dar\u00e1n a conocer los pr\u00f3ximos pasos de un proyecto \u00fanico en el mundo para los pr\u00f3ximos meses. Esta conferencia, organizada por la Sociedad Geogr\u00e1fica Espa\u00f1ola y la agencia Tierras Polares, ser\u00e1 la primera ocasi\u00f3n en la que p\u00fablico y medios de comunicaci\u00f3n podr\u00e1n conocer de primera mano la aventura de la \u00fanica expedici\u00f3n del mundo que ha recorrido 2.000 kil\u00f3metros en Groenlandia en 2016. \u00bfQui\u00e9nes? El acto estar\u00e1n presentes los expedicionarios Ram\u00f3n Larramendi, Ignacio Oficialdegui, Vicente Leal (autor del v\u00eddeo-documental), Hilo Moreno y Miguel Herrero. [&hellip;]<\/p>\n","protected":false},"author":1,"featured_media":2929,"comment_status":"closed","ping_status":"closed","sticky":false,"template":"","format":"standard","meta":{"footnotes":""},"categories":[14,11,25,16],"tags":[39,19,51],"class_list":["post-2928","post","type-post","status-publish","format-standard","has-post-thumbnail","hentry","category-hemeroteca","category-noticias-2","category-timeline","category-trineo-de-viento-2016","tag-conferencia","tag-groenlandia","tag-video"],"_links":{"self":[{"href":"https:\/\/tierraspolares.es\/trineodeviento\/wp-json\/wp\/v2\/posts\/2928","targetHints":{"allow":["GET"]}}],"collection":[{"href":"https:\/\/tierraspolares.es\/trineodeviento\/wp-json\/wp\/v2\/posts"}],"about":[{"href":"https:\/\/tierraspolares.es\/trineodeviento\/wp-json\/wp\/v2\/types\/post"}],"author":[{"embeddable":true,"href":"https:\/\/tierraspolares.es\/trineodeviento\/wp-json\/wp\/v2\/users\/1"}],"replies":[{"embeddable":true,"href":"https:\/\/tierraspolares.es\/trineodeviento\/wp-json\/wp\/v2\/comments?post=2928"}],"version-history":[{"count":1,"href":"https:\/\/tierraspolares.es\/trineodeviento\/wp-json\/wp\/v2\/posts\/2928\/revisions"}],"predecessor-version":[{"id":987511563,"href":"https:\/\/tierraspolares.es\/trineodeviento\/wp-json\/wp\/v2\/posts\/2928\/revisions\/987511563"}],"wp:featuredmedia":[{"embeddable":true,"href":"https:\/\/tierraspolares.es\/trineodeviento\/wp-json\/"}],"wp:attachment":[{"href":"https:\/\/tierraspolares.es\/trineodeviento\/wp-json\/wp\/v2\/media?parent=2928"}],"wp:term":[{"taxonomy":"category","embeddable":true,"href":"https:\/\/tierraspolares.es\/trineodeviento\/wp-json\/wp\/v2\/categories?post=2928"},{"taxonomy":"post_tag","embeddable":true,"href":"https:\/\/tierraspolares.es\/trineodeviento\/wp-json\/wp\/v2\/tags?post=2928"}],"curies":[{"name":"wp","href":"https:\/\/api.w.org\/{rel}","templated":true}]}}