{"id":2936,"date":"2016-11-24T19:35:53","date_gmt":"2016-11-24T18:35:53","guid":{"rendered":"http:\/\/uptobe.es\/tierraspolares\/trineodeviento\/?p=2936"},"modified":"2025-06-05T22:28:01","modified_gmt":"2025-06-05T20:28:01","slug":"una-tarde-en-madrid-y-groenlandia-a-bordo-de-un-trineo","status":"publish","type":"post","link":"https:\/\/tierraspolares.es\/trineodeviento\/una-tarde-en-madrid-y-groenlandia-a-bordo-de-un-trineo\/","title":{"rendered":"Una tarde entre Madrid y Groenlandia, a bordo de un Trineo"},"content":{"rendered":"<p><iframe data-src=\"https:\/\/player.vimeo.com\/video\/191621728?title=0&amp;byline=0&amp;portrait=0\" width=\"640\" height=\"360\" frameborder=\"0\" allowfullscreen=\"allowfullscreen\" src=\"data:image\/svg+xml;base64,PHN2ZyB3aWR0aD0iMSIgaGVpZ2h0PSIxIiB4bWxucz0iaHR0cDovL3d3dy53My5vcmcvMjAwMC9zdmciPjwvc3ZnPg==\" class=\"lazyload\" data-load-mode=\"1\"><\/iframe><\/p>\n<p><a href=\"https:\/\/vimeo.com\/191621728\">EL MAR DEL SILENCIO<\/a> from <a href=\"https:\/\/vimeo.com\/user2703568\">90 Grados Norte<\/a> on <a href=\"https:\/\/vimeo.com\">Vimeo<\/a>.<\/p>\n<p><strong>ROSA M. TRIST\u00c1N<\/strong><\/p>\n<p>La expectaci\u00f3n era mucha. Por primera vez, cinco de los nueve expedicionarios del Trineo de Viento, que la pasada primavera lograron ascender a la Cumbre de Hielo de Groenlandia impulsados por la energ\u00eda e\u00f3lica, se reun\u00edan para contar su aventura y para explicar cu\u00e1les eran las conclusiones de un proyecto que es cient\u00edfico y de exploraci\u00f3n polar. Como la curiosidad era mucha, media hora antes de la cita, el sal\u00f3n de actos del Instituto Geogr\u00e1fico Nacional comenz\u00f3 a llenarse y a las 19 horas ya hab\u00eda un nutrido grupo de pie. Ante sus ojos ten\u00eda lugar el primer reencuentro del equipo (del que estaban presentes Ignacio Oficialdegui, Vicente Leal, Hilo Moreno y Nacho Garc\u00eda) con su l\u00edder de expedici\u00f3n, Ram\u00f3n Larramendi, desde que abandonaron el \u00c1rtico, hace casi cinco meses. Alrededor, un espacio cargado de historia por el que han pasado grandes exploradores como ellos mismos y el que trabaj\u00f3 muchos a\u00f1os la madre de Larramendi, mucho antes de imaginar que tendr\u00eda un hijo explorador.<\/p>\n<p><a href=\"http:\/\/tierraspolares.es\/\/tierraspolares\/trineodeviento\/wp-content\/uploads\/2016\/11\/IMG_0377-e1480071972138.jpg\"><img fetchpriority=\"high\" decoding=\"async\" class=\"aligncenter wp-image-2938 size-medium_large\" src=\"http:\/\/tierraspolares.es\/\/tierraspolares\/trineodeviento\/wp-content\/uploads\/2016\/11\/IMG_0377-768x576.jpg\" width=\"768\" height=\"576\" \/><\/a><\/p>\n<p>Para la ocasi\u00f3n, el acto cont\u00f3 con el periodista Arturo Larena como presentador-moderador del encuentro, a la saz\u00f3n director de EFE Verde y EFE FUTURO. Ejerci\u00f3 de inaugurador del acto Javier Alonso I\u00f1arra, director de Expediciones de la Sociedad Geogr\u00e1fica Espa\u00f1ola.<\/p>\n<p>I\u00f1arra puso al p\u00fablico en contexto destacando algunos hitos recientes de la exploraci\u00f3n espa\u00f1ola y, especialmente, la importancia de apoyar un proyecto \u00fanico en el mundo y a un explorador, Ram\u00f3n Larramendi, que ha recorrido casi 30.000 kil\u00f3metros por territorios polares.<\/p>\n<p>Momento importante fue el estreno del v\u00eddeo &#8216;El mar del silencio&#8217;, realizado y producido por el aventurero y c\u00e1mara Vicente Leal, durante la expedici\u00f3n Cumbre de Hielo, en la que se prob\u00f3 por vez primera una configuraci\u00f3n de cuatro m\u00f3dulos del veh\u00edculo y, tambi\u00e9n por vez primera, se logr\u00f3 ascender 2.000 metros de altitud hasta alcanzar la cima del interior de Groenlandia. En ese lugar est\u00e1 la base cient\u00edfica norteamericana Summit Camp, cuyos investigadores se quedaron asombrados con el veh\u00edculo del espa\u00f1ol. De todo ello, Leal grab\u00f3 im\u00e1genes que ya pueden verse y compartirse.<\/p>\n<p>Enseguida, la retina del p\u00fablico se llen\u00f3 de esa inmensa llanura blanca \u00e1rtica, \u00aben ocasiones, un white-out en el que cielo y hielo se confund\u00edan generando una sensaci\u00f3n de enso\u00f1amiento del que costaba despertar\u00bb, en palabras de Nacho Garc\u00eda; de los esfuerzos del grupo para manejar el trineo con vientos que incumpl\u00edan todos los patrones; de c\u00f3mo se mov\u00eda esta plataforma de travesa\u00f1os y rieles tirada por una cometa; del fr\u00edo de las ventiscas y tambi\u00e9n del inesperado y preocupante calor, que hasta les permiti\u00f3 hacer una barbacoa al aire libre en mitad de la nada helada. \u00abDesde el inicio, nos preocup\u00f3 mucho el deshielo que hab\u00eda. Hace 30 a\u00f1os, en el mismo lugar donde comenzamos encontr\u00e9 esa misma situaci\u00f3n, pero era a finales de junio, y no a mediados de mayo, como este a\u00f1o. El deshielo se adelant\u00f3 casi dos meses y el riesgo de encontrar agua era grande, pod\u00eda dar al traste con la expedici\u00f3n\u00bb, recordaba \u00a0Larramendi, promotor del proyecto.<\/p>\n<p>Afortunadamente, no hubo problemas con el agua y el explorador y sus compa\u00f1eros en ese primer turno iniciaron la aventura, eso s\u00ed, como explic\u00f3 Lararmendi \u00abdivididos en dos equipos, algo que al final nos sirvi\u00f3 para demostrar que el Trineo de Viento es muy vers\u00e1til y se adapta a diferentes escenarios\u00bb. Ram\u00f3n explic\u00f3 con detalle c\u00f3mo ser\u00e1n los cuatro modelos que ha dise\u00f1ado y que ya imagina navegando por la Ant\u00e1rtida, con cient\u00edficos de todo el mundo recorriendo miles de kil\u00f3metros.<\/p>\n<div id=\"attachment_2939\" style=\"width: 778px\" class=\"wp-caption aligncenter\"><a href=\"http:\/\/tierraspolares.es\/\/tierraspolares\/trineodeviento\/wp-content\/uploads\/2016\/11\/IMG_0388.jpg\"><img decoding=\"async\" aria-describedby=\"caption-attachment-2939\" class=\"wp-image-2939 size-medium_large lazyload\" data-src=\"http:\/\/tierraspolares.es\/\/tierraspolares\/trineodeviento\/wp-content\/uploads\/2016\/11\/IMG_0388-768x576.jpg\" width=\"768\" height=\"576\" src=\"data:image\/svg+xml;base64,PHN2ZyB3aWR0aD0iMSIgaGVpZ2h0PSIxIiB4bWxucz0iaHR0cDovL3d3dy53My5vcmcvMjAwMC9zdmciPjwvc3ZnPg==\" style=\"--smush-placeholder-width: 768px; --smush-placeholder-aspect-ratio: 768\/576;\" \/><\/a><p id=\"caption-attachment-2939\" class=\"wp-caption-text\">Ram\u00f3n Larramendi, a la derecha Ignacio Oficialdegui.<\/p><\/div>\n<p>Luego, le toc\u00f3 el turno a Ignacio Oficialdegui, un bi\u00f3logo metido en el mundo de las energ\u00edas renovables que desde 2005 se embarc\u00f3 con Larramendi en el proyecto y al que le toc\u00f3 comentar la parte m\u00e1s cient\u00edfica de la ruta groenlandesa. Cinco equipos cient\u00edficos confiaron al Trineo de Viento otros tantos trabajos en esta ruta, casi todos relacionados con la climatolog\u00eda y la contaminaci\u00f3n. \u00abLlev\u00e1bamos hasta un colector de prop\u00e1gulos aeronavegantes&#8230;\u00bb , coment\u00f3 Oficialdegui, que tuvo a continuaci\u00f3n que explicar a la perpleja audiencia que se trata de un mecanismo para detectar microorganismos en el aire.<\/p>\n<p>Dado que estaba presente el astrof\u00edsico Juan Jos\u00e9 Blanco, de la Universidad de Alcal\u00e1 de Henares, el expedicionario dej\u00f3 en sus manos todo lo relativo al proyecto sobre detecci\u00f3n de rayos c\u00f3smicos, que tambi\u00e9n llevaban en el equipaje y que el Trineo de Viento logr\u00f3 &#8216;cazar&#8217; en su larga traves\u00eda de casi 2.000 kil\u00f3metros durante 15 d\u00edas.<\/p>\n<p>Como no pod\u00eda ser menos, fueron muchas las preguntas de los asistentes y seguramente muchas m\u00e1s las que se quedaron en el bolsillo para futuras ocasiones por falta de tiempo. Las que hubo dieron pie a que Nacho Garc\u00eda, productor audiovisual, \u00a0explicara que \u00abel hecho de que fuera durante las 24 horas de d\u00eda trastoc\u00f3 los bioritmos, no se sab\u00eda cuando lo que se com\u00eda era desayuno o cena, era vivir como una burbuja del tiempo de la que cost\u00f3 regresar\u00bb; para que Larramendi comentara que \u00abel momento m\u00e1s dif\u00edcil fue cuando a la compa\u00f1era danesa Karin Moe Bojsen le pas\u00f3 el Trineo por encima en un descuido\u00bb, \u00a0que Hilo Moreno a\u00f1adiera que tambi\u00e9n fue arriesgado \u00abel campo de grietas que nos encontramos justo en la zona donde ten\u00eda que llegar el helic\u00f3ptero a recogernos\u00bb o que Vicente Leal recordara que \u00abaprender a manejar el veh\u00edculo\u00a0no lleva demasiado tiempo, aunque si que cuesta subir la cometa\u00bb. En total, 45 minutos para satisfacer la curiosidad de quienes no se movieron de la silla hasta el final, entre ellos unos cuantos cient\u00edficos muy conocidos, porque pocas veces se tiene la ocasi\u00f3n de participar de un evento en Espa\u00f1a con exploradores como los de la Cumbre de Hielo, excepcionales\u00a0testigos de un a\u00f1o en el que el calentamiento global es visible en el \u00c1rtico como nunca antes lo hab\u00eda sido.<\/p>\n<p>Quien lo ide\u00f3, en palabras de Arturo Larena, es \u00abun visionario que ha hecho f\u00e1cil lo que parece complicado y que permitir\u00e1 hacer ciencia espa\u00f1ola de alto nivel en ese mar de hielo con energ\u00edas renovables\u00bb.<\/p>\n<div id=\"attachment_2940\" style=\"width: 778px\" class=\"wp-caption aligncenter\"><a href=\"http:\/\/tierraspolares.es\/\/tierraspolares\/trineodeviento\/wp-content\/uploads\/2016\/11\/IMG_0420.jpg\"><img decoding=\"async\" aria-describedby=\"caption-attachment-2940\" class=\"wp-image-2940 size-medium_large lazyload\" data-src=\"http:\/\/tierraspolares.es\/\/tierraspolares\/trineodeviento\/wp-content\/uploads\/2016\/11\/IMG_0420-768x576.jpg\" width=\"768\" height=\"576\" src=\"data:image\/svg+xml;base64,PHN2ZyB3aWR0aD0iMSIgaGVpZ2h0PSIxIiB4bWxucz0iaHR0cDovL3d3dy53My5vcmcvMjAwMC9zdmciPjwvc3ZnPg==\" style=\"--smush-placeholder-width: 768px; --smush-placeholder-aspect-ratio: 768\/576;\" \/><\/a><p id=\"caption-attachment-2940\" class=\"wp-caption-text\">Hilo Moreno, Nacho Garc\u00eda y, al micr\u00f3fono, Vicente Leal.<\/p><\/div>\n<div id=\"attachment_2942\" style=\"width: 778px\" class=\"wp-caption aligncenter\"><a href=\"http:\/\/tierraspolares.es\/\/tierraspolares\/trineodeviento\/wp-content\/uploads\/2016\/11\/IMG_0437.jpg\"><img decoding=\"async\" aria-describedby=\"caption-attachment-2942\" class=\"wp-image-2942 size-medium_large lazyload\" data-src=\"http:\/\/tierraspolares.es\/\/tierraspolares\/trineodeviento\/wp-content\/uploads\/2016\/11\/IMG_0437-768x576.jpg\" width=\"768\" height=\"576\" src=\"data:image\/svg+xml;base64,PHN2ZyB3aWR0aD0iMSIgaGVpZ2h0PSIxIiB4bWxucz0iaHR0cDovL3d3dy53My5vcmcvMjAwMC9zdmciPjwvc3ZnPg==\" style=\"--smush-placeholder-width: 768px; --smush-placeholder-aspect-ratio: 768\/576;\" \/><\/a><p id=\"caption-attachment-2942\" class=\"wp-caption-text\">El astrof\u00edsico Juan Jos\u00e9 Blanco, junto a A. Larena.<\/p><\/div>\n<p>&nbsp;<\/p>\n","protected":false},"excerpt":{"rendered":"<p>EL MAR DEL SILENCIO from 90 Grados Norte on Vimeo. ROSA M. TRIST\u00c1N La expectaci\u00f3n era mucha. Por primera vez, cinco de los nueve expedicionarios del Trineo de Viento, que la pasada primavera lograron ascender a la Cumbre de Hielo de Groenlandia impulsados por la energ\u00eda e\u00f3lica, se reun\u00edan para contar su aventura y para explicar cu\u00e1les eran las conclusiones de un proyecto que es cient\u00edfico y de exploraci\u00f3n polar. Como la curiosidad era mucha, media hora antes de la cita, el sal\u00f3n de actos del Instituto Geogr\u00e1fico Nacional comenz\u00f3 a llenarse y a las 19 horas ya hab\u00eda un nutrido grupo de pie. Ante sus ojos ten\u00eda lugar el primer reencuentro del equipo (del que estaban presentes Ignacio Oficialdegui, Vicente Leal, Hilo Moreno y Nacho Garc\u00eda) con su l\u00edder de expedici\u00f3n, Ram\u00f3n Larramendi, desde que abandonaron el \u00c1rtico, hace casi cinco meses. Alrededor, un espacio cargado de historia por el que han pasado grandes exploradores como ellos mismos y el que trabaj\u00f3 muchos a\u00f1os la madre de Larramendi, mucho antes de imaginar que tendr\u00eda un hijo explorador. Para la ocasi\u00f3n, el acto cont\u00f3 con el periodista Arturo Larena como presentador-moderador del encuentro, a la saz\u00f3n director de EFE Verde [&hellip;]<\/p>\n","protected":false},"author":1,"featured_media":2937,"comment_status":"closed","ping_status":"closed","sticky":false,"template":"","format":"standard","meta":{"footnotes":""},"categories":[11],"tags":[54,30,41],"class_list":["post-2936","post","type-post","status-publish","format-standard","has-post-thumbnail","hentry","category-noticias-2","tag-cumbre-groenlandia-2016","tag-ramon-larramendi","tag-trineo-de-viento"],"_links":{"self":[{"href":"https:\/\/tierraspolares.es\/trineodeviento\/wp-json\/wp\/v2\/posts\/2936","targetHints":{"allow":["GET"]}}],"collection":[{"href":"https:\/\/tierraspolares.es\/trineodeviento\/wp-json\/wp\/v2\/posts"}],"about":[{"href":"https:\/\/tierraspolares.es\/trineodeviento\/wp-json\/wp\/v2\/types\/post"}],"author":[{"embeddable":true,"href":"https:\/\/tierraspolares.es\/trineodeviento\/wp-json\/wp\/v2\/users\/1"}],"replies":[{"embeddable":true,"href":"https:\/\/tierraspolares.es\/trineodeviento\/wp-json\/wp\/v2\/comments?post=2936"}],"version-history":[{"count":1,"href":"https:\/\/tierraspolares.es\/trineodeviento\/wp-json\/wp\/v2\/posts\/2936\/revisions"}],"predecessor-version":[{"id":987511562,"href":"https:\/\/tierraspolares.es\/trineodeviento\/wp-json\/wp\/v2\/posts\/2936\/revisions\/987511562"}],"wp:featuredmedia":[{"embeddable":true,"href":"https:\/\/tierraspolares.es\/trineodeviento\/wp-json\/"}],"wp:attachment":[{"href":"https:\/\/tierraspolares.es\/trineodeviento\/wp-json\/wp\/v2\/media?parent=2936"}],"wp:term":[{"taxonomy":"category","embeddable":true,"href":"https:\/\/tierraspolares.es\/trineodeviento\/wp-json\/wp\/v2\/categories?post=2936"},{"taxonomy":"post_tag","embeddable":true,"href":"https:\/\/tierraspolares.es\/trineodeviento\/wp-json\/wp\/v2\/tags?post=2936"}],"curies":[{"name":"wp","href":"https:\/\/api.w.org\/{rel}","templated":true}]}}