{"id":2975,"date":"2017-01-05T11:26:30","date_gmt":"2017-01-05T10:26:30","guid":{"rendered":"http:\/\/uptobe.es\/tierraspolares\/trineodeviento\/?p=2975"},"modified":"2025-06-05T22:28:01","modified_gmt":"2025-06-05T20:28:01","slug":"el-trineo-de-viento-llega-a-la-sierra-de-avila","status":"publish","type":"post","link":"https:\/\/tierraspolares.es\/trineodeviento\/el-trineo-de-viento-llega-a-la-sierra-de-avila\/","title":{"rendered":"El Trineo de Viento llega a la sierra de \u00c1vila"},"content":{"rendered":"<p>El pr\u00f3ximo 6 de enero, el expedicionario Vicente Leal ofrece en el municipio de El Arenal (\u00c1vila) una charla-debate sobre la \u00faltima expedici\u00f3n del Trineo de Viento, la Cumbre de Hielo Groenlandia 2016, que tuvo lugar desde el 15 de mayo al 24 de junio del a\u00f1o pasado y que recorri\u00f3 casi 2.000 kil\u00f3metros, ascendiendo 2.000 metros de altitud con dos toneladas de peso.<\/p>\n<p>El Arenal es un municipio de apenas 1.000 habitantes, cercano a Gredos y el Valle del Ti\u00e9tar, donde existe una gran afici\u00f3n por la exploraci\u00f3n y el monta\u00f1ismo. El acto sobre la expedici\u00f3n ha sido organizado por el Ayuntamiento.<\/p>\n<h2><strong>\u00bfEN QU\u00c9 CONSISTE?<\/strong><\/h2>\n<p>Vicente Leal, uno de los nueve miembros de la expedici\u00f3n dirigida por el explorador polar Ram\u00f3n Larramendi en Groenlandia, presentar\u00e1 el proyecto y las conclusiones de este viaje, as\u00ed como el v\u00eddeo-documental\u00a0<em>\u00abEl mar del silencio\u00bb<\/em>\u00a0que ha realizado. Vicente Leal, viajero y apasionado de la exploraci\u00f3n, ha recorrido el planeta escalando, en bicicleta o buceando en los fondos marinos m\u00e1s remotos y sus v\u00eddeos han sido premiados en prestigiosos festivales.<\/p>\n<h2><strong>\u00bfD\u00d3NDE Y CU\u00c1NDO?<\/strong><\/h2>\n<p>Ayuntamiento de El Arenal (\u00c1vila). Desde Madrid, dos horas en veh\u00edculo privado (175 kms). Desde \u00c1vila 1h 20m (79 kms).<\/p>\n<p>&nbsp;<\/p>\n<p>&nbsp;<\/p>\n","protected":false},"excerpt":{"rendered":"<p>El pr\u00f3ximo 6 de enero, el expedicionario Vicente Leal ofrece en el municipio de El Arenal (\u00c1vila) una charla-debate sobre la \u00faltima expedici\u00f3n del Trineo de Viento, la Cumbre de Hielo Groenlandia 2016, que tuvo lugar desde el 15 de mayo al 24 de junio del a\u00f1o pasado y que recorri\u00f3 casi 2.000 kil\u00f3metros, ascendiendo 2.000 metros de altitud con dos toneladas de peso. El Arenal es un municipio de apenas 1.000 habitantes, cercano a Gredos y el Valle del Ti\u00e9tar, donde existe una gran afici\u00f3n por la exploraci\u00f3n y el monta\u00f1ismo. El acto sobre la expedici\u00f3n ha sido organizado por el Ayuntamiento. \u00bfEN QU\u00c9 CONSISTE? Vicente Leal, uno de los nueve miembros de la expedici\u00f3n dirigida por el explorador polar Ram\u00f3n Larramendi en Groenlandia, presentar\u00e1 el proyecto y las conclusiones de este viaje, as\u00ed como el v\u00eddeo-documental\u00a0\u00abEl mar del silencio\u00bb\u00a0que ha realizado. Vicente Leal, viajero y apasionado de la exploraci\u00f3n, ha recorrido el planeta escalando, en bicicleta o buceando en los fondos marinos m\u00e1s remotos y sus v\u00eddeos han sido premiados en prestigiosos festivales. \u00bfD\u00d3NDE Y CU\u00c1NDO? Ayuntamiento de El Arenal (\u00c1vila). Desde Madrid, dos horas en veh\u00edculo privado (175 kms). Desde \u00c1vila 1h 20m (79 kms). &nbsp; &nbsp;<\/p>\n","protected":false},"author":1,"featured_media":2987,"comment_status":"closed","ping_status":"closed","sticky":false,"template":"","format":"standard","meta":{"footnotes":""},"categories":[11],"tags":[55,39,52,19,30,41],"class_list":["post-2975","post","type-post","status-publish","format-standard","has-post-thumbnail","hentry","category-noticias-2","tag-avila","tag-conferencia","tag-expedicion","tag-groenlandia","tag-ramon-larramendi","tag-trineo-de-viento"],"_links":{"self":[{"href":"https:\/\/tierraspolares.es\/trineodeviento\/wp-json\/wp\/v2\/posts\/2975","targetHints":{"allow":["GET"]}}],"collection":[{"href":"https:\/\/tierraspolares.es\/trineodeviento\/wp-json\/wp\/v2\/posts"}],"about":[{"href":"https:\/\/tierraspolares.es\/trineodeviento\/wp-json\/wp\/v2\/types\/post"}],"author":[{"embeddable":true,"href":"https:\/\/tierraspolares.es\/trineodeviento\/wp-json\/wp\/v2\/users\/1"}],"replies":[{"embeddable":true,"href":"https:\/\/tierraspolares.es\/trineodeviento\/wp-json\/wp\/v2\/comments?post=2975"}],"version-history":[{"count":1,"href":"https:\/\/tierraspolares.es\/trineodeviento\/wp-json\/wp\/v2\/posts\/2975\/revisions"}],"predecessor-version":[{"id":987511559,"href":"https:\/\/tierraspolares.es\/trineodeviento\/wp-json\/wp\/v2\/posts\/2975\/revisions\/987511559"}],"wp:featuredmedia":[{"embeddable":true,"href":"https:\/\/tierraspolares.es\/trineodeviento\/wp-json\/"}],"wp:attachment":[{"href":"https:\/\/tierraspolares.es\/trineodeviento\/wp-json\/wp\/v2\/media?parent=2975"}],"wp:term":[{"taxonomy":"category","embeddable":true,"href":"https:\/\/tierraspolares.es\/trineodeviento\/wp-json\/wp\/v2\/categories?post=2975"},{"taxonomy":"post_tag","embeddable":true,"href":"https:\/\/tierraspolares.es\/trineodeviento\/wp-json\/wp\/v2\/tags?post=2975"}],"curies":[{"name":"wp","href":"https:\/\/api.w.org\/{rel}","templated":true}]}}