{"id":2979,"date":"2017-01-05T13:19:56","date_gmt":"2017-01-05T12:19:56","guid":{"rendered":"http:\/\/uptobe.es\/tierraspolares\/trineodeviento\/?p=2979"},"modified":"2025-06-05T22:28:00","modified_gmt":"2025-06-05T20:28:00","slug":"cientificos-en-la-antartida-comienzan-2017-con-uvas-y-el-trineo-de-viento","status":"publish","type":"post","link":"https:\/\/tierraspolares.es\/trineodeviento\/cientificos-en-la-antartida-comienzan-2017-con-uvas-y-el-trineo-de-viento\/","title":{"rendered":"En la Ant\u00e1rtida comenzaron 2017 con uvas y un evento del #TrineoDeViento"},"content":{"rendered":"<p>Los cient\u00edficos de la Base Juan Carlos I, en la Isla Livingston de la Ant\u00e1rtida, comenzaron el a\u00f1o 2017, a m\u00e1s de 12.000 kil\u00f3metros de distancia de Espa\u00f1a, con una acto dedicado al Trineo de Viento, seg\u00fan informa desde el terreno el expedicionario y logista Hilo Moreno, que particip\u00f3 en la \u00faltima expedici\u00f3n dirigida por Ram\u00f3n Larramendi en Groenlandia, en la pasada primavera.<\/p>\n<div id=\"attachment_3003\" style=\"width: 778px\" class=\"wp-caption aligncenter\"><a href=\"http:\/\/tierraspolares.es\/\/tierraspolares\/trineodeviento\/wp-content\/uploads\/2017\/01\/charlaAnta\u0301rtida.jpg\"><img fetchpriority=\"high\" decoding=\"async\" aria-describedby=\"caption-attachment-3003\" class=\"wp-image-3003 size-medium_large\" src=\"http:\/\/tierraspolares.es\/\/tierraspolares\/trineodeviento\/wp-content\/uploads\/2017\/01\/charlaAnta\u0301rtida-768x459.jpg\" alt=\"Hilo Moreno, en la charla que di\u00f3 en la Ant\u00e1rtida sobre el Trineo de Viento. \" width=\"768\" height=\"459\" \/><\/a><p id=\"caption-attachment-3003\" class=\"wp-caption-text\">Hilo Moreno, en la charla que di\u00f3 en la Ant\u00e1rtida sobre el Trineo de Viento.<\/p><\/div>\n<div>Hilo Moreno es t\u00e9cnico de monta\u00f1a y su trabajo consiste en acompa\u00f1ar a los cient\u00edficos que han viajado esta campa\u00f1a hasta la base cient\u00edfica en el desarrollo de sus investigaciones. El primer d\u00eda del a\u00f1o, informa, ofreci\u00f3 a todos los presentes una charla sobre el proyecto, y proyect\u00f3 el v\u00eddeo \u00abEl mar del silencio\u00bb, realizado y producido por Vicente Leal, compa\u00f1ero tambi\u00e9n de la expedici\u00f3n. \u00abA todo el mundo le result\u00f3 muy interesante y estuvimos hasta muy tarde comentando sus m\u00faltiples posibilidades para la investigaci\u00f3n en este continente. Hubo cuestiones sobre la posibilidad de utilizarlo en determinados proyectos cient\u00edficos como otras relacionadas con la navegaci\u00f3n, los vientos, la mec\u00e1nica del trineo, materiales etc\u00bb, explica el expedicionario.<\/div>\n<div><\/div>\n<p>&nbsp;<\/p>\n<p>En estos momentos, la base Juan Carlos I lleva ya un mes abierta, un tiempo en el que Moreno h<\/p>\n","protected":false},"excerpt":{"rendered":"<p>Los cient\u00edficos de la Base Juan Carlos I, en la Isla Livingston de la Ant\u00e1rtida, comenzaron el a\u00f1o 2017, a m\u00e1s de 12.000 kil\u00f3metros de distancia de Espa\u00f1a, con una acto dedicado al Trineo de Viento, seg\u00fan informa desde el terreno el expedicionario y logista Hilo Moreno, que particip\u00f3 en la \u00faltima expedici\u00f3n dirigida por Ram\u00f3n Larramendi en Groenlandia, en la pasada primavera. Hilo Moreno es t\u00e9cnico de monta\u00f1a y su trabajo consiste en acompa\u00f1ar a los cient\u00edficos que han viajado esta campa\u00f1a hasta la base cient\u00edfica en el desarrollo de sus investigaciones. El primer d\u00eda del a\u00f1o, informa, ofreci\u00f3 a todos los presentes una charla sobre el proyecto, y proyect\u00f3 el v\u00eddeo \u00abEl mar del silencio\u00bb, realizado y producido por Vicente Leal, compa\u00f1ero tambi\u00e9n de la expedici\u00f3n. \u00abA todo el mundo le result\u00f3 muy interesante y estuvimos hasta muy tarde comentando sus m\u00faltiples posibilidades para la investigaci\u00f3n en este continente. Hubo cuestiones sobre la posibilidad de utilizarlo en determinados proyectos cient\u00edficos como otras relacionadas con la navegaci\u00f3n, los vientos, la mec\u00e1nica del trineo, materiales etc\u00bb, explica el expedicionario. &nbsp; En estos momentos, la base Juan Carlos I lleva ya un mes abierta, un tiempo en el que Moreno h<\/p>\n","protected":false},"author":1,"featured_media":2991,"comment_status":"closed","ping_status":"closed","sticky":false,"template":"","format":"standard","meta":{"footnotes":""},"categories":[11],"tags":[27,17,37,30,41],"class_list":["post-2979","post","type-post","status-publish","format-standard","has-post-thumbnail","hentry","category-noticias-2","tag-antartida","tag-ciencia","tag-exploracion","tag-ramon-larramendi","tag-trineo-de-viento"],"_links":{"self":[{"href":"https:\/\/tierraspolares.es\/trineodeviento\/wp-json\/wp\/v2\/posts\/2979","targetHints":{"allow":["GET"]}}],"collection":[{"href":"https:\/\/tierraspolares.es\/trineodeviento\/wp-json\/wp\/v2\/posts"}],"about":[{"href":"https:\/\/tierraspolares.es\/trineodeviento\/wp-json\/wp\/v2\/types\/post"}],"author":[{"embeddable":true,"href":"https:\/\/tierraspolares.es\/trineodeviento\/wp-json\/wp\/v2\/users\/1"}],"replies":[{"embeddable":true,"href":"https:\/\/tierraspolares.es\/trineodeviento\/wp-json\/wp\/v2\/comments?post=2979"}],"version-history":[{"count":1,"href":"https:\/\/tierraspolares.es\/trineodeviento\/wp-json\/wp\/v2\/posts\/2979\/revisions"}],"predecessor-version":[{"id":987511558,"href":"https:\/\/tierraspolares.es\/trineodeviento\/wp-json\/wp\/v2\/posts\/2979\/revisions\/987511558"}],"wp:featuredmedia":[{"embeddable":true,"href":"https:\/\/tierraspolares.es\/trineodeviento\/wp-json\/"}],"wp:attachment":[{"href":"https:\/\/tierraspolares.es\/trineodeviento\/wp-json\/wp\/v2\/media?parent=2979"}],"wp:term":[{"taxonomy":"category","embeddable":true,"href":"https:\/\/tierraspolares.es\/trineodeviento\/wp-json\/wp\/v2\/categories?post=2979"},{"taxonomy":"post_tag","embeddable":true,"href":"https:\/\/tierraspolares.es\/trineodeviento\/wp-json\/wp\/v2\/tags?post=2979"}],"curies":[{"name":"wp","href":"https:\/\/api.w.org\/{rel}","templated":true}]}}