{"id":3090,"date":"2017-03-13T23:31:24","date_gmt":"2017-03-13T22:31:24","guid":{"rendered":"http:\/\/uptobe.es\/tierraspolares\/trineodeviento\/?p=3090"},"modified":"2025-06-05T22:28:00","modified_gmt":"2025-06-05T20:28:00","slug":"conferencia-en-malaga-de-ramon-larramendi-16-de-marzo","status":"publish","type":"post","link":"https:\/\/tierraspolares.es\/trineodeviento\/conferencia-en-malaga-de-ramon-larramendi-16-de-marzo\/","title":{"rendered":"Larramendi en M\u00e1laga: \u00abEste proyecto Trineo del Viento va a triunfar\u00bb"},"content":{"rendered":"<p style=\"text-align: left;\">M\u00e1laga acogi\u00f3 ayer al explorador polar <strong>Ram\u00f3n Larramendi <\/strong>en una conferencia organizada por la sede en esta ciudad de la Sociedad Geogr\u00e1fica Espa\u00f1ola \u00a0(SGE) sobre su trayectoria \u00a0y sobre su proyecto \u00a0Trineo de Viento, conferencia que tuvo lugar en el Hotel Vincci Posada del Patio. El acto, que abri\u00f3 la colaborci\u00f3n entre este hotel y la SGE para futuras actividades, cont\u00f3 con la presencia de un nutrido grupo de personas, que llenaron la sala.<\/p>\n<p style=\"text-align: left;\">Laramendi estuvo acompa\u00f1ado por Bel\u00e9n Zayas, responsable de la delageci\u00f3n de la SGE \u00a0y profesora de Geograf\u00eda en la Universidad de M\u00e1laga. Aprovech\u00f3 para recordar sus primeras expediciones, cuando a\u00fan no hab\u00eda cumplido 20 a\u00f1os, y a hacer un recorrido por el desarrollo del \u00fanico eco-veh\u00edculo polar del mundo, movido por energ\u00edas renovables, con el que ya ha recorrido m\u00e1s de 18.000 kil\u00f3metros por el \u00c1rtico y la Ant\u00e1rtida. Larramendi \u00a0explic\u00f3 las conclusiones de su \u00faltima aventura, \u201cCumbre de Hielo Groenlandia 2016\u201d, en la que la tripulaci\u00f3n del convoy recogi\u00f3 datos cient\u00edficos para instituciones nacionales e internacionales de primer orden.<\/p>\n<div id=\"attachment_3114\" style=\"width: 528px\" class=\"wp-caption aligncenter\"><a href=\"http:\/\/tierraspolares.es\/\/tierraspolares\/trineodeviento\/wp-content\/uploads\/2017\/03\/IMG-20170316-WA0007.jpg\"><img fetchpriority=\"high\" decoding=\"async\" aria-describedby=\"caption-attachment-3114\" class=\"wp-image-3114\" src=\"http:\/\/tierraspolares.es\/\/tierraspolares\/trineodeviento\/wp-content\/uploads\/2017\/03\/IMG-20170316-WA0007-768x576.jpg\" alt=\"Larramendi, junto a Bel\u00e9n Zayas.\" width=\"518\" height=\"388\" \/><\/a><p id=\"caption-attachment-3114\" class=\"wp-caption-text\">Larramendi, junto a Bel\u00e9n Zayas.<\/p><\/div>\n<div id=\"attachment_3112\" style=\"width: 543px\" class=\"wp-caption aligncenter\"><a href=\"http:\/\/tierraspolares.es\/\/tierraspolares\/trineodeviento\/wp-content\/uploads\/2017\/03\/IMG-20170316-WA0005.jpg\"><img decoding=\"async\" aria-describedby=\"caption-attachment-3112\" class=\"wp-image-3112 lazyload\" data-src=\"http:\/\/tierraspolares.es\/\/tierraspolares\/trineodeviento\/wp-content\/uploads\/2017\/03\/IMG-20170316-WA0005-768x576.jpg\" alt=\"Larramendi, recordando sus primeras expediciones\" width=\"533\" height=\"399\" src=\"data:image\/svg+xml;base64,PHN2ZyB3aWR0aD0iMSIgaGVpZ2h0PSIxIiB4bWxucz0iaHR0cDovL3d3dy53My5vcmcvMjAwMC9zdmciPjwvc3ZnPg==\" style=\"--smush-placeholder-width: 533px; --smush-placeholder-aspect-ratio: 533\/399;\" \/><\/a><p id=\"caption-attachment-3112\" class=\"wp-caption-text\">Larramendi, recordando sus primeras expediciones<\/p><\/div>\n<div id=\"attachment_3116\" style=\"width: 554px\" class=\"wp-caption aligncenter\"><a href=\"http:\/\/tierraspolares.es\/\/tierraspolares\/trineodeviento\/wp-content\/uploads\/2017\/03\/C7E5MkLXkAApIwk-1.jpg\"><img decoding=\"async\" aria-describedby=\"caption-attachment-3116\" class=\"wp-image-3116 lazyload\" data-src=\"http:\/\/tierraspolares.es\/\/tierraspolares\/trineodeviento\/wp-content\/uploads\/2017\/03\/C7E5MkLXkAApIwk-1-768x576.jpg\" alt=\"\" width=\"544\" height=\"408\" src=\"data:image\/svg+xml;base64,PHN2ZyB3aWR0aD0iMSIgaGVpZ2h0PSIxIiB4bWxucz0iaHR0cDovL3d3dy53My5vcmcvMjAwMC9zdmciPjwvc3ZnPg==\" style=\"--smush-placeholder-width: 544px; --smush-placeholder-aspect-ratio: 544\/408;\" \/><\/a><p id=\"caption-attachment-3116\" class=\"wp-caption-text\">Larramendi, con uno de los asistentes, Luis M. Gordillo.<\/p><\/div>\n<p>&nbsp;<\/p>\n<p>&nbsp;<\/p>\n","protected":false},"excerpt":{"rendered":"<p>M\u00e1laga acogi\u00f3 ayer al explorador polar Ram\u00f3n Larramendi en una conferencia organizada por la sede en esta ciudad de la Sociedad Geogr\u00e1fica Espa\u00f1ola \u00a0(SGE) sobre su trayectoria \u00a0y sobre su proyecto \u00a0Trineo de Viento, conferencia que tuvo lugar en el Hotel Vincci Posada del Patio. El acto, que abri\u00f3 la colaborci\u00f3n entre este hotel y la SGE para futuras actividades, cont\u00f3 con la presencia de un nutrido grupo de personas, que llenaron la sala. Laramendi estuvo acompa\u00f1ado por Bel\u00e9n Zayas, responsable de la delageci\u00f3n de la SGE \u00a0y profesora de Geograf\u00eda en la Universidad de M\u00e1laga. Aprovech\u00f3 para recordar sus primeras expediciones, cuando a\u00fan no hab\u00eda cumplido 20 a\u00f1os, y a hacer un recorrido por el desarrollo del \u00fanico eco-veh\u00edculo polar del mundo, movido por energ\u00edas renovables, con el que ya ha recorrido m\u00e1s de 18.000 kil\u00f3metros por el \u00c1rtico y la Ant\u00e1rtida. Larramendi \u00a0explic\u00f3 las conclusiones de su \u00faltima aventura, \u201cCumbre de Hielo Groenlandia 2016\u201d, en la que la tripulaci\u00f3n del convoy recogi\u00f3 datos cient\u00edficos para instituciones nacionales e internacionales de primer orden. &nbsp; &nbsp;<\/p>\n","protected":false},"author":1,"featured_media":3115,"comment_status":"closed","ping_status":"closed","sticky":false,"template":"","format":"standard","meta":{"footnotes":""},"categories":[11],"tags":[39,63,30,41],"class_list":["post-3090","post","type-post","status-publish","format-standard","has-post-thumbnail","hentry","category-noticias-2","tag-conferencia","tag-malaga","tag-ramon-larramendi","tag-trineo-de-viento"],"_links":{"self":[{"href":"https:\/\/tierraspolares.es\/trineodeviento\/wp-json\/wp\/v2\/posts\/3090","targetHints":{"allow":["GET"]}}],"collection":[{"href":"https:\/\/tierraspolares.es\/trineodeviento\/wp-json\/wp\/v2\/posts"}],"about":[{"href":"https:\/\/tierraspolares.es\/trineodeviento\/wp-json\/wp\/v2\/types\/post"}],"author":[{"embeddable":true,"href":"https:\/\/tierraspolares.es\/trineodeviento\/wp-json\/wp\/v2\/users\/1"}],"replies":[{"embeddable":true,"href":"https:\/\/tierraspolares.es\/trineodeviento\/wp-json\/wp\/v2\/comments?post=3090"}],"version-history":[{"count":1,"href":"https:\/\/tierraspolares.es\/trineodeviento\/wp-json\/wp\/v2\/posts\/3090\/revisions"}],"predecessor-version":[{"id":987511553,"href":"https:\/\/tierraspolares.es\/trineodeviento\/wp-json\/wp\/v2\/posts\/3090\/revisions\/987511553"}],"wp:featuredmedia":[{"embeddable":true,"href":"https:\/\/tierraspolares.es\/trineodeviento\/wp-json\/"}],"wp:attachment":[{"href":"https:\/\/tierraspolares.es\/trineodeviento\/wp-json\/wp\/v2\/media?parent=3090"}],"wp:term":[{"taxonomy":"category","embeddable":true,"href":"https:\/\/tierraspolares.es\/trineodeviento\/wp-json\/wp\/v2\/categories?post=3090"},{"taxonomy":"post_tag","embeddable":true,"href":"https:\/\/tierraspolares.es\/trineodeviento\/wp-json\/wp\/v2\/tags?post=3090"}],"curies":[{"name":"wp","href":"https:\/\/api.w.org\/{rel}","templated":true}]}}