{"id":3101,"date":"2017-03-22T14:16:59","date_gmt":"2017-03-22T13:16:59","guid":{"rendered":"http:\/\/uptobe.es\/tierraspolares\/trineodeviento\/?p=3101"},"modified":"2025-06-05T22:28:00","modified_gmt":"2025-06-05T20:28:00","slug":"encuentro-de-ramon-larramendi-con-pedro-duque","status":"publish","type":"post","link":"https:\/\/tierraspolares.es\/trineodeviento\/encuentro-de-ramon-larramendi-con-pedro-duque\/","title":{"rendered":"Encuentro de Ram\u00f3n Larramendi con Pedro Duque"},"content":{"rendered":"<p>El explorador polar <strong>Ram\u00f3n Larramendi<\/strong> y el astronauta <strong>Pedro Duque<\/strong>, de la Agencia Espacial Europea (ESA) tendr\u00e1n un encuentro el pr\u00f3ximo d\u00eda 30 de marzo en el municipio de Villarta de San Juan (Ciudad Real), convocados por el colegio Nuestra Se\u00f1ora de la Paz y en colaboraci\u00f3n con la Sociedad Astron\u00f3mica y Geogr\u00e1fica de Ciudad Real, en el marco de las actividades que esta sociedad desarrolla en el colegio p\u00fablico del municipio. Sus 250 escolares ser\u00e1n los testigos privilegiados de este encuentro entre dos aventureros de entornos muy diferentes, pero en ambos casos ligados a la ciencia.<\/p>\n<p><a href=\"http:\/\/tierraspolares.es\/\/tierraspolares\/trineodeviento\/wp-content\/uploads\/2017\/03\/9.RamonPilota.jpg\"><img fetchpriority=\"high\" decoding=\"async\" class=\"aligncenter wp-image-3091\" src=\"http:\/\/tierraspolares.es\/\/tierraspolares\/trineodeviento\/wp-content\/uploads\/2017\/03\/9.RamonPilota-768x513.jpg\" alt=\"\" width=\"519\" height=\"348\" \/><\/a><\/p>\n<p>Al evento, organizado por el presidente de la Sociedad, y a la vez director del colegio, el tambi\u00e9n aventurero <strong>Manuel Jos\u00e9 Carpintero<\/strong>, acudir\u00e1 presencialmente el creador del Trineo de Viento, si bien Pedro Duque participar\u00e1 por videoconferencia al encontrarse en Alemania, dentro de sus actividades con la ESA.<\/p>\n<p>Esta actividad forma parte del un proyecto educativo, puesto en marcha por Carpintero, con el paraguas de la iniciativa &#8216;Peque\u00f1os exploradores&#8217;, con el que se trata de implicar a los escolares en el mundo de la aventura, y a trav\u00e9s de ah\u00ed, despertar su inter\u00e9s en la ciencia, la geograf\u00eda y la preservaci\u00f3n del medio ambiente.<\/p>\n<p>Los alumnos de Villarta de San Juan, municipio con 3.000 habitantes, ya han recibido visitas como la de <strong>Michel L\u00f3pez-Alegr\u00eda y la conexi\u00f3n con la expedici\u00f3n CONTIKI 2<\/strong>. Todos ellos han sido premiados, al igual que Ram\u00f3n Larramendi, por la Sociedad Astron\u00f3mica y Geogr\u00e1fica de Ciudad Real.<\/p>\n<p>El d\u00eda 31, la jornada se completar\u00e1 con la presencia del grupo de j\u00f3venes castellano-manchegos que han recorrido todo el curso del Guadiana en una balsa fabricada con enea.<\/p>\n<p>Carpintero hace ahora 10 a\u00f1os comparti\u00f3 con el creador del Trineo de Viento una aventura en Thule, en el norte de Groenlandia.<\/p>\n<p>&nbsp;<\/p>\n<p>&nbsp;<\/p>\n<p>&nbsp;<\/p>\n","protected":false},"excerpt":{"rendered":"<p>El explorador polar Ram\u00f3n Larramendi y el astronauta Pedro Duque, de la Agencia Espacial Europea (ESA) tendr\u00e1n un encuentro el pr\u00f3ximo d\u00eda 30 de marzo en el municipio de Villarta de San Juan (Ciudad Real), convocados por el colegio Nuestra Se\u00f1ora de la Paz y en colaboraci\u00f3n con la Sociedad Astron\u00f3mica y Geogr\u00e1fica de Ciudad Real, en el marco de las actividades que esta sociedad desarrolla en el colegio p\u00fablico del municipio. Sus 250 escolares ser\u00e1n los testigos privilegiados de este encuentro entre dos aventureros de entornos muy diferentes, pero en ambos casos ligados a la ciencia. Al evento, organizado por el presidente de la Sociedad, y a la vez director del colegio, el tambi\u00e9n aventurero Manuel Jos\u00e9 Carpintero, acudir\u00e1 presencialmente el creador del Trineo de Viento, si bien Pedro Duque participar\u00e1 por videoconferencia al encontrarse en Alemania, dentro de sus actividades con la ESA. Esta actividad forma parte del un proyecto educativo, puesto en marcha por Carpintero, con el paraguas de la iniciativa &#8216;Peque\u00f1os exploradores&#8217;, con el que se trata de implicar a los escolares en el mundo de la aventura, y a trav\u00e9s de ah\u00ed, despertar su inter\u00e9s en la ciencia, la geograf\u00eda y la preservaci\u00f3n del medio [&hellip;]<\/p>\n","protected":false},"author":1,"featured_media":3102,"comment_status":"closed","ping_status":"closed","sticky":false,"template":"","format":"standard","meta":{"footnotes":""},"categories":[11],"tags":[],"class_list":["post-3101","post","type-post","status-publish","format-standard","has-post-thumbnail","hentry","category-noticias-2"],"_links":{"self":[{"href":"https:\/\/tierraspolares.es\/trineodeviento\/wp-json\/wp\/v2\/posts\/3101","targetHints":{"allow":["GET"]}}],"collection":[{"href":"https:\/\/tierraspolares.es\/trineodeviento\/wp-json\/wp\/v2\/posts"}],"about":[{"href":"https:\/\/tierraspolares.es\/trineodeviento\/wp-json\/wp\/v2\/types\/post"}],"author":[{"embeddable":true,"href":"https:\/\/tierraspolares.es\/trineodeviento\/wp-json\/wp\/v2\/users\/1"}],"replies":[{"embeddable":true,"href":"https:\/\/tierraspolares.es\/trineodeviento\/wp-json\/wp\/v2\/comments?post=3101"}],"version-history":[{"count":1,"href":"https:\/\/tierraspolares.es\/trineodeviento\/wp-json\/wp\/v2\/posts\/3101\/revisions"}],"predecessor-version":[{"id":987511551,"href":"https:\/\/tierraspolares.es\/trineodeviento\/wp-json\/wp\/v2\/posts\/3101\/revisions\/987511551"}],"wp:featuredmedia":[{"embeddable":true,"href":"https:\/\/tierraspolares.es\/trineodeviento\/wp-json\/"}],"wp:attachment":[{"href":"https:\/\/tierraspolares.es\/trineodeviento\/wp-json\/wp\/v2\/media?parent=3101"}],"wp:term":[{"taxonomy":"category","embeddable":true,"href":"https:\/\/tierraspolares.es\/trineodeviento\/wp-json\/wp\/v2\/categories?post=3101"},{"taxonomy":"post_tag","embeddable":true,"href":"https:\/\/tierraspolares.es\/trineodeviento\/wp-json\/wp\/v2\/tags?post=3101"}],"curies":[{"name":"wp","href":"https:\/\/api.w.org\/{rel}","templated":true}]}}