{"id":3145,"date":"2017-04-03T14:57:13","date_gmt":"2017-04-03T12:57:13","guid":{"rendered":"http:\/\/uptobe.es\/tierraspolares\/trineodeviento\/?p=3145"},"modified":"2025-06-05T22:28:00","modified_gmt":"2025-06-05T20:28:00","slug":"gran-acogida-del-trineo-de-viento-en-burgos","status":"publish","type":"post","link":"https:\/\/tierraspolares.es\/trineodeviento\/gran-acogida-del-trineo-de-viento-en-burgos\/","title":{"rendered":"Gran acogida del Trineo de Viento en Burgos"},"content":{"rendered":"<p>El pasado viernes, en el Treatro Principal de la ciudad de Burgos, a escasos metros de la catedral, m\u00e1s de 150 personas se acercaron a la conferencia sobre el veh\u00edculo polar Trineo de Viento que present\u00f3 su promotor e inventor, el explorador polar Ram\u00f3n Larramendi.<\/p>\n<p>El proyecto Trineo de Viento, que fue invitado a la ciudad por el Delf\u00edn Club Burgos, un club de buceo con unos 120 socios que cumple ahora su XV aniversario, tiene parte de sus ra\u00edces en tierras de la provincia, dado que el constructor de la estructura del trineo, Javier de la Puente (Fun Run Kayak), es de Aranda de Duero y tiene el taller donde la fabrica en el municipio de Fresnillo. All\u00ed se investigan y desarrollan los materiales que componen rieles y travesa\u00f1os del veh\u00edculo.<\/p>\n<p><a href=\"http:\/\/tierraspolares.es\/\/tierraspolares\/trineodeviento\/wp-content\/uploads\/2017\/04\/C8RGBVRWsAIU-oW-e1491223819816.jpg\"><img fetchpriority=\"high\" decoding=\"async\" class=\"wp-image-3147  aligncenter\" src=\"http:\/\/tierraspolares.es\/\/tierraspolares\/trineodeviento\/wp-content\/uploads\/2017\/04\/C8RGBVRWsAIU-oW-e1491223819816-768x430.jpg\" alt=\"\" width=\"679\" height=\"380\" \/><\/a><\/p>\n<p>En la conferencia, que tuvo lugar en las sala isabelina Polis\u00f3n, Larramendi hizo un recorrido hist\u00f3rico por los or\u00edgenes del proyecto, a continuaci\u00f3n coment\u00f3 lo conseguido en las \u00faltimas expediciones a Groenlandia, en 2014 y 2016, y termin\u00f3 destacando el reto que tiene por delante: convertirse en una plataforma oficial para la investigaci\u00f3n polar. \u00a0Como colof\u00f3n, se proyecto el corto documental \u00abEl Mar del Silencio\u00bb, realizado por Vicente Leal en la expedici\u00f3n del a\u00f1o pasado.<\/p>\n<p>Gran parte de las preguntas del p\u00fablico tuvieron que ver con la utilizaci\u00f3n de las cometas, que son el aut\u00e9ntico motor e\u00f3lico del Trineo de Viento, adem\u00e1s de muchas otras curiosidades sobre las aventuras polares que ha protagonizado el explorador.<\/p>\n<p>La conferencia, asimismo, despert\u00f3 el inter\u00e9s de pr\u00e1cticamente el 100 % de los medios de comunicaci\u00f3n locales, que se hicieron eco de su presencia en la ciudad.<\/p>\n<p><a href=\"http:\/\/tierraspolares.es\/\/tierraspolares\/trineodeviento\/wp-content\/uploads\/2017\/04\/C8VndGCXYAAAFeY.jpg\"><img decoding=\"async\" class=\"alignright size-medium_large wp-image-3148 lazyload\" data-src=\"http:\/\/tierraspolares.es\/\/tierraspolares\/trineodeviento\/wp-content\/uploads\/2017\/04\/C8VndGCXYAAAFeY-768x1024.jpg\" alt=\"\" src=\"data:image\/svg+xml;base64,PHN2ZyB3aWR0aD0iMSIgaGVpZ2h0PSIxIiB4bWxucz0iaHR0cDovL3d3dy53My5vcmcvMjAwMC9zdmciPjwvc3ZnPg==\" style=\"--smush-placeholder-width: 768px; --smush-placeholder-aspect-ratio: 768\/1024;\" \/><\/a><\/p>\n","protected":false},"excerpt":{"rendered":"<p>El pasado viernes, en el Treatro Principal de la ciudad de Burgos, a escasos metros de la catedral, m\u00e1s de 150 personas se acercaron a la conferencia sobre el veh\u00edculo polar Trineo de Viento que present\u00f3 su promotor e inventor, el explorador polar Ram\u00f3n Larramendi. El proyecto Trineo de Viento, que fue invitado a la ciudad por el Delf\u00edn Club Burgos, un club de buceo con unos 120 socios que cumple ahora su XV aniversario, tiene parte de sus ra\u00edces en tierras de la provincia, dado que el constructor de la estructura del trineo, Javier de la Puente (Fun Run Kayak), es de Aranda de Duero y tiene el taller donde la fabrica en el municipio de Fresnillo. All\u00ed se investigan y desarrollan los materiales que componen rieles y travesa\u00f1os del veh\u00edculo. En la conferencia, que tuvo lugar en las sala isabelina Polis\u00f3n, Larramendi hizo un recorrido hist\u00f3rico por los or\u00edgenes del proyecto, a continuaci\u00f3n coment\u00f3 lo conseguido en las \u00faltimas expediciones a Groenlandia, en 2014 y 2016, y termin\u00f3 destacando el reto que tiene por delante: convertirse en una plataforma oficial para la investigaci\u00f3n polar. \u00a0Como colof\u00f3n, se proyecto el corto documental \u00abEl Mar del Silencio\u00bb, realizado por Vicente [&hellip;]<\/p>\n","protected":false},"author":1,"featured_media":3146,"comment_status":"closed","ping_status":"closed","sticky":false,"template":"","format":"standard","meta":{"footnotes":""},"categories":[14,11],"tags":[66,17,67,30,41],"class_list":["post-3145","post","type-post","status-publish","format-standard","has-post-thumbnail","hentry","category-hemeroteca","category-noticias-2","tag-burgos","tag-ciencia","tag-exploracion-polar","tag-ramon-larramendi","tag-trineo-de-viento"],"_links":{"self":[{"href":"https:\/\/tierraspolares.es\/trineodeviento\/wp-json\/wp\/v2\/posts\/3145","targetHints":{"allow":["GET"]}}],"collection":[{"href":"https:\/\/tierraspolares.es\/trineodeviento\/wp-json\/wp\/v2\/posts"}],"about":[{"href":"https:\/\/tierraspolares.es\/trineodeviento\/wp-json\/wp\/v2\/types\/post"}],"author":[{"embeddable":true,"href":"https:\/\/tierraspolares.es\/trineodeviento\/wp-json\/wp\/v2\/users\/1"}],"replies":[{"embeddable":true,"href":"https:\/\/tierraspolares.es\/trineodeviento\/wp-json\/wp\/v2\/comments?post=3145"}],"version-history":[{"count":1,"href":"https:\/\/tierraspolares.es\/trineodeviento\/wp-json\/wp\/v2\/posts\/3145\/revisions"}],"predecessor-version":[{"id":987511549,"href":"https:\/\/tierraspolares.es\/trineodeviento\/wp-json\/wp\/v2\/posts\/3145\/revisions\/987511549"}],"wp:featuredmedia":[{"embeddable":true,"href":"https:\/\/tierraspolares.es\/trineodeviento\/wp-json\/"}],"wp:attachment":[{"href":"https:\/\/tierraspolares.es\/trineodeviento\/wp-json\/wp\/v2\/media?parent=3145"}],"wp:term":[{"taxonomy":"category","embeddable":true,"href":"https:\/\/tierraspolares.es\/trineodeviento\/wp-json\/wp\/v2\/categories?post=3145"},{"taxonomy":"post_tag","embeddable":true,"href":"https:\/\/tierraspolares.es\/trineodeviento\/wp-json\/wp\/v2\/tags?post=3145"}],"curies":[{"name":"wp","href":"https:\/\/api.w.org\/{rel}","templated":true}]}}