{"id":3325,"date":"2017-04-30T10:17:10","date_gmt":"2017-04-30T08:17:10","guid":{"rendered":"http:\/\/uptobe.es\/tierraspolares\/trineodeviento\/?p=3325"},"modified":"2025-06-05T22:28:00","modified_gmt":"2025-06-05T20:28:00","slug":"nueva-expedicion-rio-de-hielo-groenlandia-2017-4-de-mayo","status":"publish","type":"post","link":"https:\/\/tierraspolares.es\/trineodeviento\/nueva-expedicion-rio-de-hielo-groenlandia-2017-4-de-mayo\/","title":{"rendered":"Nueva expedici\u00f3n \u00abR\u00cdO DE HIELO GROENLANDIA 2017\u00bb"},"content":{"rendered":"<p><strong>Con la presencia en Madrid de Paul Travis Vallelonga, responsable de la nueva base internacional en Groenlandia, EASTGRIP<\/strong><\/p>\n<p><strong>-Ser\u00e1 la primera expedici\u00f3n cient\u00edfica internacional realizada con el Trineo de Viento de Ram\u00f3n Larramendi<\/strong><\/p>\n<p><strong>\u00a0D<\/strong><strong>\u00eda 4 de mayo. 12 horas. Sal\u00f3n de actos del Instituto Geogr\u00e1fico Nacional (<\/strong><strong>Calle del Gral. Ib\u00e1\u00f1ez de Ibero, 3, 28003 Madrid)<\/strong><\/p>\n<p><a href=\"http:\/\/tierraspolares.es\/\/tierraspolares\/trineodeviento\/presentacion-de-la-gran-expedicion-cientifica-internacional-rio-de-hielo-2017-groenlandia\/\">M\u00c1S DETALLES AQU\u00cd\u00a0<\/a><\/p>\n<p>&nbsp;<\/p>\n<p>&nbsp;<\/p>\n","protected":false},"excerpt":{"rendered":"<p>Con la presencia en Madrid de Paul Travis Vallelonga, responsable de la nueva base internacional en Groenlandia, EASTGRIP -Ser\u00e1 la primera expedici\u00f3n cient\u00edfica internacional realizada con el Trineo de Viento de Ram\u00f3n Larramendi \u00a0D\u00eda 4 de mayo. 12 horas. Sal\u00f3n de actos del Instituto Geogr\u00e1fico Nacional (Calle del Gral. Ib\u00e1\u00f1ez de Ibero, 3, 28003 Madrid) M\u00c1S DETALLES AQU\u00cd\u00a0 &nbsp; &nbsp;<\/p>\n","protected":false},"author":1,"featured_media":3294,"comment_status":"closed","ping_status":"closed","sticky":false,"template":"","format":"standard","meta":{"footnotes":""},"categories":[14,11,16],"tags":[57,26,17,68,69,70,71],"class_list":["post-3325","post","type-post","status-publish","format-standard","has-post-thumbnail","hentry","category-hemeroteca","category-noticias-2","category-trineo-de-viento-2016","tag-artico","tag-cambio-climatico","tag-ciencia","tag-madrid","tag-prensa","tag-presentacion","tag-rio-de-hielo-2017"],"_links":{"self":[{"href":"https:\/\/tierraspolares.es\/trineodeviento\/wp-json\/wp\/v2\/posts\/3325","targetHints":{"allow":["GET"]}}],"collection":[{"href":"https:\/\/tierraspolares.es\/trineodeviento\/wp-json\/wp\/v2\/posts"}],"about":[{"href":"https:\/\/tierraspolares.es\/trineodeviento\/wp-json\/wp\/v2\/types\/post"}],"author":[{"embeddable":true,"href":"https:\/\/tierraspolares.es\/trineodeviento\/wp-json\/wp\/v2\/users\/1"}],"replies":[{"embeddable":true,"href":"https:\/\/tierraspolares.es\/trineodeviento\/wp-json\/wp\/v2\/comments?post=3325"}],"version-history":[{"count":1,"href":"https:\/\/tierraspolares.es\/trineodeviento\/wp-json\/wp\/v2\/posts\/3325\/revisions"}],"predecessor-version":[{"id":987511547,"href":"https:\/\/tierraspolares.es\/trineodeviento\/wp-json\/wp\/v2\/posts\/3325\/revisions\/987511547"}],"wp:featuredmedia":[{"embeddable":true,"href":"https:\/\/tierraspolares.es\/trineodeviento\/wp-json\/wp\/v2\/media\/3294"}],"wp:attachment":[{"href":"https:\/\/tierraspolares.es\/trineodeviento\/wp-json\/wp\/v2\/media?parent=3325"}],"wp:term":[{"taxonomy":"category","embeddable":true,"href":"https:\/\/tierraspolares.es\/trineodeviento\/wp-json\/wp\/v2\/categories?post=3325"},{"taxonomy":"post_tag","embeddable":true,"href":"https:\/\/tierraspolares.es\/trineodeviento\/wp-json\/wp\/v2\/tags?post=3325"}],"curies":[{"name":"wp","href":"https:\/\/api.w.org\/{rel}","templated":true}]}}