{"id":3583,"date":"2017-05-31T14:47:28","date_gmt":"2017-05-31T12:47:28","guid":{"rendered":"http:\/\/uptobe.es\/tierraspolares\/trineodeviento\/?p=3583"},"modified":"2025-06-05T22:27:59","modified_gmt":"2025-06-05T20:27:59","slug":"la-primera-estacion-meteologica-movil-polar","status":"publish","type":"post","link":"https:\/\/tierraspolares.es\/trineodeviento\/la-primera-estacion-meteologica-movil-polar\/","title":{"rendered":"La primera estaci\u00f3n meteorol\u00f3gica m\u00f3vil polar"},"content":{"rendered":"<p><strong>Javier Sanz, Francisco Vasallo y Sergi Gonz\u00e1lez (AEMET)<\/strong><\/p>\n<p>Cuando Hilo Moreno nos explic\u00f3 que estaba metido en el proyecto Trineo del Viento, los tres predictores que formamos el Grupo Ant\u00e1rtico de Predicci\u00f3n de la Agencia Estatal de Meteorolog\u00eda (AEMET) decidimos un\u00e1nimemente sumarnos a este reto. Y es que para nosotros es todo un desaf\u00edo hacer predicciones para un veh\u00edculo en movimiento en un terreno tan inh\u00f3spito como por el que transcurre la expedici\u00f3n R\u00edo de Hielo Groenlandia 2017.<\/p>\n<p>Los miembros del grupo de predicci\u00f3n ant\u00e1rtica nos hemos especializado en predicci\u00f3n polar para el territorio ant\u00e1rtico, en el que se sit\u00faa la Base Ant\u00e1rtica Espa\u00f1ola <em>Juan Carlos I<\/em>, donde tambi\u00e9n trabaja Hilo Moreno desde hace ya muchas campa\u00f1as. Por ello hemos querido acompa\u00f1arlo, junto a Ram\u00f3n Larramendi y todo el equipo del Trineo del Viento, hacia el polo opuesto. Nuestro objetivo ha sido y es ayudarles a trazar una ruta \u00f3ptima con el viento y \u00a0avisarles con suficiente antelaci\u00f3n sobre si se avecinan condiciones adversas.<\/p>\n<p>Debido a las limitaciones de comunicaci\u00f3n que hay en el interior de Groenlandia, \u00a0para poder transmitir la informaci\u00f3n a la tripulaci\u00f3n hemos creado un c\u00f3digo basado en el lenguaje aeron\u00e1utico, que permite comunicar en menos de 160 caracteres las precipitaciones, las nubes, la visibilidad, la temperatura y el viento a distintos a diferentes niveles. Y es que si bien el Trineo de Viento va sobre tierra, la cometa puede ir a decenas de metros por encima del suelo, donde el viento puede ser dr\u00e1sticamente distinto al de la superficie. Con esta informaci\u00f3n, el eco-veh\u00edculo podr\u00e1 caminar de forma mucho m\u00e1s r\u00e1pida y segura.<\/p>\n<p>Adem\u00e1s de la predicci\u00f3n, la AEMET, conjuntamente con el proyecto MICROAIRPOLAR (en el que, por cierto, tambi\u00e9n participan miembros de AEMET), ha instalado en el trineo una estaci\u00f3n meteorol\u00f3gica dotada de la instrumentaci\u00f3n que se usa en la Ant\u00e1rtida, capaz de aguantar fuertes vientos y bajas temperaturas. Podemos decir que el Trineo de Viento se ha convertido en la primera estaci\u00f3n meteorol\u00f3gica m\u00f3vil de \u00e1mbito polar, lo que permitir\u00e1 aportar datos muy valiosos en un territorio, Groenlandia, en el que \u00a0las estaciones meteorol\u00f3gicas son muy escasas. Todos estos datos servir\u00e1n para validar los modelos meteorol\u00f3gicos que ya existen, realizar estudios meteorol\u00f3gicos y apoyar otras investigaciones. Son buenas noticias en el marco del A\u00f1o de Predicci\u00f3n Polar (YOPP) que acaba de empezar.<\/p>\n","protected":false},"excerpt":{"rendered":"<p>Javier Sanz, Francisco Vasallo y Sergi Gonz\u00e1lez (AEMET) Cuando Hilo Moreno nos explic\u00f3 que estaba metido en el proyecto Trineo del Viento, los tres predictores que formamos el Grupo Ant\u00e1rtico de Predicci\u00f3n de la Agencia Estatal de Meteorolog\u00eda (AEMET) decidimos un\u00e1nimemente sumarnos a este reto. Y es que para nosotros es todo un desaf\u00edo hacer predicciones para un veh\u00edculo en movimiento en un terreno tan inh\u00f3spito como por el que transcurre la expedici\u00f3n R\u00edo de Hielo Groenlandia 2017. Los miembros del grupo de predicci\u00f3n ant\u00e1rtica nos hemos especializado en predicci\u00f3n polar para el territorio ant\u00e1rtico, en el que se sit\u00faa la Base Ant\u00e1rtica Espa\u00f1ola Juan Carlos I, donde tambi\u00e9n trabaja Hilo Moreno desde hace ya muchas campa\u00f1as. Por ello hemos querido acompa\u00f1arlo, junto a Ram\u00f3n Larramendi y todo el equipo del Trineo del Viento, hacia el polo opuesto. Nuestro objetivo ha sido y es ayudarles a trazar una ruta \u00f3ptima con el viento y \u00a0avisarles con suficiente antelaci\u00f3n sobre si se avecinan condiciones adversas. Debido a las limitaciones de comunicaci\u00f3n que hay en el interior de Groenlandia, \u00a0para poder transmitir la informaci\u00f3n a la tripulaci\u00f3n hemos creado un c\u00f3digo basado en el lenguaje aeron\u00e1utico, que permite comunicar en menos de [&hellip;]<\/p>\n","protected":false},"author":1,"featured_media":3584,"comment_status":"closed","ping_status":"closed","sticky":false,"template":"","format":"standard","meta":{"footnotes":""},"categories":[11,75],"tags":[26,80],"class_list":["post-3583","post","type-post","status-publish","format-standard","has-post-thumbnail","hentry","category-noticias-2","category-trineo-de-viento-2017","tag-cambio-climatico","tag-meteorologia"],"_links":{"self":[{"href":"https:\/\/tierraspolares.es\/trineodeviento\/wp-json\/wp\/v2\/posts\/3583","targetHints":{"allow":["GET"]}}],"collection":[{"href":"https:\/\/tierraspolares.es\/trineodeviento\/wp-json\/wp\/v2\/posts"}],"about":[{"href":"https:\/\/tierraspolares.es\/trineodeviento\/wp-json\/wp\/v2\/types\/post"}],"author":[{"embeddable":true,"href":"https:\/\/tierraspolares.es\/trineodeviento\/wp-json\/wp\/v2\/users\/1"}],"replies":[{"embeddable":true,"href":"https:\/\/tierraspolares.es\/trineodeviento\/wp-json\/wp\/v2\/comments?post=3583"}],"version-history":[{"count":1,"href":"https:\/\/tierraspolares.es\/trineodeviento\/wp-json\/wp\/v2\/posts\/3583\/revisions"}],"predecessor-version":[{"id":987511536,"href":"https:\/\/tierraspolares.es\/trineodeviento\/wp-json\/wp\/v2\/posts\/3583\/revisions\/987511536"}],"wp:featuredmedia":[{"embeddable":true,"href":"https:\/\/tierraspolares.es\/trineodeviento\/wp-json\/"}],"wp:attachment":[{"href":"https:\/\/tierraspolares.es\/trineodeviento\/wp-json\/wp\/v2\/media?parent=3583"}],"wp:term":[{"taxonomy":"category","embeddable":true,"href":"https:\/\/tierraspolares.es\/trineodeviento\/wp-json\/wp\/v2\/categories?post=3583"},{"taxonomy":"post_tag","embeddable":true,"href":"https:\/\/tierraspolares.es\/trineodeviento\/wp-json\/wp\/v2\/tags?post=3583"}],"curies":[{"name":"wp","href":"https:\/\/api.w.org\/{rel}","templated":true}]}}