{"id":3763,"date":"2017-07-31T17:29:18","date_gmt":"2017-07-31T15:29:18","guid":{"rendered":"http:\/\/uptobe.es\/tierraspolares\/trineodeviento\/?p=3763"},"modified":"2025-06-05T22:27:59","modified_gmt":"2025-06-05T20:27:59","slug":"foro-logistico-sobre-la-antartida-en-la-republica-checa","status":"publish","type":"post","link":"https:\/\/tierraspolares.es\/trineodeviento\/foro-logistico-sobre-la-antartida-en-la-republica-checa\/","title":{"rendered":"Foro log\u00edstico sobre la Ant\u00e1rtida en la Rep\u00fablica Checa"},"content":{"rendered":"<p>Viajar a la Ant\u00e1rtida para investigar no s\u00f3lo es costoso econ\u00f3micamente, sino que requiere organizar con suficiente antelaci\u00f3n todos los medios y recursos de los que se va a precisar para que nada quede al azar. Esta es la raz\u00f3n por la que, meses antes de iniciarse las campa\u00f1as de investigaci\u00f3n en el continente blanco, los\u00a0Programas Ant\u00e1rticos Nacionales (reunidos en el COMNAP, siglas en ingl\u00e9s de Council of Managers of National Antarctic Programs) se re\u00fanen para coordinar el apoyo log\u00edstico necesario para las actividades cient\u00edficas en la Ant\u00e1rtida.<\/p>\n<p id=\"tw-target-text\" class=\"tw-data-text tw-ta tw-text-small\" dir=\"ltr\" data-placeholder=\"Traducci\u00f3n\"><span lang=\"es\">Conviene recordar que cada pa\u00eds que es signatario del Tratado Ant\u00e1rtico de 1959 cuenta con \u00a0un Programa Nacional Ant\u00e1rtico, que tiene la responsabilidad nacional de administrar el apoyo de la investigaci\u00f3n cient\u00edfica en el \u00c1rea del Tratado Ant\u00e1rtico en nombre de su Gobierno y del esp\u00edritu del Tratado. Actualmente, el COMNAP re\u00fane los Programas Nacionales Ant\u00e1rticos de 30 pa\u00edses de todo el mundo.<\/span><\/p>\n<p>Este a\u00f1o el encuentro se celebra en la ciudad checa de Brno desde hoy, 31 de Julio, al 2 de Agosto y hasta all\u00ed se ha trasladado el explorador polar Ram\u00f3n Larramendi para dar a conocer, en diferentes reuniones, su proyecto \u00a0Trineo de Viento, el \u00fanico veh\u00edculo polar cero emisiones del mundo, dentro de los encuentros preparatorios que mantiene para la expedici\u00f3n &#8216;<a href=\"http:\/\/tierraspolares.es\/\/tierraspolares\/trineodeviento\/futuros-proyectos\/\">Circunnavegaci\u00f3n de la Ant\u00e1rtida 2018<\/a>\u00ab.<\/p>\n<p>En esta ocasi\u00f3n, entre \u00a0los temas a tratar en este foro se encuentran los relacionados con el suministro energ\u00e9tico de las instalaciones ant\u00e1rticas, as\u00ed como los temas de seguridad. Ambas son dos de las m\u00e1ximas preocupaciones en un inmenso territorio de 14 millones de kil\u00f3metros cuadrados, casi la mitad que \u00c1frica (30 millones de km2) y m\u00e1s grande que Europa (10 millones de kil\u00f3metros cuadrados), en el que durante meses hay temperaturas de hasta 50\u00ba bajo cero.<\/p>\n<p>Espa\u00f1a, oficialmente, est\u00e1 representada en este foro en la Rep\u00fablica Checa por el responsable del Programa Polar Espa\u00f1ol, Antonio Quesada, uno de los cient\u00edficos que utiliza el eco-veh\u00edculo polar Trineo de Viento para recabar datos de los territorios polares para sus investigaciones. As\u00ed lo hizo en la expedici\u00f3n a <a href=\"http:\/\/tierraspolares.es\/\/tierraspolares\/trineodeviento\/expedicion-cumbre-del-hielo-en-groenlandia-2016\/\">Cumbre de Hielo Groenlandia 2016<\/a> y lo ha repetido en la expedici\u00f3n <a href=\"http:\/\/tierraspolares.es\/\/tierraspolares\/trineodeviento\/groenlandia-100xciencia\/\">R\u00edo de Hielo Groenlandia 2017<\/a>.<\/p>\n<p>Por su parte, el objetivo de Larramendi es aprovechar el evento para mostrar a los gestores de los programas de diferentes pa\u00edses las posibilidades que ofrece su veh\u00edculo para convertirse en un laboratorio m\u00f3vil a un coste econ\u00f3mico respecto a otros medios de transporte, con gran versatilidad, seguro y no contaminante.<\/p>\n<p>&nbsp;<\/p>\n<p>&nbsp;<\/p>\n<p>&nbsp;<\/p>\n","protected":false},"excerpt":{"rendered":"<p>Viajar a la Ant\u00e1rtida para investigar no s\u00f3lo es costoso econ\u00f3micamente, sino que requiere organizar con suficiente antelaci\u00f3n todos los medios y recursos de los que se va a precisar para que nada quede al azar. Esta es la raz\u00f3n por la que, meses antes de iniciarse las campa\u00f1as de investigaci\u00f3n en el continente blanco, los\u00a0Programas Ant\u00e1rticos Nacionales (reunidos en el COMNAP, siglas en ingl\u00e9s de Council of Managers of National Antarctic Programs) se re\u00fanen para coordinar el apoyo log\u00edstico necesario para las actividades cient\u00edficas en la Ant\u00e1rtida. Conviene recordar que cada pa\u00eds que es signatario del Tratado Ant\u00e1rtico de 1959 cuenta con \u00a0un Programa Nacional Ant\u00e1rtico, que tiene la responsabilidad nacional de administrar el apoyo de la investigaci\u00f3n cient\u00edfica en el \u00c1rea del Tratado Ant\u00e1rtico en nombre de su Gobierno y del esp\u00edritu del Tratado. Actualmente, el COMNAP re\u00fane los Programas Nacionales Ant\u00e1rticos de 30 pa\u00edses de todo el mundo. Este a\u00f1o el encuentro se celebra en la ciudad checa de Brno desde hoy, 31 de Julio, al 2 de Agosto y hasta all\u00ed se ha trasladado el explorador polar Ram\u00f3n Larramendi para dar a conocer, en diferentes reuniones, su proyecto \u00a0Trineo de Viento, el \u00fanico veh\u00edculo polar cero [&hellip;]<\/p>\n","protected":false},"author":1,"featured_media":3764,"comment_status":"closed","ping_status":"closed","sticky":false,"template":"","format":"standard","meta":{"footnotes":""},"categories":[11],"tags":[27,85,86,41],"class_list":["post-3763","post","type-post","status-publish","format-standard","has-post-thumbnail","hentry","category-noticias-2","tag-antartida","tag-comnap","tag-confereria","tag-trineo-de-viento"],"_links":{"self":[{"href":"https:\/\/tierraspolares.es\/trineodeviento\/wp-json\/wp\/v2\/posts\/3763","targetHints":{"allow":["GET"]}}],"collection":[{"href":"https:\/\/tierraspolares.es\/trineodeviento\/wp-json\/wp\/v2\/posts"}],"about":[{"href":"https:\/\/tierraspolares.es\/trineodeviento\/wp-json\/wp\/v2\/types\/post"}],"author":[{"embeddable":true,"href":"https:\/\/tierraspolares.es\/trineodeviento\/wp-json\/wp\/v2\/users\/1"}],"replies":[{"embeddable":true,"href":"https:\/\/tierraspolares.es\/trineodeviento\/wp-json\/wp\/v2\/comments?post=3763"}],"version-history":[{"count":1,"href":"https:\/\/tierraspolares.es\/trineodeviento\/wp-json\/wp\/v2\/posts\/3763\/revisions"}],"predecessor-version":[{"id":987511524,"href":"https:\/\/tierraspolares.es\/trineodeviento\/wp-json\/wp\/v2\/posts\/3763\/revisions\/987511524"}],"wp:featuredmedia":[{"embeddable":true,"href":"https:\/\/tierraspolares.es\/trineodeviento\/wp-json\/"}],"wp:attachment":[{"href":"https:\/\/tierraspolares.es\/trineodeviento\/wp-json\/wp\/v2\/media?parent=3763"}],"wp:term":[{"taxonomy":"category","embeddable":true,"href":"https:\/\/tierraspolares.es\/trineodeviento\/wp-json\/wp\/v2\/categories?post=3763"},{"taxonomy":"post_tag","embeddable":true,"href":"https:\/\/tierraspolares.es\/trineodeviento\/wp-json\/wp\/v2\/tags?post=3763"}],"curies":[{"name":"wp","href":"https:\/\/api.w.org\/{rel}","templated":true}]}}