{"id":3850,"date":"2017-11-20T11:13:41","date_gmt":"2017-11-20T10:13:41","guid":{"rendered":"http:\/\/uptobe.es\/tierraspolares\/trineodeviento\/?p=3850"},"modified":"2025-06-05T22:27:59","modified_gmt":"2025-06-05T20:27:59","slug":"aforo-lleno-con-el-trineo-de-viento-en-el-ateneo-de-madrid","status":"publish","type":"post","link":"https:\/\/tierraspolares.es\/trineodeviento\/aforo-lleno-con-el-trineo-de-viento-en-el-ateneo-de-madrid\/","title":{"rendered":"Aforo completo en Ateneo de Madrid con Larramendi"},"content":{"rendered":"<p>Casi 350 personas se reunieron en el hist\u00f3rico sal\u00f3n de actos del Ateneo de Madrid para conocer ayer, de primera mano, la aventura &#8216;<a href=\"http:\/\/tierraspolares.es\/\/tierraspolares\/trineodeviento\/groenlandia-100xciencia\/\">R\u00edo de Hielo Groenlandia 2017<\/a>&#8216; de la mano de sus protagonistas, en un evento enmarcado dentro de la Semana de la Ciencia. Durante m\u00e1s de dos horas, el p\u00fablico, que no se movi\u00f3 del sitio, pudo adentrarse en lo que es una expedici\u00f3n polar en un veh\u00edculo \u00fanico en el mundo, como es el <a href=\"http:\/\/tierraspolares.es\/\/tierraspolares\/trineodeviento\/el-trineo-de-viento\/\">Trineo de Viento<\/a> (Inuit WindSled) dise\u00f1ado por el explorador polar <a href=\"http:\/\/tierraspolares.es\/\/tierraspolares\/trineodeviento\/ramon-h-larramendi\/\">Ram\u00f3n Larramendi<\/a>.<\/p>\n<p><a href=\"http:\/\/tierraspolares.es\/\/tierraspolares\/trineodeviento\/wp-content\/uploads\/2017\/11\/RAMONLAteneo.jpg\"><img fetchpriority=\"high\" decoding=\"async\" class=\"aligncenter  wp-image-3879\" src=\"http:\/\/tierraspolares.es\/\/tierraspolares\/trineodeviento\/wp-content\/uploads\/2017\/11\/RAMONLAteneo-768x470.jpg\" alt=\"\" width=\"603\" height=\"369\" \/><\/a><\/p>\n<p>Los protagonistas del acto fueron, en primer lugar, el propio Larramendi, que estuvo acompa\u00f1ado por los expedicionarios Hilo Moreno y Nacho Garc\u00eda y por el destacado cient\u00edfico polar Antonio Quesada, responsable del Comit\u00e9 Polar Espa\u00f1ol. Entre el p\u00fablico tambi\u00e9n se encontraban expedicionarios que han viajado en el Trineo de Viento en otras ocasiones, como <a href=\"http:\/\/tierraspolares.es\/\/tierraspolares\/trineodeviento\/manuel-olivera-carta-de-un-investigador-aficionado\/\">Manuel Olivera<\/a>, <a href=\"http:\/\/tierraspolares.es\/\/tierraspolares\/trineodeviento\/javier-selva\/\">Javier Selva<\/a> e <a href=\"http:\/\/tierraspolares.es\/\/tierraspolares\/trineodeviento\/cronica-de-juan-i-oficialdegui\/\">Ignacio Oficialdegui<\/a>, as\u00ed como investigadores cuyos proyectos tambi\u00e9n han participado en la expedici\u00f3n o que tienen inter\u00e9s en el proyecto.<\/p>\n<p>&nbsp;<\/p>\n<p><a href=\"http:\/\/tierraspolares.es\/\/tierraspolares\/trineodeviento\/wp-content\/uploads\/2017\/11\/IMG_0084.jpg\"><img decoding=\"async\" class=\"aligncenter  wp-image-3872 lazyload\" data-src=\"http:\/\/tierraspolares.es\/\/tierraspolares\/trineodeviento\/wp-content\/uploads\/2017\/11\/IMG_0084-768x576.jpg\" alt=\"\" width=\"656\" height=\"492\" src=\"data:image\/svg+xml;base64,PHN2ZyB3aWR0aD0iMSIgaGVpZ2h0PSIxIiB4bWxucz0iaHR0cDovL3d3dy53My5vcmcvMjAwMC9zdmciPjwvc3ZnPg==\" style=\"--smush-placeholder-width: 656px; --smush-placeholder-aspect-ratio: 656\/492;\" \/><\/a><\/p>\n<p>&nbsp;<\/p>\n<p>Ram\u00f3n Larramendi fue el encargado de abrir la conferencia en el sal\u00f3n decorado por Arturo M\u00e9lida en el siglo XIX con una intervenci\u00f3n en la que record\u00f3 sus or\u00edgenes como explorador (lleva recorridos ya m\u00e1s de 30.000 kil\u00f3metros por el \u00c1rtico y la Ant\u00e1rtida) y los primeros pasos del Trineo de Viento. \u00abComprend\u00ed desde el principio que hay que contar con la sabidur\u00eda de los pueblos ind\u00edgenas como los inuit, que conocen perfectamente su territorio, porque lo m\u00e1s sencillo es lo m\u00e1s eficiente cuando te mueves en un entorno con condiciones extremas\u00bb.\u00a0 A continuaci\u00f3n, coment\u00f3 los detalles m\u00e1s importantes de una expedici\u00f3n a un &#8216;r\u00edo de hielo&#8217; (una gigantesca corriente lenta de hielo en movimiento en el noreste de Groenlandia) en la que este a\u00f1o no se encontraron con graves dificultades. \u00abNo tuvimos ninguna tormenta importante, como el a\u00f1o anterior\u00bb, se\u00f1alaba. \u00abTampoco largos parones por falta de viento. Todo fue muy bien hasta llegar a la base EasGRIP que era nuestro destino\u00bb.<\/p>\n<p><a href=\"http:\/\/tierraspolares.es\/\/tierraspolares\/trineodeviento\/wp-content\/uploads\/2017\/11\/IMG_0170-e1511170285679.jpg\"><img decoding=\"async\" class=\"aligncenter wp-image-3861 lazyload\" data-src=\"http:\/\/tierraspolares.es\/\/tierraspolares\/trineodeviento\/wp-content\/uploads\/2017\/11\/IMG_0170-e1511170285679-768x406.jpg\" alt=\"\" width=\"556\" height=\"294\" src=\"data:image\/svg+xml;base64,PHN2ZyB3aWR0aD0iMSIgaGVpZ2h0PSIxIiB4bWxucz0iaHR0cDovL3d3dy53My5vcmcvMjAwMC9zdmciPjwvc3ZnPg==\" style=\"--smush-placeholder-width: 556px; --smush-placeholder-aspect-ratio: 556\/294;\" \/><\/a><\/p>\n<p>A continuci\u00f3n, el expedicionario Hilo Moreno hizo un repaso de los trabajos cient\u00edficos que desarrollaron y cuyos resultados a\u00fan est\u00e1n pendientes de publicar por los investigadores. \u00abCon nosotros viaj\u00f3 el investigador Ross Edwards, pues el trabajo principal era hacer una serie de agujeros de m\u00e1s de dos metros de profundidad en puntos determinados del recorrido para un proyecto denominado &#8216;Dark Snow\u00bb que estudia el impacto de los incendios y la contaminaci\u00f3n en el oscurecimiento de la nieve\u00bb, se\u00f1al\u00f3. \u00abPese a lo que pueda parecer, alcanzamos todas las coordenadas con una gran precisi\u00f3n, y par\u00e1bamos el trineo justo al lado de esos puntos, incluso encima alguna vez\u00bb, coment\u00f3 Moreno. Tambi\u00e9n di\u00f3 detalles de c\u00f3mo recogi\u00f3 datos sobre sus constantes vitales para un estudio en marcha sobre el impacto de condiciones extremas climatol\u00f3gicas en los expedicionarios polares, as\u00ed como sobre las dificultades de trabajar en el \u00c1rtico y la Ant\u00e1rtida. \u00abDesde luego, no es tan c\u00f3modo como un laboratorio calefactado como los que tenemos en las bases de la Ant\u00e1rtida, pero permite movernos miles de kil\u00f3metros recogiendo datos\u00bb, argument\u00f3.<\/p>\n<p><a href=\"http:\/\/tierraspolares.es\/\/tierraspolares\/trineodeviento\/wp-content\/uploads\/2017\/11\/IMG_0130-e1511174691414.jpg\"><img decoding=\"async\" class=\"aligncenter  wp-image-3871 lazyload\" data-src=\"http:\/\/tierraspolares.es\/\/tierraspolares\/trineodeviento\/wp-content\/uploads\/2017\/11\/IMG_0130-768x576.jpg\" alt=\"\" width=\"556\" height=\"417\" src=\"data:image\/svg+xml;base64,PHN2ZyB3aWR0aD0iMSIgaGVpZ2h0PSIxIiB4bWxucz0iaHR0cDovL3d3dy53My5vcmcvMjAwMC9zdmciPjwvc3ZnPg==\" style=\"--smush-placeholder-width: 556px; --smush-placeholder-aspect-ratio: 556\/417;\" \/><\/a><\/p>\n<p>Antonio Quesada, por su parte, augur\u00f3 un gran futuro para el Trineo de Viento dadas las muchas posibilidades que ofrece para la ciencia. En concreto, para su proyecto sobre detecci\u00f3n de microorganismos en el aire polar, con el que se quiere averiguar de d\u00f3nde vienen y c\u00f3mo se distribuyen: \u00abNos ha permitido recoger datos en m\u00e1s de mil kil\u00f3metros de recorrido de forma constante. Para ello desarrollamos una tecnolog\u00eda que a\u00fan debemos perfeccionar, pero funciona. Las muestras se cruzan con datos recogidos por una estaci\u00f3n meteorol\u00f3gica port\u00e1til que tambi\u00e9n iba en el veh\u00edculo. Los microorganismos viajan a gran velocidad y queremos saber el proceso. Se ha comprobado que en cinco d\u00edas llegan de Nueva Zelanda a la Ant\u00e1rtida. Los datos recogidos en Groenlandia a\u00fan se est\u00e1n analizando, pero seguiremos colaborando con este proyecto\u00bb, asegur\u00f3.<\/p>\n<p>Por su parte el documentalista Nacho Garc\u00eda, tambi\u00e9n expedicionario, coment\u00f3 algunas de las dificultades que se encontr\u00f3 para grabar im\u00e1genes, debido a las bajas temperaturas y la descarga, por este motivo, de las bater\u00edas.<\/p>\n<p>El acto termin\u00f3 con la proyecci\u00f3n del v\u00eddeo &#8216;El Mar del Silencio&#8217;, realizado por Vicente Leal en la expedici\u00f3n del a\u00f1o pasado, Cumbre de Hielo Groenlandia 2016, tras lo cual el numeroso p\u00fablico tuvo ocasi\u00f3n de preguntar a los ponentes sobre el proyecto y sobre las vida en una expedici\u00f3n de este tipo.<\/p>\n<p><a href=\"http:\/\/tierraspolares.es\/\/tierraspolares\/trineodeviento\/wp-content\/uploads\/2017\/11\/IMG_0093.jpg\"><img decoding=\"async\" class=\"aligncenter  wp-image-3874 lazyload\" data-src=\"http:\/\/tierraspolares.es\/\/tierraspolares\/trineodeviento\/wp-content\/uploads\/2017\/11\/IMG_0093-768x576.jpg\" alt=\"\" width=\"627\" height=\"470\" src=\"data:image\/svg+xml;base64,PHN2ZyB3aWR0aD0iMSIgaGVpZ2h0PSIxIiB4bWxucz0iaHR0cDovL3d3dy53My5vcmcvMjAwMC9zdmciPjwvc3ZnPg==\" style=\"--smush-placeholder-width: 627px; --smush-placeholder-aspect-ratio: 627\/470;\" \/><\/a><\/p>\n<p>&nbsp;<\/p>\n","protected":false},"excerpt":{"rendered":"<p>Casi 350 personas se reunieron en el hist\u00f3rico sal\u00f3n de actos del Ateneo de Madrid para conocer ayer, de primera mano, la aventura &#8216;R\u00edo de Hielo Groenlandia 2017&#8216; de la mano de sus protagonistas, en un evento enmarcado dentro de la Semana de la Ciencia. Durante m\u00e1s de dos horas, el p\u00fablico, que no se movi\u00f3 del sitio, pudo adentrarse en lo que es una expedici\u00f3n polar en un veh\u00edculo \u00fanico en el mundo, como es el Trineo de Viento (Inuit WindSled) dise\u00f1ado por el explorador polar Ram\u00f3n Larramendi. Los protagonistas del acto fueron, en primer lugar, el propio Larramendi, que estuvo acompa\u00f1ado por los expedicionarios Hilo Moreno y Nacho Garc\u00eda y por el destacado cient\u00edfico polar Antonio Quesada, responsable del Comit\u00e9 Polar Espa\u00f1ol. Entre el p\u00fablico tambi\u00e9n se encontraban expedicionarios que han viajado en el Trineo de Viento en otras ocasiones, como Manuel Olivera, Javier Selva e Ignacio Oficialdegui, as\u00ed como investigadores cuyos proyectos tambi\u00e9n han participado en la expedici\u00f3n o que tienen inter\u00e9s en el proyecto. &nbsp; &nbsp; Ram\u00f3n Larramendi fue el encargado de abrir la conferencia en el sal\u00f3n decorado por Arturo M\u00e9lida en el siglo XIX con una intervenci\u00f3n en la que record\u00f3 sus or\u00edgenes como [&hellip;]<\/p>\n","protected":false},"author":1,"featured_media":3858,"comment_status":"closed","ping_status":"closed","sticky":false,"template":"","format":"standard","meta":{"footnotes":""},"categories":[11],"tags":[26,17,50,19,30,91,41],"class_list":["post-3850","post","type-post","status-publish","format-standard","has-post-thumbnail","hentry","category-noticias-2","tag-cambio-climatico","tag-ciencia","tag-expediciones","tag-groenlandia","tag-ramon-larramendi","tag-semana-de-la-ciencia","tag-trineo-de-viento"],"_links":{"self":[{"href":"https:\/\/tierraspolares.es\/trineodeviento\/wp-json\/wp\/v2\/posts\/3850","targetHints":{"allow":["GET"]}}],"collection":[{"href":"https:\/\/tierraspolares.es\/trineodeviento\/wp-json\/wp\/v2\/posts"}],"about":[{"href":"https:\/\/tierraspolares.es\/trineodeviento\/wp-json\/wp\/v2\/types\/post"}],"author":[{"embeddable":true,"href":"https:\/\/tierraspolares.es\/trineodeviento\/wp-json\/wp\/v2\/users\/1"}],"replies":[{"embeddable":true,"href":"https:\/\/tierraspolares.es\/trineodeviento\/wp-json\/wp\/v2\/comments?post=3850"}],"version-history":[{"count":1,"href":"https:\/\/tierraspolares.es\/trineodeviento\/wp-json\/wp\/v2\/posts\/3850\/revisions"}],"predecessor-version":[{"id":987511516,"href":"https:\/\/tierraspolares.es\/trineodeviento\/wp-json\/wp\/v2\/posts\/3850\/revisions\/987511516"}],"wp:featuredmedia":[{"embeddable":true,"href":"https:\/\/tierraspolares.es\/trineodeviento\/wp-json\/"}],"wp:attachment":[{"href":"https:\/\/tierraspolares.es\/trineodeviento\/wp-json\/wp\/v2\/media?parent=3850"}],"wp:term":[{"taxonomy":"category","embeddable":true,"href":"https:\/\/tierraspolares.es\/trineodeviento\/wp-json\/wp\/v2\/categories?post=3850"},{"taxonomy":"post_tag","embeddable":true,"href":"https:\/\/tierraspolares.es\/trineodeviento\/wp-json\/wp\/v2\/tags?post=3850"}],"curies":[{"name":"wp","href":"https:\/\/api.w.org\/{rel}","templated":true}]}}