{"id":428,"date":"2013-12-26T20:35:34","date_gmt":"2013-12-26T20:35:34","guid":{"rendered":"http:\/\/uptobe.es\/tierraspolares\/trineodeviento\/?p=428"},"modified":"2013-12-26T20:35:34","modified_gmt":"2013-12-26T20:35:34","slug":"gran-cobertura-informativa-del-trineo-de-viento","status":"publish","type":"post","link":"https:\/\/tierraspolares.es\/trineodeviento\/gran-cobertura-informativa-del-trineo-de-viento\/","title":{"rendered":"Gran cobertura informativa del Trineo de Viento"},"content":{"rendered":"<p>L<span style=\"font-size: 13px; line-height: 19px;\">a presentaci\u00f3n del proyecto Trineo de Viento en el Instituto Cervantes de Madrid, celebrada el pasado 27 de noviembre, ha despertado un gran inter\u00e9s en los medios de comunicaci\u00f3n. A ra\u00edz de acto, el explorador polar Ram\u00f3n Larramendi, dise\u00f1ador el veh\u00edculo e\u00f3lico, y el ge\u00f3logo y piloto Juan Manuel Viu, han sido reclamados en los medios para entrevistas en las que han dado a conocer sus grandes posibilidades, as\u00ed como detalles de su futura gran aventura: la Circunnavegaci\u00f3n de Groenlandia, proyecto que ya han comenzado a preparar y que llevar\u00e1n a cabo en la primavera de 2014, junto con el productor Javier Selva y un gr<\/span><span style=\"font-size: 13px; line-height: 19px;\">roenland\u00e9s.\u00a0<\/span><\/p>\n<div class=\"VideoContainer f16x9\" itemprop=\"Video\" itemscope=\"\" itemtype=\"http:\/\/schema.org\/VideoObject\" data-sust=\"false\" data-assetid=\"2294797_es_videos\" data-permalink=\"http:\/\/www.rtve.es\/alacarta\/videos\/la-aventura-del-saber\/aventura-del-saber-ramon-larramendi\/2294797\/\" data-location=\"embed_videos\" data-idmanager=\"default\"><span class=\"hddn\" itemprop=\"name\" style=\"display: none;\">La Aventura del Saber. Ram\u00f3n Larramendi<\/span><meta itemprop=\"duration\" content=\"T00H09M53S\" \/><meta itemprop=\"thumbnail\" content=\"http:\/\/img.irtve.es\/imagenes\/aventura-del-saber-ramon-larramendi\/1389288530912.gif\" \/><meta itemprop=\"description\" content=\" Mar\u00eda Jos\u00e9 Garc\u00eda entrevista al explorador polar Ram\u00f3n Larramendi\" \/><object id=\"\" width=\"425\" height=\"239\" classid=\"clsid:d27cdb6e-ae6d-11cf-96b8-444553540000\" codebase=\"http:\/\/download.macromedia.com\/pub\/shockwave\/cabs\/flash\/swflash.cab#version=6,0,40,0\"><param name=\"allowScriptAccess\" value=\"always\" \/><param name=\"allowFullScreen\" value=\"true\" \/><param name=\"flashvars\" value=\"assetID=2294797_es_videos&amp;location=embed_videos\" \/><param name=\"wmode\" value=\"opaque\" \/><param name=\"quality\" value=\"high\" \/><param name=\"src\" value=\"http:\/\/swf.rtve.es\/swf\/4.2.18\/RTVEPlayerVideo.swf\" \/><param name=\"allowscriptaccess\" value=\"always\" \/><param name=\"allowfullscreen\" value=\"true\" \/><embed id=\"\" width=\"425\" height=\"239\" type=\"application\/x-shockwave-flash\" src=\"http:\/\/swf.rtve.es\/swf\/4.2.18\/RTVEPlayerVideo.swf\" allowScriptAccess=\"always\" allowFullScreen=\"true\" flashvars=\"assetID=2294797_es_videos&amp;location=embed_videos\" wmode=\"opaque\" quality=\"high\" allowscriptaccess=\"always\" allowfullscreen=\"true\" \/><!--  solo video--><a href=\"http:\/\/www.rtve.es\/alacarta\/videos\/la-aventura-del-saber\/aventura-del-saber-ramon-larramendi\/2294797\/\" itemprop=\"url\"><span class=\"videoplay\"><strong>Ver v\u00eddeo<\/strong><\/span><img decoding=\"async\" width=\"425\" data-src=\"http:\/\/img.irtve.es\/imagenes\/aventura-del-saber-ramon-larramendi\/1389288530912.gif\" alt=\"La Aventura del Saber.  Ram\u00f3n Larramendi\" title=\"La Aventura del Saber.  Ram\u00f3n Larramendi\" itemprop=\"Image\" class=\"jsResizeImage lazyload\" src=\"data:image\/svg+xml;base64,PHN2ZyB3aWR0aD0iMSIgaGVpZ2h0PSIxIiB4bWxucz0iaHR0cDovL3d3dy53My5vcmcvMjAwMC9zdmciPjwvc3ZnPg==\" \/><\/a><\/object><\/div>\n<ul style=\"padding: 4px 0 8px 5%; width: 95%; display: block; font-size: 10px; text-align: left; border-bottom: 1px solid #999; background: url('http:\/\/www.rtve.es\/favicon.ico') no-repeat left 2px;\">\n<li style=\"display: inline;\"><a title=\"La Aventura del Saber.  Ram\u00f3n Larramendi\" href=\"http:\/\/www.rtve.es\/alacarta\/videos\/la-aventura-del-saber\/aventura-del-saber-ramon-larramendi\/2294797.shtml\"><strong>La Aventura del Saber. Ram\u00f3n Larramendi<\/strong><\/a><\/li>\n<\/ul>\n<p>Larramendi y su proyecto, en estas \u00faltimas semanas, han participado en el programa matinal de La 1, de RTVE, \u00abLa aventura del saber\u00bb. Asimismo, han sido entrevistados en <a title=\"RADIO\" href=\"http:\/\/tierraspolares.es\/\/tierraspolares\/trineodeviento\/?page_id=231\">varios programas<\/a> de Radio Nacional, la COPE y Radio Euskadi. Entre<a title=\"prensa\" href=\"http:\/\/tierraspolares.es\/\/tierraspolares\/trineodeviento\/?page_id=235\"> los medios escritos<\/a>, destacan los reportajes aparecidos en el diario EL MUNDO y en LA RAZ\u00d3N.<\/p>\n<p>Adem\u00e1s, <a title=\"Medios digitales\" href=\"http:\/\/tierraspolares.es\/\/tierraspolares\/trineodeviento\/?page_id=233\">los medios digitales m\u00e1s importantes<\/a> tambi\u00e9n han contado en sus p\u00e1ginas web los detalles de una nueva traves\u00eda en la que el equipo tiene previsto recorrer m\u00e1s de 5.000 kil\u00f3metros, una ruta circular en la isla m\u00e1s extensa del planeta.<\/p>\n<p>Ya en el pasado, las expediciones protagonizadas por Larramendi han despertado un gran inter\u00e9s, tanto en su faceta deportiva, como en la que ahora mismo tiene m\u00e1s proyecci\u00f3n: la cient\u00edfica y la medio ambiental. De hecho, es uno de los pocos espa\u00f1oles a los que la revista norteamericana &#8216;National Geographic&#8217; dedic\u00f3 un extenso art\u00edculo, a ra\u00edz de su Expedici\u00f3n Circumpolar, un viaje que dur\u00f3 tres a\u00f1os. Sus proyectos tambi\u00e9n han merecido <a title=\"Tv\" href=\"http:\/\/tierraspolares.es\/\/tierraspolares\/trineodeviento\/?page_id=228\">numerosos programas de televisi\u00f3n<\/a>.<\/p>\n<p>&nbsp;<\/p>\n","protected":false},"excerpt":{"rendered":"<p>La presentaci\u00f3n del proyecto Trineo de Viento en el Instituto Cervantes de Madrid, celebrada el pasado 27 de noviembre, ha despertado un gran inter\u00e9s en los medios de comunicaci\u00f3n. A ra\u00edz de acto, el explorador polar Ram\u00f3n Larramendi, dise\u00f1ador el veh\u00edculo e\u00f3lico, y el ge\u00f3logo y piloto Juan Manuel Viu, han sido reclamados en los medios para entrevistas en las que han dado a conocer sus grandes posibilidades, as\u00ed como detalles de su futura gran aventura: la Circunnavegaci\u00f3n de Groenlandia, proyecto que ya han comenzado a preparar y que llevar\u00e1n a cabo en la primavera de 2014, junto con el productor Javier Selva y un grroenland\u00e9s.\u00a0 La Aventura del Saber. Ram\u00f3n LarramendiVer v\u00eddeo La Aventura del Saber. Ram\u00f3n Larramendi Larramendi y su proyecto, en estas \u00faltimas semanas, han participado en el programa matinal de La 1, de RTVE, \u00abLa aventura del saber\u00bb. Asimismo, han sido entrevistados en varios programas de Radio Nacional, la COPE y Radio Euskadi. Entre los medios escritos, destacan los reportajes aparecidos en el diario EL MUNDO y en LA RAZ\u00d3N. Adem\u00e1s, los medios digitales m\u00e1s importantes tambi\u00e9n han contado en sus p\u00e1ginas web los detalles de una nueva traves\u00eda en la que el equipo tiene previsto [&hellip;]<\/p>\n","protected":false},"author":1,"featured_media":473,"comment_status":"open","ping_status":"open","sticky":false,"template":"","format":"standard","meta":{"footnotes":""},"categories":[14,11],"tags":[20,12,21],"class_list":["post-428","post","type-post","status-publish","format-standard","has-post-thumbnail","hentry","category-hemeroteca","category-noticias-2","tag-entrevista","tag-noticias","tag-videos"],"_links":{"self":[{"href":"https:\/\/tierraspolares.es\/trineodeviento\/wp-json\/wp\/v2\/posts\/428","targetHints":{"allow":["GET"]}}],"collection":[{"href":"https:\/\/tierraspolares.es\/trineodeviento\/wp-json\/wp\/v2\/posts"}],"about":[{"href":"https:\/\/tierraspolares.es\/trineodeviento\/wp-json\/wp\/v2\/types\/post"}],"author":[{"embeddable":true,"href":"https:\/\/tierraspolares.es\/trineodeviento\/wp-json\/wp\/v2\/users\/1"}],"replies":[{"embeddable":true,"href":"https:\/\/tierraspolares.es\/trineodeviento\/wp-json\/wp\/v2\/comments?post=428"}],"version-history":[{"count":0,"href":"https:\/\/tierraspolares.es\/trineodeviento\/wp-json\/wp\/v2\/posts\/428\/revisions"}],"wp:featuredmedia":[{"embeddable":true,"href":"https:\/\/tierraspolares.es\/trineodeviento\/wp-json\/wp\/v2\/media\/473"}],"wp:attachment":[{"href":"https:\/\/tierraspolares.es\/trineodeviento\/wp-json\/wp\/v2\/media?parent=428"}],"wp:term":[{"taxonomy":"category","embeddable":true,"href":"https:\/\/tierraspolares.es\/trineodeviento\/wp-json\/wp\/v2\/categories?post=428"},{"taxonomy":"post_tag","embeddable":true,"href":"https:\/\/tierraspolares.es\/trineodeviento\/wp-json\/wp\/v2\/tags?post=428"}],"curies":[{"name":"wp","href":"https:\/\/api.w.org\/{rel}","templated":true}]}}