{"id":4687,"date":"2019-03-07T15:31:47","date_gmt":"2019-03-07T14:31:47","guid":{"rendered":"http:\/\/tierraspolares.es\/trineodeviento\/?p=4687"},"modified":"2025-06-05T22:27:56","modified_gmt":"2025-06-05T20:27:56","slug":"el-ministerio-de-ciencia-colaborara-con-el-trineo-de-viento","status":"publish","type":"post","link":"https:\/\/tierraspolares.es\/trineodeviento\/el-ministerio-de-ciencia-colaborara-con-el-trineo-de-viento\/","title":{"rendered":"El Ministerio de Ciencia colaborar\u00e1 con el Trineo de Viento"},"content":{"rendered":"<p>El Ministerio de Ciencia, Innovaci\u00f3n y Universidades colaborar\u00e1 en la creaci\u00f3n de una oferta concreta destinada a los investigadores polares a nivel nacional e internacional que permita la utilizaci\u00f3n del eco-veh\u00edculo polar espa\u00f1ol Trineo de Viento como plataforma m\u00f3vil para la ciencia en los territorios polares.<\/p>\n<p>Esta colaboraci\u00f3n es el resultado del encuentro mantenido hoy entre el ministro Pedro Duque y los miembros del equipo del Trineo de Viento que han protagonizado la expedici\u00f3n cient\u00edfica Ant\u00e1rtida Inexplorada 2018-2019, promovida y dirigida por Ram\u00f3n Larramendi. Han estado tambi\u00e9n presentes Sonia Ramos, secretaria T\u00e9cnica del Comit\u00e9 Polar Espa\u00f1ol, y los expedicionarios Ignacio Oficialdegui, Hermenegildo Moreno y Manuel Olivera.<\/p>\n<p>Durante la reuni\u00f3n, que se ha prolongado durante m\u00e1s de hora y media, Pedro Duque ha conocido de primera mano los pormenores de esta expedici\u00f3n espa\u00f1ola, en la que se han desarrollado un total de 10 proyectos cient\u00edficos nacionales e internacionales y que ha sido la primera de la historia en este continente cero emisiones.<\/p>\n<p>Larramendi, creador del Trineo de Viento, ha se\u00f1alado al ministro las grandes posibilidades que ofrece esta plataforma m\u00f3vil para el desarrollo de la ciencia espa\u00f1ola en territorios polares donde ahora no est\u00e1 presente debido a la gran complejidad log\u00edstica que supone llegar a los grandes desiertos de hielo en ambos hemisferios.\u00a0 Asimismo, ha destacado el papel que podr\u00e1 desempe\u00f1ar el eco-veh\u00edculo como plataforma para la cooperaci\u00f3n cient\u00edfica internacional y como emblema para la divulgaci\u00f3n de la ciencia tanto en la sociedad en general como en el \u00e1mbito educativo.<\/p>\n<p>Para ello, como tambi\u00e9n ha destacado Larramendi, se precisa del apoyo p\u00fablico a este proyecto tras casi 20 a\u00f1os de desarrollo privado, de forma\u00a0 que sea posible su continuidad. En este sentido, Duque se ha comprometido a que el Ministerio de Ciencia, Innovaci\u00f3n y Universidades colaborar\u00e1 con el proyecto para generar una oferta que permita a los cient\u00edficos de todo el mundo conocer y demandar esta pionera infraestructura espa\u00f1ola, para lo cual se crear\u00e1 un grupo de trabajo con t\u00e9cnicos ministeriales y del propio proyecto.<\/p>\n<p>El ministro ha mostrado gran inter\u00e9s en conocer los pormenores del funcionamiento del Trineo de Viento en las condiciones m\u00e1s extremas, como las que ha tenido los expedicionarios en la \u00faltima traves\u00eda ant\u00e1rtica, as\u00ed como el desarrollo tecnol\u00f3gico que ha tenido a lo largo del tiempo.<\/p>\n<p>Ram\u00f3n Larramendi ha se\u00f1alado a la salida: \u00abEs una gran satisfacci\u00f3n para nosotros el inter\u00e9s del ministro en nuestro proyecto, porque ya hemos demostrado que el Trineo de Viento es eficiente y eficaz para el sistema cient\u00edfico y confiamos en que tenga un gran futuro por delante\u00bb<\/p>\n","protected":false},"excerpt":{"rendered":"<p>El Ministerio de Ciencia, Innovaci\u00f3n y Universidades colaborar\u00e1 en la creaci\u00f3n de una oferta concreta destinada a los investigadores polares a nivel nacional e internacional que permita la utilizaci\u00f3n del eco-veh\u00edculo polar espa\u00f1ol Trineo de Viento como plataforma m\u00f3vil para la ciencia en los territorios polares. Esta colaboraci\u00f3n es el resultado del encuentro mantenido hoy entre el ministro Pedro Duque y los miembros del equipo del Trineo de Viento que han protagonizado la expedici\u00f3n cient\u00edfica Ant\u00e1rtida Inexplorada 2018-2019, promovida y dirigida por Ram\u00f3n Larramendi. Han estado tambi\u00e9n presentes Sonia Ramos, secretaria T\u00e9cnica del Comit\u00e9 Polar Espa\u00f1ol, y los expedicionarios Ignacio Oficialdegui, Hermenegildo Moreno y Manuel Olivera. Durante la reuni\u00f3n, que se ha prolongado durante m\u00e1s de hora y media, Pedro Duque ha conocido de primera mano los pormenores de esta expedici\u00f3n espa\u00f1ola, en la que se han desarrollado un total de 10 proyectos cient\u00edficos nacionales e internacionales y que ha sido la primera de la historia en este continente cero emisiones. Larramendi, creador del Trineo de Viento, ha se\u00f1alado al ministro las grandes posibilidades que ofrece esta plataforma m\u00f3vil para el desarrollo de la ciencia espa\u00f1ola en territorios polares donde ahora no est\u00e1 presente debido a la gran complejidad log\u00edstica [&hellip;]<\/p>\n","protected":false},"author":1,"featured_media":4688,"comment_status":"closed","ping_status":"closed","sticky":false,"template":"","format":"standard","meta":{"footnotes":""},"categories":[11],"tags":[],"class_list":["post-4687","post","type-post","status-publish","format-standard","has-post-thumbnail","hentry","category-noticias-2"],"_links":{"self":[{"href":"https:\/\/tierraspolares.es\/trineodeviento\/wp-json\/wp\/v2\/posts\/4687","targetHints":{"allow":["GET"]}}],"collection":[{"href":"https:\/\/tierraspolares.es\/trineodeviento\/wp-json\/wp\/v2\/posts"}],"about":[{"href":"https:\/\/tierraspolares.es\/trineodeviento\/wp-json\/wp\/v2\/types\/post"}],"author":[{"embeddable":true,"href":"https:\/\/tierraspolares.es\/trineodeviento\/wp-json\/wp\/v2\/users\/1"}],"replies":[{"embeddable":true,"href":"https:\/\/tierraspolares.es\/trineodeviento\/wp-json\/wp\/v2\/comments?post=4687"}],"version-history":[{"count":1,"href":"https:\/\/tierraspolares.es\/trineodeviento\/wp-json\/wp\/v2\/posts\/4687\/revisions"}],"predecessor-version":[{"id":987511469,"href":"https:\/\/tierraspolares.es\/trineodeviento\/wp-json\/wp\/v2\/posts\/4687\/revisions\/987511469"}],"wp:featuredmedia":[{"embeddable":true,"href":"https:\/\/tierraspolares.es\/trineodeviento\/wp-json\/"}],"wp:attachment":[{"href":"https:\/\/tierraspolares.es\/trineodeviento\/wp-json\/wp\/v2\/media?parent=4687"}],"wp:term":[{"taxonomy":"category","embeddable":true,"href":"https:\/\/tierraspolares.es\/trineodeviento\/wp-json\/wp\/v2\/categories?post=4687"},{"taxonomy":"post_tag","embeddable":true,"href":"https:\/\/tierraspolares.es\/trineodeviento\/wp-json\/wp\/v2\/tags?post=4687"}],"curies":[{"name":"wp","href":"https:\/\/api.w.org\/{rel}","templated":true}]}}