{"id":4700,"date":"2019-03-18T10:19:21","date_gmt":"2019-03-18T09:19:21","guid":{"rendered":"https:\/\/tierraspolares.es\/trineodeviento\/?p=4700"},"modified":"2025-06-05T22:27:56","modified_gmt":"2025-06-05T20:27:56","slug":"premio-genio-azul-2019-para-el-trineo-de-viento","status":"publish","type":"post","link":"https:\/\/tierraspolares.es\/trineodeviento\/premio-genio-azul-2019-para-el-trineo-de-viento\/","title":{"rendered":"Premio Genio Azul 2019 para el Trineo de Viento"},"content":{"rendered":"<p>El creador del Trineo de Viento, Ram\u00f3n Larramendi, ha recibido en Gij\u00f3n el Premio Genio Azul 2019 que cada a\u00f1o otorga el grupo Vocento al dise\u00f1o m\u00e1s innovador, por su proyecto Trineo de Viento. La entrega de este galard\u00f3n, a la que asistieron unas 200 personas, tuvo lugar en el Teatro de la Universidad Laboral de la ciudad asturiana, que este a\u00f1o ha sido la sede elegida para la entrega de estos galardones cuyo eje es reconocer el trabajo publicitario. \u00abEstoy realmente feliz de que el esfuerzo y el trabajo que hay detr\u00e1s del Trineo de Viento obtenga este premio, despu\u00e9s de 20 a\u00f1os de desarrollo. Tengo el convencimiento de que el futuro tiene que ir por ah\u00ed, la sostenibilidad, la creatividad y la eficiencia\u00bb, se\u00f1al\u00f3 despu\u00e9s de recogerlo.<\/p>\n<p><iframe data-src=\"https:\/\/www.youtube.com\/embed\/0K4ZFWwNU8k\" width=\"560\" height=\"315\" frameborder=\"0\" allowfullscreen=\"allowfullscreen\" src=\"data:image\/svg+xml;base64,PHN2ZyB3aWR0aD0iMSIgaGVpZ2h0PSIxIiB4bWxucz0iaHR0cDovL3d3dy53My5vcmcvMjAwMC9zdmciPjwvc3ZnPg==\" data-load-mode=\"1\"><span data-mce-type=\"bookmark\" style=\"display: inline-block; width: 0px; overflow: hidden; line-height: 0;\" class=\"mce_SELRES_start lazyload\">\ufeff<\/span><\/iframe><\/p>\n<p>Las casi 200 personas acudieron a Gij\u00f3n para asistir al ciclo de ponencias de los Premios GENIO, convocados por CMVocento y SCOPEN, disfrutaron de ponencias que en esta ocasi\u00f3n se centraron en la innovaci\u00f3n en el dise\u00f1o y que cont\u00f3\u00a0 con intervinientes de alto nivel, como <strong>Luis Gonz\u00e1lez Lorenzo<\/strong>, director de innovaci\u00f3n del programa Hyperloop One, un medio de transporte para el futuro m\u00e1s r\u00e1pido y no contaminante; la arquitecta <strong>N\u00faria Moliner<\/strong>, que presenta el programa &#8216;Escala Humana&#8217; de La 2 y recoge las \u00falltimas tendencias en arquitectura sostenible; o el neurocient\u00edfico cognitivo <strong>Manuel Mart\u00edn-Loeches<\/strong>, uno de los cient\u00edficos relacionados con el proyecto de Atapuerca, que explic\u00f3 con detalle c\u00f3mo el ser humano miente con asiduidad y lo hace en aras de preservar su imagen y, por tanto, su autoestima. El &#8216;coach&#8217; <strong>Juan Carlos Cubeiro<\/strong>, por su parte, centro su ponencia en la definici\u00f3n del talento y la capacidad de liderazgo.<\/p>\n<p><strong>Ram\u00f3n Larramendi<\/strong>, en su conferencia, destac\u00f3 que pertenece al reducido n\u00famero de personas que en el mundo se dedica a la exploraci\u00f3n polar. \u00abNo somos m\u00e1s de unas 15 personas, muchos menos que astronautas\u00bb, coment\u00f3, para a continuaci\u00f3n hacer un repaso de su vida y el origen del dise\u00f1o del Trineo de Viento, en el que reconoci\u00f3 el importante papel que tiene la tradici\u00f3n del pueblo inuit, un reconocimiento a la sabidur\u00eda ancestral que, se\u00f1al\u00f3, \u00aba menudo se desprestigia en aras de una mayor complejidad tecnol\u00f3gica que puede ser m\u00e1s ineficaz\u00bb.<\/p>\n<p>Larramendi rememor\u00f3 sus expediciones, haciendo especial hincapi\u00e9 en la \u00faltima, <a href=\"https:\/\/tierraspolares.es\/trineodeviento\/futuros-proyectos\/\">Ant\u00e1rtida Inexplorada<\/a>, y record\u00f3 que este proyecto ha sido totalmente de financiaci\u00f3n privada, buscando algo de dinero ac\u00e1 y all\u00e1 con un gran esfuerzo personal: \u00abEsperemos que esta situaci\u00f3n cambie y finalmente se convierta en una opci\u00f3n m\u00e1s del Programa Polar Espa\u00f1ol a la vez que las empresas ven en este proyecto una posibilidad de ligar su imagen a una iniciativa innovadora, sostenible y pionera a nivel mundial\u00bb.<\/p>\n<p>&nbsp;<\/p>\n<p>&nbsp;<\/p>\n","protected":false},"excerpt":{"rendered":"<p>El creador del Trineo de Viento, Ram\u00f3n Larramendi, ha recibido en Gij\u00f3n el Premio Genio Azul 2019 que cada a\u00f1o otorga el grupo Vocento al dise\u00f1o m\u00e1s innovador, por su proyecto Trineo de Viento. La entrega de este galard\u00f3n, a la que asistieron unas 200 personas, tuvo lugar en el Teatro de la Universidad Laboral de la ciudad asturiana, que este a\u00f1o ha sido la sede elegida para la entrega de estos galardones cuyo eje es reconocer el trabajo publicitario. \u00abEstoy realmente feliz de que el esfuerzo y el trabajo que hay detr\u00e1s del Trineo de Viento obtenga este premio, despu\u00e9s de 20 a\u00f1os de desarrollo. Tengo el convencimiento de que el futuro tiene que ir por ah\u00ed, la sostenibilidad, la creatividad y la eficiencia\u00bb, se\u00f1al\u00f3 despu\u00e9s de recogerlo. \ufeff Las casi 200 personas acudieron a Gij\u00f3n para asistir al ciclo de ponencias de los Premios GENIO, convocados por CMVocento y SCOPEN, disfrutaron de ponencias que en esta ocasi\u00f3n se centraron en la innovaci\u00f3n en el dise\u00f1o y que cont\u00f3\u00a0 con intervinientes de alto nivel, como Luis Gonz\u00e1lez Lorenzo, director de innovaci\u00f3n del programa Hyperloop One, un medio de transporte para el futuro m\u00e1s r\u00e1pido y no contaminante; la arquitecta [&hellip;]<\/p>\n","protected":false},"author":1,"featured_media":4701,"comment_status":"closed","ping_status":"closed","sticky":false,"template":"","format":"standard","meta":{"footnotes":""},"categories":[108,109,111],"tags":[],"class_list":["post-4700","post","type-post","status-publish","format-standard","has-post-thumbnail","hentry","category-antartida-inexplorada-2018","category-antartidfa","category-ciencia-polar"],"_links":{"self":[{"href":"https:\/\/tierraspolares.es\/trineodeviento\/wp-json\/wp\/v2\/posts\/4700","targetHints":{"allow":["GET"]}}],"collection":[{"href":"https:\/\/tierraspolares.es\/trineodeviento\/wp-json\/wp\/v2\/posts"}],"about":[{"href":"https:\/\/tierraspolares.es\/trineodeviento\/wp-json\/wp\/v2\/types\/post"}],"author":[{"embeddable":true,"href":"https:\/\/tierraspolares.es\/trineodeviento\/wp-json\/wp\/v2\/users\/1"}],"replies":[{"embeddable":true,"href":"https:\/\/tierraspolares.es\/trineodeviento\/wp-json\/wp\/v2\/comments?post=4700"}],"version-history":[{"count":1,"href":"https:\/\/tierraspolares.es\/trineodeviento\/wp-json\/wp\/v2\/posts\/4700\/revisions"}],"predecessor-version":[{"id":987511467,"href":"https:\/\/tierraspolares.es\/trineodeviento\/wp-json\/wp\/v2\/posts\/4700\/revisions\/987511467"}],"wp:featuredmedia":[{"embeddable":true,"href":"https:\/\/tierraspolares.es\/trineodeviento\/wp-json\/"}],"wp:attachment":[{"href":"https:\/\/tierraspolares.es\/trineodeviento\/wp-json\/wp\/v2\/media?parent=4700"}],"wp:term":[{"taxonomy":"category","embeddable":true,"href":"https:\/\/tierraspolares.es\/trineodeviento\/wp-json\/wp\/v2\/categories?post=4700"},{"taxonomy":"post_tag","embeddable":true,"href":"https:\/\/tierraspolares.es\/trineodeviento\/wp-json\/wp\/v2\/tags?post=4700"}],"curies":[{"name":"wp","href":"https:\/\/api.w.org\/{rel}","templated":true}]}}