{"id":4735,"date":"2019-04-25T17:14:18","date_gmt":"2019-04-25T15:14:18","guid":{"rendered":"https:\/\/tierraspolares.es\/trineodeviento\/?p=4735"},"modified":"2025-06-05T22:27:56","modified_gmt":"2025-06-05T20:27:56","slug":"mayo-estreno-en-en-madrid-y-valencia","status":"publish","type":"post","link":"https:\/\/tierraspolares.es\/trineodeviento\/mayo-estreno-en-en-madrid-y-valencia\/","title":{"rendered":"CONFERENCIAS SOBRE &#8216;ANT\u00c1RTIDA INEXPLORADA&#8217;: \u00a1VENTE!"},"content":{"rendered":"<h4>Durante los meses de Mayo y Junio el proyecto Trineo de Viento organiza o participa en eventos en Madrid, Valencia, Barcelona y M\u00e1laga, adem\u00e1s de participar en el Naukas Pamplona,\u00a0 sobre la expedici\u00f3n Ant\u00e1rtida Inexplorada, en los que se estrenar\u00e1 el corto-documental de la expedici\u00f3n, producido y realizado por Secuoya Producciones, bajo la direcci\u00f3n de Alfredo P\u00e9rez de Alb\u00e9niz. Estar\u00e1n presentes los expedicionarios Ram\u00f3n Larramendi, Ignacio Oficialdegui y Manuel Olivera en Madrid, Ram\u00f3n Larramendi en Barcelona, Valencia y M\u00e1laga e Ignacio Oficialdegui en Pamplona.<\/h4>\n<h3>MADRID:<\/h3>\n<p><strong>Martes 21 de Mayo a las 19 horas. Escuela T\u00e9cnica Superior de Ingenieros Industriales (Junto Museo Nacional de Ciencias Naturales). C\/ Jos\u00e9 Guti\u00e9rrez Abascal, 2. Aforo 390 personas.\u00a0<\/strong><\/p>\n<p><strong><a href=\"https:\/\/www.inscribirme.com\/conferenciaexpedicionantartidainexplorada20182019\">AQU\u00cd INSCRIPCI\u00d3N PREVIA GRATUITA<\/a><\/strong><\/p>\n<h3><strong>VALENCIA:<\/strong><\/h3>\n<p><strong>Mi\u00e9rcoles 22 de Mayo, a las 19 horas.\u00a0\u00c1mbito Cultural de El Corte Ingl\u00e9s . C\/ Col\u00f3n, 27. Aforo 120 personas.\u00a0\u00a0Entrada libre hasta completar aforo.<\/strong><\/p>\n<h3>PAMPLONA:<\/h3>\n<p><strong>S\u00e1bado 25 de Mayo. Hora por determinar.\u00a0<\/strong><strong>Conferencia de Ignacio Oficialdegui , organizada en <a href=\"https:\/\/naukas.com\/2019\/03\/27\/naukas-pamplona-otros-mundos\/\">Naukas Pamplona <\/a><\/strong>\u00a0. <strong>Palacio de Congresos y Auditorio Baluarte (Plaza del Baluarte s\/n). 19.10\u00a0<\/strong><\/p>\n<h3>BARCELONA:<\/h3>\n<p><strong>Jueves 30 de Mayo, a las 18.30 horas.\u00a0 Residencia de Investigadores C<\/strong><strong>SIC en Barcelona. Sal\u00f3n de Actos (Calle Hospital, 64 ).<br \/>\n<\/strong><\/p>\n<h3>M\u00c1LAGA<\/h3>\n<p><strong>Viernes 14 de de Junio.\u00a0 Hotel Vincci Posada del Patio ( Pasillo de Sta. Isabel, 7). Organizada por la Delegaci\u00f3n en M\u00e1laga de la Sociedad Geogr\u00e1fica Espa\u00f1ola. 19.30 horas.<\/strong><\/p>\n","protected":false},"excerpt":{"rendered":"<p>Durante los meses de Mayo y Junio el proyecto Trineo de Viento organiza o participa en eventos en Madrid, Valencia, Barcelona y M\u00e1laga, adem\u00e1s de participar en el Naukas Pamplona,\u00a0 sobre la expedici\u00f3n Ant\u00e1rtida Inexplorada, en los que se estrenar\u00e1 el corto-documental de la expedici\u00f3n, producido y realizado por Secuoya Producciones, bajo la direcci\u00f3n de Alfredo P\u00e9rez de Alb\u00e9niz. Estar\u00e1n presentes los expedicionarios Ram\u00f3n Larramendi, Ignacio Oficialdegui y Manuel Olivera en Madrid, Ram\u00f3n Larramendi en Barcelona, Valencia y M\u00e1laga e Ignacio Oficialdegui en Pamplona. MADRID: Martes 21 de Mayo a las 19 horas. Escuela T\u00e9cnica Superior de Ingenieros Industriales (Junto Museo Nacional de Ciencias Naturales). C\/ Jos\u00e9 Guti\u00e9rrez Abascal, 2. Aforo 390 personas.\u00a0 AQU\u00cd INSCRIPCI\u00d3N PREVIA GRATUITA VALENCIA: Mi\u00e9rcoles 22 de Mayo, a las 19 horas.\u00a0\u00c1mbito Cultural de El Corte Ingl\u00e9s . C\/ Col\u00f3n, 27. Aforo 120 personas.\u00a0\u00a0Entrada libre hasta completar aforo. PAMPLONA: S\u00e1bado 25 de Mayo. Hora por determinar.\u00a0Conferencia de Ignacio Oficialdegui , organizada en Naukas Pamplona \u00a0. Palacio de Congresos y Auditorio Baluarte (Plaza del Baluarte s\/n). 19.10\u00a0 BARCELONA: Jueves 30 de Mayo, a las 18.30 horas.\u00a0 Residencia de Investigadores CSIC en Barcelona. Sal\u00f3n de Actos (Calle Hospital, 64 ). M\u00c1LAGA Viernes 14 de de Junio.\u00a0 Hotel Vincci [&hellip;]<\/p>\n","protected":false},"author":1,"featured_media":4762,"comment_status":"closed","ping_status":"closed","sticky":false,"template":"","format":"standard","meta":{"footnotes":""},"categories":[108,109,110,111,11],"tags":[],"class_list":["post-4735","post","type-post","status-publish","format-standard","has-post-thumbnail","hentry","category-antartida-inexplorada-2018","category-antartidfa","category-cambio-climatico","category-ciencia-polar","category-noticias-2"],"_links":{"self":[{"href":"https:\/\/tierraspolares.es\/trineodeviento\/wp-json\/wp\/v2\/posts\/4735","targetHints":{"allow":["GET"]}}],"collection":[{"href":"https:\/\/tierraspolares.es\/trineodeviento\/wp-json\/wp\/v2\/posts"}],"about":[{"href":"https:\/\/tierraspolares.es\/trineodeviento\/wp-json\/wp\/v2\/types\/post"}],"author":[{"embeddable":true,"href":"https:\/\/tierraspolares.es\/trineodeviento\/wp-json\/wp\/v2\/users\/1"}],"replies":[{"embeddable":true,"href":"https:\/\/tierraspolares.es\/trineodeviento\/wp-json\/wp\/v2\/comments?post=4735"}],"version-history":[{"count":1,"href":"https:\/\/tierraspolares.es\/trineodeviento\/wp-json\/wp\/v2\/posts\/4735\/revisions"}],"predecessor-version":[{"id":987511464,"href":"https:\/\/tierraspolares.es\/trineodeviento\/wp-json\/wp\/v2\/posts\/4735\/revisions\/987511464"}],"wp:featuredmedia":[{"embeddable":true,"href":"https:\/\/tierraspolares.es\/trineodeviento\/wp-json\/"}],"wp:attachment":[{"href":"https:\/\/tierraspolares.es\/trineodeviento\/wp-json\/wp\/v2\/media?parent=4735"}],"wp:term":[{"taxonomy":"category","embeddable":true,"href":"https:\/\/tierraspolares.es\/trineodeviento\/wp-json\/wp\/v2\/categories?post=4735"},{"taxonomy":"post_tag","embeddable":true,"href":"https:\/\/tierraspolares.es\/trineodeviento\/wp-json\/wp\/v2\/tags?post=4735"}],"curies":[{"name":"wp","href":"https:\/\/api.w.org\/{rel}","templated":true}]}}