{"id":4810,"date":"2019-05-13T14:48:25","date_gmt":"2019-05-13T12:48:25","guid":{"rendered":"https:\/\/tierraspolares.es\/trineodeviento\/?p=4810"},"modified":"2025-06-05T22:27:55","modified_gmt":"2025-06-05T20:27:55","slug":"una-ruta-del-brasil-antartico-al-artico-del-deshielo-en-12-dias","status":"publish","type":"post","link":"https:\/\/tierraspolares.es\/trineodeviento\/una-ruta-del-brasil-antartico-al-artico-del-deshielo-en-12-dias\/","title":{"rendered":"Del Brasil &#8216;ant\u00e1rtico&#8217; al \u00c1rtico del deshielo"},"content":{"rendered":"<p><strong>ROSA M. TRIST\u00c1N<\/strong><\/p>\n<p>No es habitual que una persona viaje del desconocido Brasil &#8216;ant\u00e1rtico&#8217; a la capital de Groenlandia, sumida en un deshielo acelerado, en menos de 15 d\u00edas, con escala en un congreso internacional donde se han diseccionado los males de los oc\u00e9anos del mundo. Es la ruta que acaba de culminar Ram\u00f3n Larramendi, gracias su Trineo de Viento, que ha llevado &#8216;virtualmente&#8217; casi de punta a punta del planeta. \u00abEstoy empe\u00f1ado en que este proyecto salga adelante y conseguir aliados en todos los lugares es clave para ello\u00bb, ha se\u00f1alado a su regreso a Espa\u00f1a.<\/p>\n<div id=\"attachment_4750\" style=\"width: 693px\" class=\"wp-caption alignleft\"><a href=\"https:\/\/tierraspolares.es\/trineodeviento\/wp-content\/uploads\/2019\/05\/e206a2e0-44da-42cd-a2da-66550e051fee-e1557750565444.jpeg\"><img fetchpriority=\"high\" decoding=\"async\" aria-describedby=\"caption-attachment-4750\" class=\"wp-image-4750\" src=\"https:\/\/tierraspolares.es\/trineodeviento\/wp-content\/uploads\/2019\/05\/e206a2e0-44da-42cd-a2da-66550e051fee-e1557750565444-768x444.jpeg\" alt=\"\" width=\"683\" height=\"395\" \/><\/a><p id=\"caption-attachment-4750\" class=\"wp-caption-text\">Conferencia en el Centro Logistico Ant\u00e1rtico de Brasil.<\/p><\/div>\n<p>En Brasil, su inter\u00e9s se centr\u00f3 en dos puntos clave para el eco-veh\u00edculo polar: el Centro Log\u00edstico Ant\u00e1rtico (Universidad de R\u00edo Grande do Sul) , que re\u00fane a la gesti\u00f3n de la base polar brasile\u00f1a Comandante Ferraz, reci\u00e9n reconstruida tras un incendio, y el Instituto de Cambio Clim\u00e1tico, dirigido por Jefferson Simoes, el cient\u00edfico que m\u00e1s &#8216;hilos polares&#8217; mueve en el gigantesco pa\u00eds sudamericano. \u00abHa sido mi primera visita a este pa\u00eds y me ha sorprendido la evidencia de la tremenda desigualdad social que existe, la inseguridad debido a la violencia urbana y, ahora, los temores de los cient\u00edficos a que el nuevo Gobierno del pa\u00eds reduzca sus presupuestos y sus proyectos queden varados. Tambi\u00e9n me llam\u00f3 la atenci\u00f3n que su ministro de Ciencia sea un astronauta, Marcos Pontes, siguiendo el ejemplo de Espa\u00f1a. Al menos es alguien que sabe de ciencia\u00bb.<\/p>\n<p>Larramendi explica que si algo tiene la ciencia polar brasile\u00f1a que no hay en otros lugares, es su car\u00e1cter &#8216;de guerrilla&#8217;. Al contrario que en otros pa\u00edses que ha visitado, donde pueden gastarse presupuestos impresionantes con tal de que todo sean contratos en el pa\u00eds (&#8216;American first&#8217;, dijo Trump al llegar al poder), en Brasil son menos reacios a utilizar aquello que es m\u00e1s eficiente, sea de d\u00f3nde sea. \u00abAunque tienen una base ant\u00e1rtica tan nueva y grande como la nuestra en la isla Rey Jorge, que inaugurar\u00e1n el a\u00f1o que viene, ellos quieren estar en el interior ant\u00e1rtico. Han instalado un contenedor-base en el &#8216;plateau&#8217;, a 84\u00ba sur,\u00a0 con mucha instrumentaci\u00f3n cient\u00edfica, adem\u00e1s de estaciones autom\u00e1ticas de medici\u00f3n en otros puntos. Son conscientes de que el mantemiento es caro y el Trineo de Viento es una alternativa factible. Adem\u00e1s, v\u00ed muchos cient\u00edficos que tambi\u00e9n son deportistas, as\u00ed que potencialmente es el veh\u00edculo perfecto para ellos y a menos costo\u00bb, explica el explorador espa\u00f1ol, convencido de que a medio plazo pueden ser unos buenos &#8216;partners&#8217; para su proyecto.<\/p>\n<div id=\"attachment_4801\" style=\"width: 1034px\" class=\"wp-caption aligncenter\"><a href=\"https:\/\/tierraspolares.es\/trineodeviento\/wp-content\/uploads\/2019\/05\/20190502_201305_001.jpg\"><img decoding=\"async\" aria-describedby=\"caption-attachment-4801\" class=\"wp-image-4801 size-large lazyload\" data-src=\"https:\/\/tierraspolares.es\/trineodeviento\/wp-content\/uploads\/2019\/05\/20190502_201305_001-e1557750671600-1024x406.jpg\" alt=\"\" width=\"1024\" height=\"406\" src=\"data:image\/svg+xml;base64,PHN2ZyB3aWR0aD0iMSIgaGVpZ2h0PSIxIiB4bWxucz0iaHR0cDovL3d3dy53My5vcmcvMjAwMC9zdmciPjwvc3ZnPg==\" style=\"--smush-placeholder-width: 1024px; --smush-placeholder-aspect-ratio: 1024\/406;\" \/><\/a><p id=\"caption-attachment-4801\" class=\"wp-caption-text\">En el Instituto Cervantes de Porto Alegre Brasil) con algunos asistentes y el director.<\/p><\/div>\n<p>Asegura que las &#8216;vibraciones&#8217; en las conferencias que dio en ambos lugares, fueron &#8216;muy positivas&#8217;, lo que qued\u00f3 de manifiesto en la cantidad de preguntas t\u00e9cnicas que le hicieron. Eso si, sin duda ganaron &#8216;por goleada&#8217; los asistentes a su intervenci\u00f3n en el Instituto Cervantes de Porto Alegre, donde estuvo m\u00e1s de una hora respondiendo a las dudas m\u00e1s variopintas.<\/p>\n<p>Y de ah\u00ed, un salto a Noruega, a Trodheim, donde fue invitado al congreso &#8216;Oceans Week 2019: oceans in change&#8217;, organizado en Trondheim por la Universidad Noruega de Ciencia y Tecnolog\u00eda, con expertos en mares de todo el mundo. \u00abEl diagn\u00f3stico final es que la situaci\u00f3n de los mares es catastr\u00f3fica. Se presentaron muchos estudios sobre micro-pl\u00e1sticos, sobre el ruido y su impacto y sobre unas expectativas, que son bastante negativas\u00bb, apunta Larramendi, quien tambi\u00e9n en este foro fue invitado a contar su proyecto Trineo de Viento, como una alternativa para &#8216;navegar&#8217; por el hielo.<\/p>\n<p><a href=\"https:\/\/tierraspolares.es\/trineodeviento\/wp-content\/uploads\/2019\/05\/IMG_3957.jpeg\"><img decoding=\"async\" class=\"wp-image-4800 alignleft lazyload\" data-src=\"https:\/\/tierraspolares.es\/trineodeviento\/wp-content\/uploads\/2019\/05\/IMG_3957-300x169.jpeg\" alt=\"\" width=\"383\" height=\"216\" src=\"data:image\/svg+xml;base64,PHN2ZyB3aWR0aD0iMSIgaGVpZ2h0PSIxIiB4bWxucz0iaHR0cDovL3d3dy53My5vcmcvMjAwMC9zdmciPjwvc3ZnPg==\" style=\"--smush-placeholder-width: 383px; --smush-placeholder-aspect-ratio: 383\/216;\" \/><\/a>La parte positiva que vislumbr\u00f3 fue el imparable futuro de las energ\u00edas renovables basadas, como su eco-veh\u00edculo, en la e\u00f3lica: \u00abEl impulso de los aerogeneradores <em>offshore<\/em>, los que est\u00e1n en el mar, es imparable. Explicaron que 2018 fue el primer a\u00f1o en el que se han instalado sin subvenciones, porque ya est\u00e1n a precio de mercado. Y comentaban c\u00f3mo a nivel de ecosistemas marinos, son positivos porque alrededor de estas torres no se puede pescar y se est\u00e1n creando reservas submarinas importantes. Ahora est\u00e1n desarrollando aerogeneradores <em>offshore<\/em> flotantes. Eso si, no hay que olvidar que este mismo pa\u00eds tiene un gran desarrollo de la acuicultura y vive en gran medida de la extracci\u00f3n de petr\u00f3leo, tambi\u00e9n con plataformas offshore\u00bb, recuerda.<\/p>\n<p>Tambi\u00e9n le sorprendi\u00f3 gratamente la presencia en un debate del rey Harald de Noruega, un encuentro en el que puso de manifiesto su claro inter\u00e9s por la innovaci\u00f3n y la ciencia, hasta el punto de convertirse en un participante m\u00e1s de la mesa en cuesti\u00f3n, en la que demostr\u00f3 su conocimiento, pero tambi\u00e9n fue rebatido en alg\u00fan punto.<\/p>\n<p>De lo que no hay duda es que en Escandinavia el paso al transporte el\u00e9ctrico ya es una realidad. En su \u00faltimo salto, recab\u00f3 en Groenlandia, donde en apenas unos meses, los coches el\u00e9ctricos se han hecho con las ciudades. Si desde el aire, le sorprendi\u00f3 el nivel de deshielo que hab\u00eda a primeros de mayo (similar al que hubo en 2016, cuando realiz\u00f3 la expedici\u00f3n <a href=\"https:\/\/tierraspolares.es\/trineodeviento\/expedicion-cumbre-del-hielo-en-groenlandia-2016\/\">&#8216;Rio de Hielo en Groenlandia&#8217;\u00a0<\/a>, ya en tierra comprob\u00f3 que en el \u00c1rtico son conscientes de que un cambio importante debe venir por el transporte . \u00abMe percat\u00e9 que casi todo el mundo va en Nuuk con coches el\u00e9ctricos, que hay puestos de carga por todos los lados. Y es igual en toda Escandinavia. Ahora, estos veh\u00edculos ya no pagan impuestos, que son muy elevados para los coches, lo que ha facilitado su venta. En el caso de Nuuk, casi toda la electricidad proviene de una fuente hidroel\u00e9ctrica, de un salto de agua, as\u00ed que es renovable. Est\u00e1 claro que la revoluci\u00f3n el\u00e9ctrica es un hecho\u00bb.<\/p>\n<div id=\"attachment_4804\" style=\"width: 1034px\" class=\"wp-caption aligncenter\"><a href=\"https:\/\/tierraspolares.es\/trineodeviento\/wp-content\/uploads\/2019\/05\/PHOTO-2019-05-09-14-09-07.jpg\"><img decoding=\"async\" aria-describedby=\"caption-attachment-4804\" class=\"wp-image-4804 size-large lazyload\" data-src=\"https:\/\/tierraspolares.es\/trineodeviento\/wp-content\/uploads\/2019\/05\/PHOTO-2019-05-09-14-09-07-1024x498.jpg\" alt=\"\" width=\"1024\" height=\"498\" src=\"data:image\/svg+xml;base64,PHN2ZyB3aWR0aD0iMSIgaGVpZ2h0PSIxIiB4bWxucz0iaHR0cDovL3d3dy53My5vcmcvMjAwMC9zdmciPjwvc3ZnPg==\" style=\"--smush-placeholder-width: 1024px; --smush-placeholder-aspect-ratio: 1024\/498;\" \/><\/a><p id=\"caption-attachment-4804\" class=\"wp-caption-text\">Nuuk, capital de Groenlandia, sin nieve a comienzos de mayo de 2019.<\/p><\/div>\n","protected":false},"excerpt":{"rendered":"<p>ROSA M. TRIST\u00c1N No es habitual que una persona viaje del desconocido Brasil &#8216;ant\u00e1rtico&#8217; a la capital de Groenlandia, sumida en un deshielo acelerado, en menos de 15 d\u00edas, con escala en un congreso internacional donde se han diseccionado los males de los oc\u00e9anos del mundo. Es la ruta que acaba de culminar Ram\u00f3n Larramendi, gracias su Trineo de Viento, que ha llevado &#8216;virtualmente&#8217; casi de punta a punta del planeta. \u00abEstoy empe\u00f1ado en que este proyecto salga adelante y conseguir aliados en todos los lugares es clave para ello\u00bb, ha se\u00f1alado a su regreso a Espa\u00f1a. En Brasil, su inter\u00e9s se centr\u00f3 en dos puntos clave para el eco-veh\u00edculo polar: el Centro Log\u00edstico Ant\u00e1rtico (Universidad de R\u00edo Grande do Sul) , que re\u00fane a la gesti\u00f3n de la base polar brasile\u00f1a Comandante Ferraz, reci\u00e9n reconstruida tras un incendio, y el Instituto de Cambio Clim\u00e1tico, dirigido por Jefferson Simoes, el cient\u00edfico que m\u00e1s &#8216;hilos polares&#8217; mueve en el gigantesco pa\u00eds sudamericano. \u00abHa sido mi primera visita a este pa\u00eds y me ha sorprendido la evidencia de la tremenda desigualdad social que existe, la inseguridad debido a la violencia urbana y, ahora, los temores de los cient\u00edficos a que el nuevo [&hellip;]<\/p>\n","protected":false},"author":1,"featured_media":4803,"comment_status":"closed","ping_status":"closed","sticky":false,"template":"","format":"standard","meta":{"footnotes":""},"categories":[11],"tags":[],"class_list":["post-4810","post","type-post","status-publish","format-standard","has-post-thumbnail","hentry","category-noticias-2"],"_links":{"self":[{"href":"https:\/\/tierraspolares.es\/trineodeviento\/wp-json\/wp\/v2\/posts\/4810","targetHints":{"allow":["GET"]}}],"collection":[{"href":"https:\/\/tierraspolares.es\/trineodeviento\/wp-json\/wp\/v2\/posts"}],"about":[{"href":"https:\/\/tierraspolares.es\/trineodeviento\/wp-json\/wp\/v2\/types\/post"}],"author":[{"embeddable":true,"href":"https:\/\/tierraspolares.es\/trineodeviento\/wp-json\/wp\/v2\/users\/1"}],"replies":[{"embeddable":true,"href":"https:\/\/tierraspolares.es\/trineodeviento\/wp-json\/wp\/v2\/comments?post=4810"}],"version-history":[{"count":1,"href":"https:\/\/tierraspolares.es\/trineodeviento\/wp-json\/wp\/v2\/posts\/4810\/revisions"}],"predecessor-version":[{"id":987511461,"href":"https:\/\/tierraspolares.es\/trineodeviento\/wp-json\/wp\/v2\/posts\/4810\/revisions\/987511461"}],"wp:featuredmedia":[{"embeddable":true,"href":"https:\/\/tierraspolares.es\/trineodeviento\/wp-json\/"}],"wp:attachment":[{"href":"https:\/\/tierraspolares.es\/trineodeviento\/wp-json\/wp\/v2\/media?parent=4810"}],"wp:term":[{"taxonomy":"category","embeddable":true,"href":"https:\/\/tierraspolares.es\/trineodeviento\/wp-json\/wp\/v2\/categories?post=4810"},{"taxonomy":"post_tag","embeddable":true,"href":"https:\/\/tierraspolares.es\/trineodeviento\/wp-json\/wp\/v2\/tags?post=4810"}],"curies":[{"name":"wp","href":"https:\/\/api.w.org\/{rel}","templated":true}]}}