{"id":987,"date":"2014-04-11T19:02:42","date_gmt":"2014-04-11T17:02:42","guid":{"rendered":"http:\/\/uptobe.es\/tierraspolares\/trineodeviento\/?p=987"},"modified":"2014-04-11T19:02:42","modified_gmt":"2014-04-11T17:02:42","slug":"el-proximo-22-de-abril-se-presenta-en-madrid-la-primera-circunnavegacion-a-groenlandia","status":"publish","type":"post","link":"https:\/\/tierraspolares.es\/trineodeviento\/el-proximo-22-de-abril-se-presenta-en-madrid-la-primera-circunnavegacion-a-groenlandia\/","title":{"rendered":"El 22 de abril se present\u00f3 la 1\u00ba Circunnavegaci\u00f3n a Groenlandia"},"content":{"rendered":"<p>El d\u00eda 22 de abril se di\u00f3 el &#8216;pistoletazo de salida&#8217; a la aventura expedicionaria m\u00e1s relevante del a\u00f1o. El equipo internacional de expedicionarios, liderado por el explorador polar espa\u00f1ol Ram\u00f3n Larramendi, present\u00f3 ese d\u00eda la traves\u00eda que iniciar\u00e1 el 1 de mayo y marcar\u00e1 un hito en la historia de la exploraci\u00f3n mundial: la <b>Primera Circunnavegaci\u00f3n de Groenlandia<\/b>, \u00a0un recorrido de 5.000 kil\u00f3metros por su desierto interior helado.<\/p>\n<p>El equipo viajar\u00e1 a bordo del primer veh\u00edculo e\u00f3lico dise\u00f1ado para la exploraci\u00f3n cient\u00edfica de los polos, como demostrar\u00e1n con la realizaci\u00f3n de varios proyectos, que explicar\u00e1n ese d\u00eda.<\/p>\n<div id=\"attachment_988\" style=\"width: 310px\" class=\"wp-caption alignleft\"><a href=\"http:\/\/tierraspolares.es\/\/tierraspolares\/trineodeviento\/wp-content\/uploads\/2014\/04\/IMG_4829.jpg\"><img fetchpriority=\"high\" decoding=\"async\" aria-describedby=\"caption-attachment-988\" class=\"size-medium wp-image-988\" alt=\"Real Observatorio de Madrid, donde se presenta el nuevo Trineo de  Viento.\" src=\"http:\/\/tierraspolares.es\/\/tierraspolares\/trineodeviento\/wp-content\/uploads\/2014\/04\/IMG_4829-300x200.jpg\" width=\"300\" height=\"200\" srcset=\"https:\/\/tierraspolares.es\/trineodeviento\/wp-content\/uploads\/2014\/04\/IMG_4829-300x200.jpg 300w, https:\/\/tierraspolares.es\/trineodeviento\/wp-content\/uploads\/2014\/04\/IMG_4829-1024x683.jpg 1024w, https:\/\/tierraspolares.es\/trineodeviento\/wp-content\/uploads\/2014\/04\/IMG_4829-768x512.jpg 768w, https:\/\/tierraspolares.es\/trineodeviento\/wp-content\/uploads\/2014\/04\/IMG_4829-1536x1024.jpg 1536w, https:\/\/tierraspolares.es\/trineodeviento\/wp-content\/uploads\/2014\/04\/IMG_4829-2048x1365.jpg 2048w, https:\/\/tierraspolares.es\/trineodeviento\/wp-content\/uploads\/2014\/04\/IMG_4829-600x400.jpg 600w\" sizes=\"(max-width: 300px) 100vw, 300px\" \/><\/a><p id=\"caption-attachment-988\" class=\"wp-caption-text\">Real Observatorio de Madrid, donde se presenta el nuevo Trineo de Viento.<\/p><\/div>\n<p>Los expedicionarios ofrecieron una\u00a0<b>RUEDA DE PRENSA el de abril, a las 12 horas, en el Museo del Real Observatorio de Madrid <\/b>para explicar todos los detalles de una aventura en la que se conjuga la exploraci\u00f3n, la investigaci\u00f3n y el medio ambiente.\u00a0La presentaci\u00f3n corri\u00f3 a cargo del explorador\u00a0<b>Ram\u00f3n Larramendi<\/b>, del responsable de log\u00edstica de la expedici\u00f3n,\u00a0<b>Juan Manuel Viu<\/b>, y del vicepresidente de la Sociedad Geogr\u00e1fica Espa\u00f1ola,\u00a0<b>Diego Azqueta<\/b>. Acciona y la Sociedad Geogr\u00e1fica Espa\u00f1ola apoyan este nuevo reto geogr\u00e1fico y cient\u00edfico\u00a0<strong>(medios interesados contactar con prensa@uptobe.es)<\/strong>.<\/p>\n<p>Pero tambi\u00e9n hubo una presentaci\u00f3n para el p\u00fablico interesado en conocerlo de primera mano. Ese \u00a0mismo d\u00eda <strong>22 de abril, a las 19.30 horas<\/strong>, \u00a0Larramendi ofreci\u00f3 una <strong>conferencia<\/strong>, organizada por la <a href=\"http:\/\/www.sge.org\/actividades\/actividades\/conferencias.html\">Sociedad Geogr\u00e1fica Espa\u00f1ola<\/a> <strong>en el Sal\u00f3n de Actos del Instituto Geogr\u00e1fico Nacional (C\/General Ib\u00e1\u00f1ez de Ibero 3, Madrid)<\/strong>, dentro del ciclo Encuentros de Exploraci\u00f3n y Aventura. La entrada es gratuita, pero es imprescindible confirmar asistencia en:\u00a0<a href=\"mailto:confirmaciones@sge.org\">confirmaciones@sge.org<\/a>.<\/p>\n<p>En la ma\u00f1ana, se mont\u00f3 <b>el \u00faltimo dise\u00f1o del Trineo de Viento\u00a0<\/b>en el Real Observatorio de Madrid, y las im\u00e1genes que se captaron, que se mostraron por la tarde, fueron las primeras del nuevo eco-laboratorio m\u00f3vil espa\u00f1ol.<\/p>\n<p><span style=\"line-height: 1.5em;\">Con m\u00e1s de 20.000 kil\u00f3metros de navegaci\u00f3n sobre el hielo, Larramendi es un referente a nivel internacional en la exploraci\u00f3n de los territorios polares. Desde el a\u00f1o 2000, con su Trineo de Viento, un dise\u00f1o propio inspirado en la tecnolog\u00eda inuit, ha realizado otras seis expediciones exitosas, las dos \u00faltimas en la Ant\u00e1rtida, que han consolidado su prestigio en el mundo de la exploraci\u00f3n. Es tambi\u00e9n director y fundador de la agencia Tierras Polares, que patrocina esta expedici\u00f3n.<\/span><\/p>\n<p>Juan Manuel Viu, ge\u00f3logo de formaci\u00f3n y piloto, fue l\u00edder de la base cient\u00edfica espa\u00f1ola Juan Carlos I durante la campa\u00f1a 2008-2009 y ha acompa\u00f1ado a Larramendi en varias de sus aventuras polares.<\/p>\n<p>&nbsp;<\/p>\n","protected":false},"excerpt":{"rendered":"<p>El d\u00eda 22 de abril se di\u00f3 el &#8216;pistoletazo de salida&#8217; a la aventura expedicionaria m\u00e1s relevante del a\u00f1o. El equipo internacional de expedicionarios, liderado por el explorador polar espa\u00f1ol Ram\u00f3n Larramendi, present\u00f3 ese d\u00eda la traves\u00eda que iniciar\u00e1 el 1 de mayo y marcar\u00e1 un hito en la historia de la exploraci\u00f3n mundial: la Primera Circunnavegaci\u00f3n de Groenlandia, \u00a0un recorrido de 5.000 kil\u00f3metros por su desierto interior helado. El equipo viajar\u00e1 a bordo del primer veh\u00edculo e\u00f3lico dise\u00f1ado para la exploraci\u00f3n cient\u00edfica de los polos, como demostrar\u00e1n con la realizaci\u00f3n de varios proyectos, que explicar\u00e1n ese d\u00eda. Los expedicionarios ofrecieron una\u00a0RUEDA DE PRENSA el de abril, a las 12 horas, en el Museo del Real Observatorio de Madrid para explicar todos los detalles de una aventura en la que se conjuga la exploraci\u00f3n, la investigaci\u00f3n y el medio ambiente.\u00a0La presentaci\u00f3n corri\u00f3 a cargo del explorador\u00a0Ram\u00f3n Larramendi, del responsable de log\u00edstica de la expedici\u00f3n,\u00a0Juan Manuel Viu, y del vicepresidente de la Sociedad Geogr\u00e1fica Espa\u00f1ola,\u00a0Diego Azqueta. Acciona y la Sociedad Geogr\u00e1fica Espa\u00f1ola apoyan este nuevo reto geogr\u00e1fico y cient\u00edfico\u00a0(medios interesados contactar con prensa@uptobe.es). Pero tambi\u00e9n hubo una presentaci\u00f3n para el p\u00fablico interesado en conocerlo de primera mano. Ese \u00a0mismo d\u00eda 22 [&hellip;]<\/p>\n","protected":false},"author":1,"featured_media":1029,"comment_status":"closed","ping_status":"open","sticky":false,"template":"","format":"standard","meta":{"footnotes":""},"categories":[14,11],"tags":[12],"class_list":["post-987","post","type-post","status-publish","format-standard","has-post-thumbnail","hentry","category-hemeroteca","category-noticias-2","tag-noticias"],"_links":{"self":[{"href":"https:\/\/tierraspolares.es\/trineodeviento\/wp-json\/wp\/v2\/posts\/987","targetHints":{"allow":["GET"]}}],"collection":[{"href":"https:\/\/tierraspolares.es\/trineodeviento\/wp-json\/wp\/v2\/posts"}],"about":[{"href":"https:\/\/tierraspolares.es\/trineodeviento\/wp-json\/wp\/v2\/types\/post"}],"author":[{"embeddable":true,"href":"https:\/\/tierraspolares.es\/trineodeviento\/wp-json\/wp\/v2\/users\/1"}],"replies":[{"embeddable":true,"href":"https:\/\/tierraspolares.es\/trineodeviento\/wp-json\/wp\/v2\/comments?post=987"}],"version-history":[{"count":0,"href":"https:\/\/tierraspolares.es\/trineodeviento\/wp-json\/wp\/v2\/posts\/987\/revisions"}],"wp:featuredmedia":[{"embeddable":true,"href":"https:\/\/tierraspolares.es\/trineodeviento\/wp-json\/wp\/v2\/media\/1029"}],"wp:attachment":[{"href":"https:\/\/tierraspolares.es\/trineodeviento\/wp-json\/wp\/v2\/media?parent=987"}],"wp:term":[{"taxonomy":"category","embeddable":true,"href":"https:\/\/tierraspolares.es\/trineodeviento\/wp-json\/wp\/v2\/categories?post=987"},{"taxonomy":"post_tag","embeddable":true,"href":"https:\/\/tierraspolares.es\/trineodeviento\/wp-json\/wp\/v2\/tags?post=987"}],"curies":[{"name":"wp","href":"https:\/\/api.w.org\/{rel}","templated":true}]}}