{"id":987510266,"date":"2014-05-12T17:28:09","date_gmt":"2014-05-12T15:28:09","guid":{"rendered":"http:\/\/uptobe.es\/tierraspolares\/trineodeviento\/?p=1289"},"modified":"2014-05-12T17:28:09","modified_gmt":"2014-05-12T15:28:09","slug":"groenlandia-en-la-encrucijada-video","status":"publish","type":"post","link":"https:\/\/tierraspolares.es\/trineodeviento\/groenlandia-en-la-encrucijada-video\/","title":{"rendered":"Haciendo ciencia en Groenlandia (V\u00cdDEO)"},"content":{"rendered":"<p><iframe data-src=\"\/\/www.youtube.com\/embed\/GKhP64VGE2w\" width=\"100%\" height=\"315\" frameborder=\"0\" allowfullscreen=\"allowfullscreen\" src=\"data:image\/svg+xml;base64,PHN2ZyB3aWR0aD0iMSIgaGVpZ2h0PSIxIiB4bWxucz0iaHR0cDovL3d3dy53My5vcmcvMjAwMC9zdmciPjwvc3ZnPg==\" class=\"lazyload\" data-load-mode=\"1\"><\/iframe><\/p>\n<p>\u00abYa hemos empezado a recoger datos sobre la nieve de Groenlandia\u00bb, afirma Ram\u00f3n Larramendi, desde el desierto de hielo. El Trineo de Viento, en una expedici\u00f3n liderada por el explorador polar, participa en una investigaci\u00f3n que eval\u00faa los cambios en el \u00c1rtico. Y esto es precisamente lo que han reclamado los cient\u00edficos de varios pa\u00edses reunidos en Madrid hace unos d\u00edas.<\/p>\n<blockquote><p>\u00abEs un reto t\u00e9cnico, pero tambi\u00e9n es un reto cient\u00edfico porque este viaje permitir\u00e1 demostrar que este veh\u00edculo e\u00f3lico es perfecto como herramienta para hacer ciencia en territorios que est\u00e1n ahora mismo en una encrucijada clim\u00e1tica\u00bb , ha se\u00f1alado Larramendi.<\/p><\/blockquote>\n<p><span style=\"font-size: 14px; line-height: 1.5em;\">Los <\/span><strong style=\"font-size: 14px; line-height: 1.5em;\">dos \u00faltimos d\u00edas, los expedicionarios han estado varados en el &#8216;plateau&#8217; groenland\u00e9s, a 70\u00ba norte de latitud y 46\u00ba oeste de longitud, a una altura de unos 2.200 metros sobre el nivel del mar porque el viento no es favorable<\/strong><span style=\"font-size: 14px; line-height: 1.5em;\">. Esta parada est\u00e1 siendo utilizada para recoger, con el taladro que llevan a bordo, las muestras que permitir\u00e1n caracterizar las capas de nieve, hasta tres metros de profundidad, para\u00a0<\/span><a style=\"font-size: 14px; line-height: 1.5em;\" href=\"http:\/\/tierraspolares.es\/\/tierraspolares\/trineodeviento\/proyectos-groenlandia-2014\/\">los estudios que realiza el Instituto Pirenaico de Ecolog\u00eda<\/a>\u00a0(IPE-CSIC)<span style=\"font-size: 14px; line-height: 1.5em;\">, siguiendo siempre los protocolos que les han marcado los investigadores. Son los primeros datos de la larga serie que, cada 400-500 kil\u00f3metros, permitir\u00e1 conocer lo que ocurre en una amplia extensi\u00f3n de la gran isla \u00e1rtica a lo largo de este viaje.<\/span><\/p>\n<p><strong>Un estudio publicado en &#8216;Nature&#8217; esta semana se\u00f1ala que Groenlandia y Canad\u00e1 han experimentado parte del calentamiento m\u00e1s extremo desde 1979<\/strong>, a un ritmo de alrededor de 1\u00baC por d\u00e9cada (el doble de la media mundial). \u00abNecesitamos entender por qu\u00e9 en los \u00faltimos 30 a\u00f1os el calentamiento global no es uniforme\u00bb, se\u00f1ala su autor,\u00a0<strong>Qinghua Ding<\/strong>, experto en Ciencias de la Atm\u00f3sfera. En su trabajo relacionan el 50% de ese calentamiento a los cambios en el Pac\u00edfico tropical (que cambia las corrientes de aire) y el otro 50% a la acci\u00f3n humana (con la contaminaci\u00f3n).<\/p>\n<p><span style=\"font-size: 14px; line-height: 1.5em;\">Y es que son muchas las investigaciones pendientes en esta zona del planeta.\u00a0<\/span><span style=\"font-size: 14px; line-height: 1.5em;\">As\u00ed se puso de manifiesto en la jornada <strong>&#8216;El \u00c1rtico en la encrucijada&#8217;<\/strong>, de la Fundaci\u00f3n BBVA, celebrada el jueves pasado, a la que asistieron <strong>Iris Hendriks<\/strong> (IMEDEA-CISC), <strong>Carlos Duarte<\/strong> (IMEDEA-CSIC), <strong>Dorte Krause-Jensen<\/strong> (Universidad de Aarhus, Dinamarca), <strong>Susana Agust\u00ed<\/strong> (IMEDEA-CSIC) y <strong>Paul Wassmann<\/strong>, profesor del Instituto de Biolog\u00eda \u00c1rtica y Marina de Noruega. Wassmann se\u00f1al\u00f3:<\/span><\/p>\n<blockquote><p>\u00abNo puedes gestionar algo que no se entiende y el \u00c1rtico est\u00e1 experimentando las mayores consecuencias del cambio clim\u00e1tico\u00bb.<\/p><\/blockquote>\n<p>Por su parte, Carlos Duarte, ahora tambi\u00e9n profesor en la Universidad de Australia Occidental, afirm\u00f3 que los cambios ya son irreversibles pero que hay que aprender a gestionarlos y que los cient\u00edficos tienen muchos menos datos de los que ser\u00edan necesarios para realizar esa gesti\u00f3n de forma adecuada.<\/p>\n<blockquote><p>\u00abDesde 2006 ha habido un aumento de las industrias de petr\u00f3leo, oro y diamantes, con 200 solicitudes para licencias mineras en Groenlandia. S\u00f3lo se han parado en 2013 con un nuevo gobierno , cuando el pueblo inuit decidi\u00f3 que era mejor mantener su cultura que su independencia de Dinamarca, pero ya van a darse algunas concesiones&#8230; Adem\u00e1s en los pr\u00f3ximos a\u00f1os, el \u00c1rtico se abrir\u00e1 a la navegaci\u00f3n, ya han cruzado por all\u00ed 300 buques de carga el \u00faltimo a\u00f1o&#8230;. Para gestionar bien todo esto necesitamos respuestas y los cient\u00edficos no las tenemos cuando las empresas nos las demandan. Debemos hacerlo mejor nosotros tambi\u00e9n. Se precisar\u00e1n m\u00e1s investigaciones y \u00a0cient\u00edficos durante muchos a\u00f1os. La ciencia en el \u00c1rtico es una oportunidad\u00bb, asegur\u00f3.<\/p><\/blockquote>\n<p>Es ah\u00ed donde el Trineo de Viento, el primer veh\u00edculo de la historia polar capaz de llevar 1,5 tonelada de peso, tiene su baza. Su objetivo es convertirse en un laboratorio m\u00f3vil para el programa polar espa\u00f1ol, destinado a la recogida de datos de lo que est\u00e1 pasando en esa encrucijada.<\/p>\n","protected":false},"excerpt":{"rendered":"<p>\u00abYa hemos empezado a recoger datos sobre la nieve de Groenlandia\u00bb, afirma Ram\u00f3n Larramendi, desde el desierto de hielo. El Trineo de Viento, en una expedici\u00f3n liderada por el explorador polar, participa en una investigaci\u00f3n que eval\u00faa los cambios en el \u00c1rtico. Y esto es precisamente lo que han reclamado los cient\u00edficos de varios pa\u00edses reunidos en Madrid hace unos d\u00edas. \u00abEs un reto t\u00e9cnico, pero tambi\u00e9n es un reto cient\u00edfico porque este viaje permitir\u00e1 demostrar que este veh\u00edculo e\u00f3lico es perfecto como herramienta para hacer ciencia en territorios que est\u00e1n ahora mismo en una encrucijada clim\u00e1tica\u00bb , ha se\u00f1alado Larramendi. Los dos \u00faltimos d\u00edas, los expedicionarios han estado varados en el &#8216;plateau&#8217; groenland\u00e9s, a 70\u00ba norte de latitud y 46\u00ba oeste de longitud, a una altura de unos 2.200 metros sobre el nivel del mar porque el viento no es favorable. Esta parada est\u00e1 siendo utilizada para recoger, con el taladro que llevan a bordo, las muestras que permitir\u00e1n caracterizar las capas de nieve, hasta tres metros de profundidad, para\u00a0los estudios que realiza el Instituto Pirenaico de Ecolog\u00eda\u00a0(IPE-CSIC), siguiendo siempre los protocolos que les han marcado los investigadores. Son los primeros datos de la larga serie que, cada 400-500 [&hellip;]<\/p>\n","protected":false},"author":1,"featured_media":1296,"comment_status":"open","ping_status":"open","sticky":false,"template":"","format":"standard","meta":{"footnotes":""},"categories":[11,25],"tags":[],"class_list":["post-987510266","post","type-post","status-publish","format-standard","has-post-thumbnail","hentry","category-noticias-2","category-timeline"],"_links":{"self":[{"href":"https:\/\/tierraspolares.es\/trineodeviento\/wp-json\/wp\/v2\/posts\/987510266","targetHints":{"allow":["GET"]}}],"collection":[{"href":"https:\/\/tierraspolares.es\/trineodeviento\/wp-json\/wp\/v2\/posts"}],"about":[{"href":"https:\/\/tierraspolares.es\/trineodeviento\/wp-json\/wp\/v2\/types\/post"}],"author":[{"embeddable":true,"href":"https:\/\/tierraspolares.es\/trineodeviento\/wp-json\/wp\/v2\/users\/1"}],"replies":[{"embeddable":true,"href":"https:\/\/tierraspolares.es\/trineodeviento\/wp-json\/wp\/v2\/comments?post=987510266"}],"version-history":[{"count":0,"href":"https:\/\/tierraspolares.es\/trineodeviento\/wp-json\/wp\/v2\/posts\/987510266\/revisions"}],"wp:featuredmedia":[{"embeddable":true,"href":"https:\/\/tierraspolares.es\/trineodeviento\/wp-json\/wp\/v2\/media\/1296"}],"wp:attachment":[{"href":"https:\/\/tierraspolares.es\/trineodeviento\/wp-json\/wp\/v2\/media?parent=987510266"}],"wp:term":[{"taxonomy":"category","embeddable":true,"href":"https:\/\/tierraspolares.es\/trineodeviento\/wp-json\/wp\/v2\/categories?post=987510266"},{"taxonomy":"post_tag","embeddable":true,"href":"https:\/\/tierraspolares.es\/trineodeviento\/wp-json\/wp\/v2\/tags?post=987510266"}],"curies":[{"name":"wp","href":"https:\/\/api.w.org\/{rel}","templated":true}]}}