{"id":987510270,"date":"2014-07-20T16:54:42","date_gmt":"2014-07-20T14:54:42","guid":{"rendered":"http:\/\/uptobe.es\/tierraspolares\/trineodeviento\/?p=1827"},"modified":"2025-06-05T22:28:04","modified_gmt":"2025-06-05T20:28:04","slug":"fallece-juan-pablo-albar-bioquimico-y-miembro-del-trineo-de-viento","status":"publish","type":"post","link":"https:\/\/tierraspolares.es\/trineodeviento\/fallece-juan-pablo-albar-bioquimico-y-miembro-del-trineo-de-viento\/","title":{"rendered":"Fallece Juan Pablo Albar, bioqu\u00edmico y expedicionario del Trineo (V\u00cdDEO)"},"content":{"rendered":"<p><span style=\"font-size: 14px; line-height: 1.5em;\">El bioqu\u00edmico Juan Pablo Albar, investigador del Centro Nacional de Biotecnolog\u00eda (CNB-CSIC) y miembro del proyecto Trineo de Viento, falleci\u00f3 durante la noche del pasado s\u00e1bado por un infarto. Ram\u00f3n Larramendi, l\u00edder el proyecto y amigo personal del cient\u00edfico, destacaba ayer \u201cla tremenda p\u00e9rdida que supone su desaparici\u00f3n para todos los que le conocimos y para la ciencia en este pa\u00eds\u201d. \u201cSiempre defendi\u00f3 la investigaci\u00f3n y la necesidad de que se hiciera sin da\u00f1ar la naturaleza, por cuyos lugares m\u00e1s arriesgados sinti\u00f3 siempre una gran atracci\u00f3n, raz\u00f3n que le impuls\u00f3 a formar parte de este proyecto\u201d, destacaba ayer desde Groenlandia el explorador polar.<\/span><br \/>\n<iframe data-src=\"\/\/www.youtube.com\/embed\/uxTaf28T3g8?list=UUpa1Few0Dr_y5dcBQCSbeXQ\" height=\"315\" width=\"100%\" allowfullscreen=\"\" frameborder=\"0\" src=\"data:image\/svg+xml;base64,PHN2ZyB3aWR0aD0iMSIgaGVpZ2h0PSIxIiB4bWxucz0iaHR0cDovL3d3dy53My5vcmcvMjAwMC9zdmciPjwvc3ZnPg==\" class=\"lazyload\" data-load-mode=\"1\"><\/iframe><\/p>\n<p>Albar, que naci\u00f3 muy lejos de la monta\u00f1a y de los hielos, en Aranjuez (Madrid), form\u00f3 parte del equipo de cuatro personas que participaron en la Expedici\u00f3n Accciona Windpowed 2011-2012 del Trineo de Viento en la Ant\u00e1rtida. En la misma, fue el responsable de los proyectos cient\u00edficos de recogida de muestras que ya se han presentado en un congreso cient\u00edfico en Basilea y ser\u00e1n publicados en breve.<\/p>\n<p>Licenciado en Ciencias Qu\u00edmicas en la Universidad Complutense de Madrid, en 1975, tras doctorarse comenz\u00f3 una carrera investigadora en la industria. En 2004 consigui\u00f3 una plaza de Investigador Cient\u00edfico en el Centro Nacional de Biotecnolog\u00eda del \u00a0CSIC).<\/p>\n<div id=\"attachment_1829\" style=\"width: 1034px\" class=\"wp-caption aligncenter\"><a href=\"http:\/\/tierraspolares.es\/\/tierraspolares\/trineodeviento\/wp-content\/uploads\/2014\/07\/IMG_4961.jpg\"><img fetchpriority=\"high\" decoding=\"async\" aria-describedby=\"caption-attachment-1829\" class=\"size-large wp-image-1829\" alt=\"Juan Pablo Albar, el primero por la derecha, en la prentaci\u00f3n de la 1\u00ba Cricunnavegaci\u00f3n de Groenlandia, el 22 de abril, junto al resto de los miembros del equipo. \" src=\"http:\/\/tierraspolares.es\/\/tierraspolares\/trineodeviento\/wp-content\/uploads\/2014\/07\/IMG_4961-1024x682.jpg\" width=\"1024\" height=\"682\" \/><\/a><p id=\"caption-attachment-1829\" class=\"wp-caption-text\">Juan Pablo Albar, el primero por la derecha, en la prentaci\u00f3n de la 1\u00ba Cricunnavegaci\u00f3n de Groenlandia, el 22 de abril, junto al resto de los miembros del equipo.<\/p><\/div>\n<p>Monta\u00f1ero desde muy joven, comenz\u00f3 subiendo a las m\u00e1s emblem\u00e1ticas monta\u00f1as pirenaicas ( Monte Perdido, Aneto, Marbor\u00e9, Astazu, Taill\u00f3n, Posset, \u00a0La Munia, Cotiella, Midi dOssau, Pic Pallas, Gran Facha, Ballaitus, entre otros picos), de Gredos, la Penib\u00e9tica y tambi\u00e9n en Picos de Europa, para m\u00e1s tarde viajar hasta los Alpes, el C\u00e1ucaso (Elbruz,) los Andes, donde subi\u00f3 el Nevado Urus, el Ishinca, Huascar\u00e1n, Nevado Sajama, Huayna Potos\u00ed, en \u00c1frica al Kilimanjaro, y en Asia el Chapaev y Khan Tengri en el Tian Shan, Lenin en el Pamir y Muztagh Ata en el Kungur.<\/p>\n<p>En la actualidad era director del Instituto Nacional de Prote\u00f3mica y miembro del consejo de direcci\u00f3n de la Human Proteome Organization (HUPO).<\/p>\n<p>Su trabajo cient\u00edfico se centraba en el proyecto Proteoma Humano, un reto encaminado a conseguir el\u00a0mapa de las prote\u00ednas humanas en\u00a0su contexto biol\u00f3gico, lo que ser\u00e1 una gran herramienta para desarrollar nuevos m\u00e9todos de diagn\u00f3stico,\u00a0prevenci\u00f3n y tratamiento de enfermedade. En Espa\u00f1a, el grupo que dirig\u00eda se encarga de coordinar este proyecto en el contexto de la Plataforma en Red de Prote\u00f3mica del Instituto de Salud Carlos III, ProteoRed-ISCIII.<\/p>\n<p>Su vinculaci\u00f3n con el proyecto Trineo Polar de Larramendi surgi\u00f3 meses antes de la salida de la expedici\u00f3n Acciona Ant\u00e1rtica Windpowered. As\u00ed lo explicaba: \u00a0\u201dNo hab\u00eda tiempo para proponer un proyecto al CSIC o al Plan Nacional de I+D, pero urg\u00eda tomar una decisi\u00f3n que supondr\u00eda poner en escena una convergencia de actividades personales que siempre hab\u00edan discurrido por planos muy distintos, una expedici\u00f3n irrepetible que enlazada la monta\u00f1a con un proyecto exploratorio \u00a0100% pionero que implicaba una log\u00edstica eco-eficiente, que enlazaba con mi pasado como uno de los co-fundadores de la revista\u00a0<i>El Ecologista<\/i>\u00a0a finales de los 70)\u201d.<\/p>\n<p>Albar logr\u00f3 organizar la implicaci\u00f3n de tres proyectos cuyos investigadores principales estaban en el Instituto de Glaciolog\u00eda y Geof\u00edsica del CRNS de Grenoble, en el Instituto de Diagn\u00f3stico Ambiental y Estudios del Agua del CSIC en Barcelona y en la Universidad Aut\u00f3noma de Madrid para tomar muestras de hielos y aire a lo largo de nuestro trayecto. Durante la expedici\u00f3n, se responsabiliz\u00f3 de la\u00a0implementaci\u00f3n de la toma de muestras para los proyectos cient\u00edficos, el uso de los dispositivos que llevaba la expedici\u00f3n y la entrega de las muestras a los responsables de los proyectos en destino.<\/p>\n<p>Dos meses y medio despu\u00e9s de su regreso, organiz\u00f3 tambi\u00e9n una jornada-encuentro en el Centro Nacional de Biotecnolog\u00eda (CSIC) sobre la investigaci\u00f3n en la Ant\u00e1rtida con la participaci\u00f3n de los responsables de los proyectos y de la log\u00edstica del viaje. \u201cEntend\u00ed desde el primer momento que se requer\u00eda mi presencia en la expedici\u00f3n en mi condici\u00f3n de cient\u00edfico al que se le demandaba un esp\u00edritu aventurero propio de los exploradores pioneros al Polo aunque obviamente en un contexto instrumental mucho m\u00e1s suave\u201d,\u00a0 explic\u00f3 entonces el bioqu\u00edmico.<\/p>\n<p>Durante la \u00faltima expedici\u00f3n del Trineo de Viento, la 1\u00aa Circunnavegaci\u00f3n de Groenlandia, culminada el pasado de junio, Albar ha seguido de cerca la aventura de sus compa\u00f1eros. El d\u00eda que terminaron les envi\u00f3 este mensaje: \u201cEnhorabuena a todos. \u00a1Los r\u00e9cords est\u00e1n para batirlos!\u201d.<\/p>\n<p>Los miembros del Proyecto Trineo de Viento se encuentran desolados con su fallecimiento y quieren transmitir sus condolencias p\u00fablicas a sus familiares y amigos.<\/p>\n","protected":false},"excerpt":{"rendered":"<p>El bioqu\u00edmico Juan Pablo Albar, investigador del Centro Nacional de Biotecnolog\u00eda (CNB-CSIC) y miembro del proyecto Trineo de Viento, falleci\u00f3 durante la noche del pasado s\u00e1bado por un infarto. Ram\u00f3n Larramendi, l\u00edder el proyecto y amigo personal del cient\u00edfico, destacaba ayer \u201cla tremenda p\u00e9rdida que supone su desaparici\u00f3n para todos los que le conocimos y para la ciencia en este pa\u00eds\u201d. \u201cSiempre defendi\u00f3 la investigaci\u00f3n y la necesidad de que se hiciera sin da\u00f1ar la naturaleza, por cuyos lugares m\u00e1s arriesgados sinti\u00f3 siempre una gran atracci\u00f3n, raz\u00f3n que le impuls\u00f3 a formar parte de este proyecto\u201d, destacaba ayer desde Groenlandia el explorador polar. Albar, que naci\u00f3 muy lejos de la monta\u00f1a y de los hielos, en Aranjuez (Madrid), form\u00f3 parte del equipo de cuatro personas que participaron en la Expedici\u00f3n Accciona Windpowed 2011-2012 del Trineo de Viento en la Ant\u00e1rtida. En la misma, fue el responsable de los proyectos cient\u00edficos de recogida de muestras que ya se han presentado en un congreso cient\u00edfico en Basilea y ser\u00e1n publicados en breve. Licenciado en Ciencias Qu\u00edmicas en la Universidad Complutense de Madrid, en 1975, tras doctorarse comenz\u00f3 una carrera investigadora en la industria. En 2004 consigui\u00f3 una plaza de Investigador Cient\u00edfico en [&hellip;]<\/p>\n","protected":false},"author":1,"featured_media":1828,"comment_status":"closed","ping_status":"open","sticky":false,"template":"","format":"standard","meta":{"footnotes":""},"categories":[14,11,25],"tags":[],"class_list":["post-987510270","post","type-post","status-publish","format-standard","has-post-thumbnail","hentry","category-hemeroteca","category-noticias-2","category-timeline"],"_links":{"self":[{"href":"https:\/\/tierraspolares.es\/trineodeviento\/wp-json\/wp\/v2\/posts\/987510270","targetHints":{"allow":["GET"]}}],"collection":[{"href":"https:\/\/tierraspolares.es\/trineodeviento\/wp-json\/wp\/v2\/posts"}],"about":[{"href":"https:\/\/tierraspolares.es\/trineodeviento\/wp-json\/wp\/v2\/types\/post"}],"author":[{"embeddable":true,"href":"https:\/\/tierraspolares.es\/trineodeviento\/wp-json\/wp\/v2\/users\/1"}],"replies":[{"embeddable":true,"href":"https:\/\/tierraspolares.es\/trineodeviento\/wp-json\/wp\/v2\/comments?post=987510270"}],"version-history":[{"count":1,"href":"https:\/\/tierraspolares.es\/trineodeviento\/wp-json\/wp\/v2\/posts\/987510270\/revisions"}],"predecessor-version":[{"id":987511628,"href":"https:\/\/tierraspolares.es\/trineodeviento\/wp-json\/wp\/v2\/posts\/987510270\/revisions\/987511628"}],"wp:featuredmedia":[{"embeddable":true,"href":"https:\/\/tierraspolares.es\/trineodeviento\/wp-json\/wp\/v2\/media\/1828"}],"wp:attachment":[{"href":"https:\/\/tierraspolares.es\/trineodeviento\/wp-json\/wp\/v2\/media?parent=987510270"}],"wp:term":[{"taxonomy":"category","embeddable":true,"href":"https:\/\/tierraspolares.es\/trineodeviento\/wp-json\/wp\/v2\/categories?post=987510270"},{"taxonomy":"post_tag","embeddable":true,"href":"https:\/\/tierraspolares.es\/trineodeviento\/wp-json\/wp\/v2\/tags?post=987510270"}],"curies":[{"name":"wp","href":"https:\/\/api.w.org\/{rel}","templated":true}]}}