{"id":987510272,"date":"2014-12-12T15:41:50","date_gmt":"2014-12-12T14:41:50","guid":{"rendered":"http:\/\/uptobe.es\/tierraspolares\/trineodeviento\/?p=2017"},"modified":"2025-06-05T22:28:03","modified_gmt":"2025-06-05T20:28:03","slug":"el-trineo-de-viento-triunfa-en-la-sociedad-geografica-espanola","status":"publish","type":"post","link":"https:\/\/tierraspolares.es\/trineodeviento\/el-trineo-de-viento-triunfa-en-la-sociedad-geografica-espanola\/","title":{"rendered":"El Trineo de Viento triunfa en la Sociedad Geogr\u00e1fica Espa\u00f1ola"},"content":{"rendered":"<ul>\n<li><strong>Los datos cient\u00edficos recogidos en la 1\u00aa Circunnavegaci\u00f3n de Groenlandia revelan hasta 3\u00baC de diferencia respecto a los modelos y nieve a m\u00e1s profundidad de la esperada<\/strong><\/li>\n<li><strong>Ram\u00f3n Larramendi proyecta circunvalar la Ant\u00e1rtida en una traves\u00eda de 7.000 kil\u00f3metros a finales de 2015<\/strong><\/li>\n<li><strong>Cient\u00edficos polares defienden las posibilidades de este veh\u00edculo e\u00f3lico como \u201cuna apuesta del pa\u00eds, con tecnolog\u00eda propia\u201d<\/strong><\/li>\n<\/ul>\n<p><strong>12 DICIEMBRE 2014.<\/strong>\u00a0Ni un hueco libre. El sal\u00f3n de actos de la Sociedad Geogr\u00e1fica Espa\u00f1ola se llen\u00f3 este jueves, 11 de diciembre, con la \u00a0presentaci\u00f3n de los resultados de la expedici\u00f3n que la pasada primavera protagoniz\u00f3 el equipo del <a href=\"http:\/\/tierraspolares.es\/\/tierraspolares\/trineodeviento\/el-trineo-de-viento\/\">Trineo de Viento<\/a>. La Conferencia &#8216;Vuelta a Groenlandia en 49 d\u00edas\u00bb, sirvi\u00f3 de colof\u00f3n y punto de partida a un nuevo reto: la <a href=\"http:\/\/tierraspolares.es\/\/tierraspolares\/trineodeviento\/futuros-proyectos\/\">Circunvalaci\u00f3n de la Ant\u00e1rtida<\/a>, en 2015, que es la meta hacia la que ya trabaja el explorador polar espa\u00f1ol <a href=\"http:\/\/tierraspolares.es\/\/tierraspolares\/trineodeviento\/ramon-h-larramendi\/\">Ram\u00f3n Larramendi<\/a>.<\/p>\n<div id=\"attachment_2019\" style=\"width: 1034px\" class=\"wp-caption aligncenter\"><a href=\"http:\/\/tierraspolares.es\/\/tierraspolares\/trineodeviento\/wp-content\/uploads\/2014\/12\/IMG_7821baja.jpg\"><img fetchpriority=\"high\" decoding=\"async\" aria-describedby=\"caption-attachment-2019\" class=\"wp-image-2019 size-large\" src=\"http:\/\/tierraspolares.es\/\/tierraspolares\/trineodeviento\/wp-content\/uploads\/2014\/12\/IMG_7821baja-1024x597.jpg\" alt=\"Ram\u00f3n Larramendi, durante su intervenci\u00f3n.\" width=\"1024\" height=\"597\" srcset=\"https:\/\/tierraspolares.es\/trineodeviento\/wp-content\/uploads\/2014\/12\/IMG_7821baja-1024x597.jpg 1024w, https:\/\/tierraspolares.es\/trineodeviento\/wp-content\/uploads\/2014\/12\/IMG_7821baja-300x175.jpg 300w, https:\/\/tierraspolares.es\/trineodeviento\/wp-content\/uploads\/2014\/12\/IMG_7821baja-768x448.jpg 768w, https:\/\/tierraspolares.es\/trineodeviento\/wp-content\/uploads\/2014\/12\/IMG_7821baja-1536x896.jpg 1536w, https:\/\/tierraspolares.es\/trineodeviento\/wp-content\/uploads\/2014\/12\/IMG_7821baja-2048x1195.jpg 2048w\" sizes=\"(max-width: 1024px) 100vw, 1024px\" \/><\/a><p id=\"caption-attachment-2019\" class=\"wp-caption-text\">Ram\u00f3n Larramendi, durante su intervenci\u00f3n.<\/p><\/div>\n<p>En la conferencia, a la que asistieron destacados investigadores polares espa\u00f1oles, destac\u00f3 el inter\u00e9s por las aportaciones cient\u00edficas que proporciona este veh\u00edculo no contaminante, precisamente cuando estos d\u00edas el cambio clim\u00e1tico atrae el inter\u00e9s mundial \u00a0en la Cumbre \u00a0del Clima que Naciones Unidas celebra en Lima, y donde la necesidad de reducir emisiones y observar los cambios que tienen lugar en los territorios polares son temas prioritarios.<\/p>\n<p>Los datos cient\u00edficos recogidos por el \u00a0proyecto Trineo de Viento en la Circunnavegaci\u00f3n de Groenlandia, la pasada primavera, est\u00e1n siendo utilizados por investigadores del CSIC para calibrar la precisi\u00f3n de los modelos sobre cambio clim\u00e1tico. Las medidas de temperatura realizadas durante los 49 d\u00edas de traves\u00eda presentan una diferencia media de 3\u00baC respecto a estos modelos (para ese lugar y en esos momentos), seg\u00fan el ge\u00f3grafo Juan Ignacio L\u00f3pez Moreno, del <a href=\"http:\/\/tierraspolares.es\/\/tierraspolares\/trineodeviento\/instituto-pirenaico-de-ecologia-csic\/\">Instituto Pirenaico de Ecolog\u00eda<\/a> (IPE-CSIC).<\/p>\n<div id=\"attachment_2020\" style=\"width: 1034px\" class=\"wp-caption aligncenter\"><a href=\"http:\/\/tierraspolares.es\/\/tierraspolares\/trineodeviento\/wp-content\/uploads\/2014\/12\/IMG_7790.jpg\"><img decoding=\"async\" aria-describedby=\"caption-attachment-2020\" class=\"wp-image-2020 size-large lazyload\" data-src=\"http:\/\/tierraspolares.es\/\/tierraspolares\/trineodeviento\/wp-content\/uploads\/2014\/12\/IMG_7790-1024x768.jpg\" alt=\"El sal\u00f3n de actos de la Sociedad Geogr\u00e1fica Espa\u00f1ola, lleno total. \" width=\"1024\" height=\"768\" data-srcset=\"https:\/\/tierraspolares.es\/trineodeviento\/wp-content\/uploads\/2014\/12\/IMG_7790-1024x768.jpg 1024w, https:\/\/tierraspolares.es\/trineodeviento\/wp-content\/uploads\/2014\/12\/IMG_7790-300x225.jpg 300w, https:\/\/tierraspolares.es\/trineodeviento\/wp-content\/uploads\/2014\/12\/IMG_7790-768x576.jpg 768w, https:\/\/tierraspolares.es\/trineodeviento\/wp-content\/uploads\/2014\/12\/IMG_7790-1536x1152.jpg 1536w, https:\/\/tierraspolares.es\/trineodeviento\/wp-content\/uploads\/2014\/12\/IMG_7790-2048x1536.jpg 2048w\" data-sizes=\"(max-width: 1024px) 100vw, 1024px\" src=\"data:image\/svg+xml;base64,PHN2ZyB3aWR0aD0iMSIgaGVpZ2h0PSIxIiB4bWxucz0iaHR0cDovL3d3dy53My5vcmcvMjAwMC9zdmciPjwvc3ZnPg==\" style=\"--smush-placeholder-width: 1024px; --smush-placeholder-aspect-ratio: 1024\/768;\" \/><\/a><p id=\"caption-attachment-2020\" class=\"wp-caption-text\">El sal\u00f3n de actos de la Sociedad Geogr\u00e1fica Espa\u00f1ola, lleno total.<\/p><\/div>\n<p>El veh\u00edculo, dise\u00f1ado por el explorador Ram\u00f3n Larramendi, ha demostrado que, pese a que requiere a\u00fan mejoras, es adecuado para transportar un laboratorio-m\u00f3vil por territorios ant\u00e1rticos y groenlandeses, puesto que ha sido capaz de recorrer 4.300 kil\u00f3metros en autonom\u00eda y con cero emisiones, en una regi\u00f3n tan sensible, inh\u00f3spita y desconocida como es el \u00c1rtico.<\/p>\n<p>Estas son las principales conclusiones de la conferencia que ayer presentaron Ram\u00f3n Larramendi, l\u00edder de la expedici\u00f3n, \u00a0L\u00f3pez Moreno y los expedicionarios Manuel Olivera y Eusebio Beamonte. El acto fue introducido por el responsable de Expediciones de la SGE, Javier Alonso-I\u00f1arra, y presentado por la periodista Josefina Maestre.<\/p>\n<p>La 1\u00aa Circunnavegaci\u00f3n de Groenlandia, se desarroll\u00f3 entre el pasado 3 mayo, fecha en la que los expedicionarios salieron de Kangerlussuaq, y el 23 de junio. La ruta comenz\u00f3 el 6 de mayo, tras varios d\u00edas de preparaci\u00f3n del veh\u00edculo. En total, los cinco expedicionarios\u00a0 (los tres mncionados junto con la danesa Karin Moe Bojsen y el groenland\u00e9s Hugo Svensson) recorrieron 4.300 kil\u00f3metros en 49 d\u00edas, tiempo en el que fueron totalmente aut\u00f3nomos.<\/p>\n<p>Sobre la ruta elegida, Larramendi dijo:<\/p>\n<blockquote><p>\u00abEra peculiar pero ten\u00eda sentido para probar el Trineo de Viento en un recorrido complejo que implicara ir y volver, y as\u00ed demostrar que con este veh\u00edculo Espa\u00f1a puede desarrollar un programa cient\u00edfico aprovechando sus posibilidades\u201d.<\/p><\/blockquote>\n<p>El pr\u00f3ximo reto, anunci\u00f3, es la circunvalaci\u00f3n de la Ant\u00e1rtida, un nuevo desaf\u00edo geogr\u00e1fico y t\u00e9cnico para finales de 2015.<\/p>\n<blockquote><p>\u201cSer\u00e1n 7.000 kil\u00f3metros en autonom\u00eda, durante 90 d\u00edas y con seis personas. No queremos que sea s\u00f3lo una expedici\u00f3n, sino el embri\u00f3n de un programa nacional espa\u00f1ol ant\u00e1rtico, con financiaci\u00f3n p\u00fablica y privada\u201d, anunci\u00f3. \u201cEs una posibilidad que ya se ha hablado extraoficialmente con el Gobierno\u201d, se\u00f1al\u00f3.<\/p>\n<div id=\"attachment_2022\" style=\"width: 3658px\" class=\"wp-caption aligncenter\"><a href=\"http:\/\/tierraspolares.es\/\/tierraspolares\/trineodeviento\/wp-content\/uploads\/2014\/12\/IMG_7837.jpg\"><img decoding=\"async\" aria-describedby=\"caption-attachment-2022\" class=\"size-full wp-image-2022 lazyload\" data-src=\"http:\/\/tierraspolares.es\/\/tierraspolares\/trineodeviento\/wp-content\/uploads\/2014\/12\/IMG_7837.jpg\" alt=\"Josefina Maestre, Manuel Olivera, Eusebio Beamonte, Ram\u00f3n Larramendi y Francisco Navarro.\" width=\"3648\" height=\"2736\" src=\"data:image\/svg+xml;base64,PHN2ZyB3aWR0aD0iMSIgaGVpZ2h0PSIxIiB4bWxucz0iaHR0cDovL3d3dy53My5vcmcvMjAwMC9zdmciPjwvc3ZnPg==\" style=\"--smush-placeholder-width: 3648px; --smush-placeholder-aspect-ratio: 3648\/2736;\" \/><\/a><p id=\"caption-attachment-2022\" class=\"wp-caption-text\">Josefina Maestre, Manuel Olivera, Eusebio Beamonte, Ram\u00f3n Larramendi y Francisco Navarro.<\/p><\/div><\/blockquote>\n<p>A nivel t\u00e9cnico, reconoci\u00f3 que en el Trineo hay que incorporar mejoras en la cabina de pilotaje, reforzar las cometas y redise\u00f1ar las poleas, que soportan muchas tensiones, pero record\u00f3 que en esta aventura el presupuesto era muy modesto.<\/p>\n<blockquote><p>\u201cAun as\u00ed, los elementos t\u00e9cnicos b\u00e1sicos han funcionado y las roturas se han podido solucionar sobre la marcha, que es lo importante\u201d, destac\u00f3.<\/p><\/blockquote>\n<p>Sobre las condiciones meteorol\u00f3gicas durante la traves\u00eda, Larramendi indic\u00f3: \u201cAl principio del viaje, en mayo, hac\u00eda mucho fr\u00edo, pero a partir 5 junio, subieron las temperaturas y en las tiendas se produc\u00eda un efecto invernadero que permit\u00eda estar poco abrigados trabajando. Tuvimos buen tiempo los 50 d\u00edas, ni una tormenta. Nunca hab\u00edamos visto nada parecido. Alguna vez hubo viento de 65 km\/h, pero fue algo excepcional\u201d.<\/p>\n<p>Manuel Olivera, que durante la traves\u00eda recogi\u00f3 los datos cient\u00edficos, intervino para explicar c\u00f3mo recogi\u00f3 hasta 300 muestras de nieve y realiz\u00f3 nueve experimentos, relacionados con las caracter\u00edsticas de la nieve, encargados por el IPE-CSIC.<\/p>\n<blockquote><p>\u201cNo soy cient\u00edfico, pero comprob\u00e9 que llegamos a tener hasta 20\u00baC de diferencia entre la nieve del norte y del sur. Un grado de diferencia cada 100 kil\u00f3metros\u201d, se\u00f1al\u00f3.<\/p>\n<div id=\"attachment_2023\" style=\"width: 3658px\" class=\"wp-caption aligncenter\"><a href=\"http:\/\/tierraspolares.es\/\/tierraspolares\/trineodeviento\/wp-content\/uploads\/2014\/12\/IMG_7805.jpg\"><img decoding=\"async\" aria-describedby=\"caption-attachment-2023\" class=\"size-full wp-image-2023 lazyload\" data-src=\"http:\/\/tierraspolares.es\/\/tierraspolares\/trineodeviento\/wp-content\/uploads\/2014\/12\/IMG_7805.jpg\" alt=\"Juan Ignacio L\u00f3pez Moreno, del IPE-CSIC, junto a la presentadora. \" width=\"3648\" height=\"2736\" src=\"data:image\/svg+xml;base64,PHN2ZyB3aWR0aD0iMSIgaGVpZ2h0PSIxIiB4bWxucz0iaHR0cDovL3d3dy53My5vcmcvMjAwMC9zdmciPjwvc3ZnPg==\" style=\"--smush-placeholder-width: 3648px; --smush-placeholder-aspect-ratio: 3648\/2736;\" \/><\/a><p id=\"caption-attachment-2023\" class=\"wp-caption-text\">Juan Ignacio L\u00f3pez Moreno, del IPE-CSIC, junto a la presentadora.<\/p><\/div><\/blockquote>\n<p>Las precisiones cient\u00edficas las aport\u00f3 L\u00f3pez Moreno:<\/p>\n<blockquote><p>\u201cLo que pasa en el \u00c1rtico tiene consecuencias para todos. La fusi\u00f3n del hielo incrementa el nivel del mar, cambia las corrientes marinas y perjudica el efecto espejo que tiene el hielo, pues estas zonas polares reflejan hasta el 80% de radiaci\u00f3n solar. El problema es que es un espacio vac\u00edo en el que es complicado recoger informaci\u00f3n, as\u00ed que los estudios se basan en simulaciones num\u00e9ricas o sat\u00e9lites, pero es necesaria la observaci\u00f3n directa en la zona para calibrarlos. Es ah\u00ed donde el Trineo de Viento ha resultado una posibilidad muy interesante\u201d.<\/p><\/blockquote>\n<p>Tras un primer an\u00e1lisis, el investigador ha concluido que los modelos sobre temperaturas en Groenlandia reproducen el patr\u00f3n geogr\u00e1fico que siguieron los expedicionarios, pero tienen un desajuste de 3\u00baC menos respecto a los datos del Trineo de Viento.<\/p>\n<blockquote><p>\u201cNo quiere decir que haya m\u00e1s calentamiento, sino que en ese momento concreto \u00a0hac\u00eda m\u00e1s calor y ello puede ayudar a calibrar modelos predictivos como el cambio clim\u00e1tico\u201d, explic\u00f3.<\/p><\/blockquote>\n<p>Respecto al espesor de nieve, destac\u00f3 que tambi\u00e9n los datos \u201cson interesante para calibrar resultados conseguidos por los sat\u00e9lites\u201d y coment\u00f3 que \u201ces un dato inesperado que encontraran cinco metros de espesor de nieve en zonas muy fr\u00edas, muy al norte, donde se piensa que se convierte en hielo en menos tiempo\u201d.<\/p>\n<p>Entre los presentes en la conferencia se encontraba investigador polar Francisco Navarro, profesor en la Universidad Polit\u00e9cnica de Madrid, quien aprovech\u00f3 para plantear algunas cuestiones t\u00e9cnicas a Larramendi.<\/p>\n<blockquote><p>\u201cPara que fuera viable como veh\u00edculo para la investigaci\u00f3n deber\u00eda estar avalado por un proyecto cient\u00edfico presentado al Plan Nacional I+D\u201d, afirm\u00f3.<\/p><\/blockquote>\n<p>El tambi\u00e9n investigador polar de la Universidad de Alcal\u00e1 de Henares, Miguel Ramos, por su parte, recalc\u00f3 que el Trineo de Viento puede ser la \u201cmotivaci\u00f3n\u201d que necesita la investigaci\u00f3n polar espa\u00f1ola:<\/p>\n<blockquote><p>\u201cEn el continente ant\u00e1rtico podemos hacer muchas cosas, pero adem\u00e1s de la faceta cient\u00edfica est\u00e1 la motivaci\u00f3n que supone tener una tecnolog\u00eda espa\u00f1ola, que est\u00e1 probada, que pueden usar otros pa\u00edses y es esta instalaci\u00f3n la que dar\u00e1 justificaci\u00f3n a las investigaciones\u201d. Asimismo, entre los presentes se encontraba Andr\u00e9s Barbosa, vicedirector de Investigaci\u00f3n del Museo Nacional de Ciencia Naturales y experto en estudios sobre ping\u00fcinos.<\/p><\/blockquote>\n<p>Respecto al manejo del Trineo, el expedicionario e ingeniero Eusebio Beamonte coment\u00f3 su experiencia con estas palabras:<\/p>\n<blockquote><p>\u201cAl principio, parec\u00eda complicado dirigir la cometa donde quer\u00edamos e incluso tuvimos un momento dif\u00edcil al atravesar una zona de grietas, que no esper\u00e1bamos, pero al final del viaje ya lo manej\u00e1bamos sin grandes problemas\u201d.<\/p><\/blockquote>\n<p>Asimismo, entre los asistentes se encontraba al vicedirector de Investigaci\u00f3n del Museo de Ciencias Naturales, Andr\u00e9s Barbosa, que tambi\u00e9n ha defendido en anteriores ocasiones el Trineo de Viento como un veh\u00edculo \u00fatil para la ciencia. Al final del acto, el p\u00fablico pudo participar preguntando a los protagonistas, poniendo de manifiesto el inter\u00e9s que este proyecto pionero despierta tanto entre los especialistas como entre quienes no lo son.<\/p>\n<p>&nbsp;<\/p>\n<p>&nbsp;<\/p>\n","protected":false},"excerpt":{"rendered":"<p>Los datos cient\u00edficos recogidos en la 1\u00aa Circunnavegaci\u00f3n de Groenlandia revelan hasta 3\u00baC de diferencia respecto a los modelos y nieve a m\u00e1s profundidad de la esperada Ram\u00f3n Larramendi proyecta circunvalar la Ant\u00e1rtida en una traves\u00eda de 7.000 kil\u00f3metros a finales de 2015 Cient\u00edficos polares defienden las posibilidades de este veh\u00edculo e\u00f3lico como \u201cuna apuesta del pa\u00eds, con tecnolog\u00eda propia\u201d 12 DICIEMBRE 2014.\u00a0Ni un hueco libre. El sal\u00f3n de actos de la Sociedad Geogr\u00e1fica Espa\u00f1ola se llen\u00f3 este jueves, 11 de diciembre, con la \u00a0presentaci\u00f3n de los resultados de la expedici\u00f3n que la pasada primavera protagoniz\u00f3 el equipo del Trineo de Viento. La Conferencia &#8216;Vuelta a Groenlandia en 49 d\u00edas\u00bb, sirvi\u00f3 de colof\u00f3n y punto de partida a un nuevo reto: la Circunvalaci\u00f3n de la Ant\u00e1rtida, en 2015, que es la meta hacia la que ya trabaja el explorador polar espa\u00f1ol Ram\u00f3n Larramendi. En la conferencia, a la que asistieron destacados investigadores polares espa\u00f1oles, destac\u00f3 el inter\u00e9s por las aportaciones cient\u00edficas que proporciona este veh\u00edculo no contaminante, precisamente cuando estos d\u00edas el cambio clim\u00e1tico atrae el inter\u00e9s mundial \u00a0en la Cumbre \u00a0del Clima que Naciones Unidas celebra en Lima, y donde la necesidad de reducir emisiones y observar los cambios [&hellip;]<\/p>\n","protected":false},"author":1,"featured_media":2018,"comment_status":"closed","ping_status":"open","sticky":false,"template":"","format":"standard","meta":{"footnotes":""},"categories":[11],"tags":[],"class_list":["post-987510272","post","type-post","status-publish","format-standard","has-post-thumbnail","hentry","category-noticias-2"],"_links":{"self":[{"href":"https:\/\/tierraspolares.es\/trineodeviento\/wp-json\/wp\/v2\/posts\/987510272","targetHints":{"allow":["GET"]}}],"collection":[{"href":"https:\/\/tierraspolares.es\/trineodeviento\/wp-json\/wp\/v2\/posts"}],"about":[{"href":"https:\/\/tierraspolares.es\/trineodeviento\/wp-json\/wp\/v2\/types\/post"}],"author":[{"embeddable":true,"href":"https:\/\/tierraspolares.es\/trineodeviento\/wp-json\/wp\/v2\/users\/1"}],"replies":[{"embeddable":true,"href":"https:\/\/tierraspolares.es\/trineodeviento\/wp-json\/wp\/v2\/comments?post=987510272"}],"version-history":[{"count":1,"href":"https:\/\/tierraspolares.es\/trineodeviento\/wp-json\/wp\/v2\/posts\/987510272\/revisions"}],"predecessor-version":[{"id":987511613,"href":"https:\/\/tierraspolares.es\/trineodeviento\/wp-json\/wp\/v2\/posts\/987510272\/revisions\/987511613"}],"wp:featuredmedia":[{"embeddable":true,"href":"https:\/\/tierraspolares.es\/trineodeviento\/wp-json\/wp\/v2\/media\/2018"}],"wp:attachment":[{"href":"https:\/\/tierraspolares.es\/trineodeviento\/wp-json\/wp\/v2\/media?parent=987510272"}],"wp:term":[{"taxonomy":"category","embeddable":true,"href":"https:\/\/tierraspolares.es\/trineodeviento\/wp-json\/wp\/v2\/categories?post=987510272"},{"taxonomy":"post_tag","embeddable":true,"href":"https:\/\/tierraspolares.es\/trineodeviento\/wp-json\/wp\/v2\/tags?post=987510272"}],"curies":[{"name":"wp","href":"https:\/\/api.w.org\/{rel}","templated":true}]}}