{"id":987510275,"date":"2016-10-16T12:36:50","date_gmt":"2016-10-16T10:36:50","guid":{"rendered":"http:\/\/uptobe.es\/tierraspolares\/trineodeviento\/?p=2901"},"modified":"2025-06-05T22:28:01","modified_gmt":"2025-06-05T20:28:01","slug":"el-trineo-de-viento-de-groenlandia-a-tres-cantos","status":"publish","type":"post","link":"https:\/\/tierraspolares.es\/trineodeviento\/el-trineo-de-viento-de-groenlandia-a-tres-cantos\/","title":{"rendered":"El Trineo de Viento, de Groenlandia a Tres Cantos"},"content":{"rendered":"<p><a href=\"http:\/\/tierraspolares.es\/\/tierraspolares\/trineodeviento\/wp-content\/uploads\/2016\/10\/Cartel-BAJA-e1476615108923.jpg\"><img decoding=\"async\" class=\"aligncenter size-large wp-image-2903 lazyload\" data-src=\"http:\/\/tierraspolares.es\/\/tierraspolares\/trineodeviento\/wp-content\/uploads\/2016\/10\/Cartel-BAJA-e1476615108923-1024x404.jpg\" alt=\"cartel-baja\" src=\"data:image\/svg+xml;base64,PHN2ZyB3aWR0aD0iMSIgaGVpZ2h0PSIxIiB4bWxucz0iaHR0cDovL3d3dy53My5vcmcvMjAwMC9zdmciPjwvc3ZnPg==\" style=\"--smush-placeholder-width: 1024px; --smush-placeholder-aspect-ratio: 1024\/404;\" \/><\/a><\/p>\n<p>&nbsp;<\/p>\n<p>El pr\u00f3ximo viernes, d\u00eda 21 de octubre, el explorador polar Ram\u00f3n Larramendi, inventor y promotor del Trineo de Viento, ofrece una conferencia en la IX Semana de Monta\u00f1a y Aventura de Tres Cantos sobre sus expediciones polares a bordo de este veh\u00edculo e\u00f3lico \u00fanico en el mundo.<\/p>\n<p>La conferencia ser\u00e1 a las 20.30 horas en el\u00a0<strong>Centro cultural Adolfo Su\u00e1rez. Plaza del ayuntamiento, n\u00ba2 de Tres Cantos,\u00a0<\/strong>con entrada libre hasta completar aforo.<\/p>\n<p>Durante toda la semana, habr\u00e1 proyecciones de conocidos personajes del alpinismo, el esqu\u00ed o la aventura, excursiones para todos los niveles, talleres de formaci\u00f3n y exposiciones de fotograf\u00eda. Otras conferencias correr\u00e1n a cargo de los escaladores Hermarnos Pou (el jueves), el alpinista Jorge G\u00aa-Dihinx (s\u00e1bado) y el aventurero\u00a0Antonio de la Rosa (el domingo).<\/p>\n<p>&nbsp;<\/p>\n<p><a href=\"http:\/\/tierraspolares.es\/\/tierraspolares\/trineodeviento\/wp-content\/uploads\/2016\/10\/Cartel-BAJA.jpg\"><img decoding=\"async\" class=\"aligncenter size-large wp-image-2903 lazyload\" data-src=\"http:\/\/tierraspolares.es\/\/tierraspolares\/trineodeviento\/wp-content\/uploads\/2016\/10\/Cartel-BAJA-768x1024.jpg\" alt=\"cartel-baja\" src=\"data:image\/svg+xml;base64,PHN2ZyB3aWR0aD0iMSIgaGVpZ2h0PSIxIiB4bWxucz0iaHR0cDovL3d3dy53My5vcmcvMjAwMC9zdmciPjwvc3ZnPg==\" style=\"--smush-placeholder-width: 768px; --smush-placeholder-aspect-ratio: 768\/1024;\" \/><\/a><\/p>\n<p>&nbsp;<\/p>\n","protected":false},"excerpt":{"rendered":"<p>&nbsp; El pr\u00f3ximo viernes, d\u00eda 21 de octubre, el explorador polar Ram\u00f3n Larramendi, inventor y promotor del Trineo de Viento, ofrece una conferencia en la IX Semana de Monta\u00f1a y Aventura de Tres Cantos sobre sus expediciones polares a bordo de este veh\u00edculo e\u00f3lico \u00fanico en el mundo. La conferencia ser\u00e1 a las 20.30 horas en el\u00a0Centro cultural Adolfo Su\u00e1rez. Plaza del ayuntamiento, n\u00ba2 de Tres Cantos,\u00a0con entrada libre hasta completar aforo. Durante toda la semana, habr\u00e1 proyecciones de conocidos personajes del alpinismo, el esqu\u00ed o la aventura, excursiones para todos los niveles, talleres de formaci\u00f3n y exposiciones de fotograf\u00eda. Otras conferencias correr\u00e1n a cargo de los escaladores Hermarnos Pou (el jueves), el alpinista Jorge G\u00aa-Dihinx (s\u00e1bado) y el aventurero\u00a0Antonio de la Rosa (el domingo). &nbsp; &nbsp;<\/p>\n","protected":false},"author":1,"featured_media":0,"comment_status":"closed","ping_status":"closed","sticky":false,"template":"","format":"standard","meta":{"footnotes":""},"categories":[11,16],"tags":[],"class_list":["post-987510275","post","type-post","status-publish","format-standard","hentry","category-noticias-2","category-trineo-de-viento-2016"],"_links":{"self":[{"href":"https:\/\/tierraspolares.es\/trineodeviento\/wp-json\/wp\/v2\/posts\/987510275","targetHints":{"allow":["GET"]}}],"collection":[{"href":"https:\/\/tierraspolares.es\/trineodeviento\/wp-json\/wp\/v2\/posts"}],"about":[{"href":"https:\/\/tierraspolares.es\/trineodeviento\/wp-json\/wp\/v2\/types\/post"}],"author":[{"embeddable":true,"href":"https:\/\/tierraspolares.es\/trineodeviento\/wp-json\/wp\/v2\/users\/1"}],"replies":[{"embeddable":true,"href":"https:\/\/tierraspolares.es\/trineodeviento\/wp-json\/wp\/v2\/comments?post=987510275"}],"version-history":[{"count":1,"href":"https:\/\/tierraspolares.es\/trineodeviento\/wp-json\/wp\/v2\/posts\/987510275\/revisions"}],"predecessor-version":[{"id":987511566,"href":"https:\/\/tierraspolares.es\/trineodeviento\/wp-json\/wp\/v2\/posts\/987510275\/revisions\/987511566"}],"wp:attachment":[{"href":"https:\/\/tierraspolares.es\/trineodeviento\/wp-json\/wp\/v2\/media?parent=987510275"}],"wp:term":[{"taxonomy":"category","embeddable":true,"href":"https:\/\/tierraspolares.es\/trineodeviento\/wp-json\/wp\/v2\/categories?post=987510275"},{"taxonomy":"post_tag","embeddable":true,"href":"https:\/\/tierraspolares.es\/trineodeviento\/wp-json\/wp\/v2\/tags?post=987510275"}],"curies":[{"name":"wp","href":"https:\/\/api.w.org\/{rel}","templated":true}]}}