{"id":987510280,"date":"2017-09-27T11:11:59","date_gmt":"2017-09-27T09:11:59","guid":{"rendered":"http:\/\/uptobe.es\/tierraspolares\/trineodeviento\/?p=3797"},"modified":"2025-06-05T22:27:59","modified_gmt":"2025-06-05T20:27:59","slug":"larramendi-en-el-ciclo-el-artico-la-ultima-frontera","status":"publish","type":"post","link":"https:\/\/tierraspolares.es\/trineodeviento\/larramendi-en-el-ciclo-el-artico-la-ultima-frontera\/","title":{"rendered":"Larramendi en el ciclo: \u00abEl \u00c1rtico, la \u00faltima frontera\u00bb"},"content":{"rendered":"<ul>\n<li><strong>La\u00a0Sociedad\u00a0Geogr\u00e1fica\u00a0Espa\u00f1ola\u00a0celebra en\u00a0<\/strong><strong>octubre el ciclo de conferencias dedicado a la exploraci\u00f3n, geopol\u00edtica y cambio clim\u00e1tico en el \u00c1rtico.<\/strong><\/li>\n<li><strong>Ram\u00f3n Larramendi participa el d\u00eda 24 de octubre en una mesa redonda sobre exploraci\u00f3n polar.<\/strong><\/li>\n<\/ul>\n<ul>\n<li><strong>Las conferencias tendr\u00e1n lugar los\u00a0martes 3, 10, 17 y 24 de octubre en la Fundaci\u00f3n (Vitruvio, 5, Madrid)\u00a0<\/strong><\/li>\n<\/ul>\n<p>La\u00a0Sociedad\u00a0Geogr\u00e1fica\u00a0Espa\u00f1ola, con la colaboraci\u00f3n de la Fundaci\u00f3n Ram\u00f3n Areces, ha organizado por d\u00e9cimo s\u00e9ptima vez consecutiva el ciclo de conferencias dedicado en esta ocasi\u00f3n al territorio \u00e1rtico, que ha pasado de ser un lugar de exploraci\u00f3n, desconocido e inm\u00f3vil, a convertirse en un espacio geoestrat\u00e9gico en el que se libran importantes \u00abbatallas\u00bb por el futuro del planeta.<\/p>\n<p>Bajo el nombre\u00a0<strong>\u00abEl \u00c1rtico, la \u00faltima frontera\u00bb<\/strong>, el ciclo de conferencias contar\u00e1 con la presencia de investigadores, viajeros, expertos en geopol\u00edtica y exploradores del tambi\u00e9n llamado Polo Norte, que abordar\u00e1n desde diversas perspectivas el futuro de un territorio clave del planeta que, pese a todo, sigue siendo un gran escenario de aventuras y retos cient\u00edficos. El d\u00eda 24 de octubre el explorador y creador del Trineo de Viento, Ram\u00f3n Larramendi moderar\u00e1 una mesa redonda con otros dos grandes exploradores: Miguel Guti\u00e9rrez Garitano y Javier Arg\u00fcello. Larramendi es tambi\u00e9n el director de la agencia de viajes especializada Tierras Polares. El pr\u00f3ximo martes d\u00eda 3 se inaugura el ciclo con el escritor y viajero Javier Reverte.<\/p>\n<p>El cambio clim\u00e1tico, el deshielo progresivo de sus masas de hielo y el consiguiente acceso a nuevos recursos, o el nuevo <em>Gran Juego<\/em> geoestrat\u00e9gico entre las potencias presentes en la zona, son temas de candente actualidad que han hecho que pol\u00edticos, cient\u00edficos e incluso artistas y personajes medi\u00e1ticos se hayan unido para concienciar de la importancia vital de la buena gesti\u00f3n del \u00c1rtico.<\/p>\n<p>Las charlas tendr\u00e1n lugar los martes 3, 10, 17 y 24 de octubre a las 19:20 horas en el sal\u00f3n de actos de la Fundaci\u00f3n Ram\u00f3n Areces, en la\u00a0<a href=\"https:\/\/maps.google.com\/?q=calle+Vitruvio+5&amp;entry=gmail&amp;source=g\">calle Vitruvio 5<\/a>\u00a0de Madrid.<\/p>\n<h3>PROGAMA<\/h3>\n<p><em>Martes 3 de octubre, 19:30 h.<\/em><strong><br \/>\nExploradores de lo imposible. La conquista del \u00c1rtico<\/strong><\/p>\n<p>Javier Reverte<\/p>\n<p><i>P<\/i><i>eriodista, viajero y escritor<\/i><\/p>\n<p>El Polo Norte fue la \u00faltima de las conquistas de la exploraci\u00f3n. Siempre fue un lugar desconocido y misterioso y alcanzarlo se convirti\u00f3 en una obsesi\u00f3n. Hasta 1948 nadie logr\u00f3 con certeza pisar este hito geogr\u00e1fico, aunque Amundsen lo hab\u00eda sobrevolado en 1926. La historia de su conquista a lo largo de 400 a\u00f1os es el apasionante relato de una carrera enloquecida e infernal, que provoc\u00f3 naufragios,\u00a0\u00a0fraudes, asesinatos, suicidios y hasta episodios de canibalismo.<\/p>\n<p>Javier Reverte hablar\u00e1 de la historia de la exploraci\u00f3n y descubrimiento del Polo Norte, de sus protagonistas y de sus fracasos y triunfos en su carrera por alcanzar la gloria y de su propia experiencia tras los pasos de los exploradores del \u00c1rtico.<\/p>\n<p><em>Martes 10 de octubre, 19:30 h.<\/em><strong><br \/>\nLa fiebre del \u00c1rtico. La geopol\u00edtica del Polo Norte<\/strong><\/p>\n<p>Ignacio Garc\u00eda S\u00e1nchez<em><br \/>\n<\/em><i>Subdirector del Instituto Espa\u00f1ol de Estudios Estrat\u00e9gicos (IEEE)- CESEDEN<\/i><em>\u00a0<\/em><\/p>\n<p>Los recursos que esconde el \u00c1rtico se han convertido en el \u00faltimo gran tesoro del planeta, algo que todos los pa\u00edses de su entorno desean controlar. Su particular geograf\u00eda \u00a0ha convertido este espacio en una zona de enorme importancia geopol\u00edtica y en el escenario del nuevo \u00abGran Juego\u00bb de las grandes potencias.<\/p>\n<p>Ignacio Garc\u00eda S\u00e1nchez abordar\u00e1 el \u00c1rtico como el gran desaf\u00edo geopol\u00edtico del siglo XXI. \u00bfCu\u00e1les son las claves del creciente inter\u00e9s internacional en el \u00c1rtico? \u00bfQu\u00e9 nuevos intereses, recursos y usos humanos est\u00e1n en juego? \u00bfCu\u00e1l es el marco de la gesti\u00f3n y cooperaci\u00f3n en esta zona? \u00bfTiene Espa\u00f1a intereses en el \u00c1rtico?<\/p>\n<p><em>Martes, 17 de octubre, 19:30 h.<\/em><br \/>\n<strong>El \u00c1rtico, term\u00f3metro del cambio clim\u00e1tico<\/strong><\/p>\n<p>Julian Dowdeswell<\/p>\n<p><i>Director del Scott Polar Research Institute (Cambridge)<\/i><\/p>\n<p>El deshielo del \u00c1rtico preocupa a los investigadores: esta zona del mundo es el aut\u00e9ntico term\u00f3metro con el que los cient\u00edficos miden los cambios que se producir\u00e1n en el planeta y afectar\u00e1n a nuestro futuro. El Oc\u00e9ano Glacial \u00c1rtico lleva 30 a\u00f1os derriti\u00e9ndose y cada verano se registran nuevos hitos hist\u00f3ricos de p\u00e9rdida de la capa de hielo, haciendo saltar todas las alarmas. El director de Scott Polar Research Institute aborda una visi\u00f3n general sobre el cambio clim\u00e1tico, la fragilidad medioambiental y el futuro del \u00c1rtico.<\/p>\n<p><em>Martes 24 de octubre, 19:30 h.<\/em><\/p>\n<p><strong>Explorar en el \u00c1rtico hoy: la irresistible atracci\u00f3n del Polo Norte<\/strong><\/p>\n<p>Mesa redonda con Miguel Guti\u00e9rrez Garitano y Javier Arg\u00fcello. Modera: Ram\u00f3n Larramendi, explorador del \u00c1rtico, creador del Trineo de Viento y director de Tierras Polares.<\/p>\n<p>Dos viajeros\u00a0 actuales, protagonistas de recientes viajes de exploraci\u00f3n al \u00c1rtico, contar\u00e1n su experiencia y debatir\u00e1n con el explorador polar Ram\u00f3n Larramendi sobre la aventura de viajar hoy al Polo Norte. \u00bfPor qu\u00e9 la zona atrae hoy m\u00e1s que nunca a los buscadores de emociones? \u00bfTiene sentido explorar en este territorio en el siglo XXI? \u00bfPueden coexistir exploraci\u00f3n, investigaci\u00f3n y turismo en un marco tan fr\u00e1gil como las zonas polares?<\/p>\n<p><strong>Sobre la SGE<\/strong><\/p>\n<p>La\u00a0<strong>Sociedad\u00a0Geogr\u00e1fica\u00a0Espa\u00f1ola (SGE)\u00a0<\/strong>es una asociaci\u00f3n sin \u00e1nimo de lucro,\u00a0declarada de\u00a0<b>Utilidad P\u00fablica<\/b>.\u00a0La SGE es heredera directa de una larga tradici\u00f3n de exploraci\u00f3n en Espa\u00f1a. Su objetivo desde que fue fundada en 1997 fue revitalizar la geograf\u00eda y el viaje, la exploraci\u00f3n del planeta, la difusi\u00f3n del saber cient\u00edfico y la conciencia ecol\u00f3gica.<br \/>\nA lo largo de casi dos d\u00e9cadas de trabajo, la\u00a0Sociedad\u00a0se ha consolidado como un proyecto cultural que tiene la virtud de unir a gentes provenientes de todos los \u00e1mbitos en el inter\u00e9s com\u00fan de recuperar la memoria de los grandes exploradores y descubridores espa\u00f1oles as\u00ed como de dar a conocer al mundo las aportaciones actuales de ge\u00f3grafos y viajeros espa\u00f1oles. Hoy, \u00a0m\u00e1s de 1.500 personas se re\u00fanen en torno a este proyecto y participan activamente en \u00e9l.<br \/>\nExpediciones, encuentros con grandes viajeros, conferencias, seminarios, viajes con expertos , ciclos especializados y talleres, tertulias de viajes, publicaciones , una activa web para sus miembros, una revista cuatrimestral,\u00a0proyectos de investigaci\u00f3n y de exploraci\u00f3n y cursos de diferentes disciplinas relacionadas con la geograf\u00eda y los viajes (bot\u00e1nica, astronom\u00eda, cartograf\u00eda, orientaci\u00f3n, fotograf\u00eda de viajes, supervivencia), son las actividades desarrolladas por la SGE.<\/p>\n<p>&nbsp;<\/p>\n","protected":false},"excerpt":{"rendered":"<p>La\u00a0Sociedad\u00a0Geogr\u00e1fica\u00a0Espa\u00f1ola\u00a0celebra en\u00a0octubre el ciclo de conferencias dedicado a la exploraci\u00f3n, geopol\u00edtica y cambio clim\u00e1tico en el \u00c1rtico. Ram\u00f3n Larramendi participa el d\u00eda 24 de octubre en una mesa redonda sobre exploraci\u00f3n polar. Las conferencias tendr\u00e1n lugar los\u00a0martes 3, 10, 17 y 24 de octubre en la Fundaci\u00f3n (Vitruvio, 5, Madrid)\u00a0 La\u00a0Sociedad\u00a0Geogr\u00e1fica\u00a0Espa\u00f1ola, con la colaboraci\u00f3n de la Fundaci\u00f3n Ram\u00f3n Areces, ha organizado por d\u00e9cimo s\u00e9ptima vez consecutiva el ciclo de conferencias dedicado en esta ocasi\u00f3n al territorio \u00e1rtico, que ha pasado de ser un lugar de exploraci\u00f3n, desconocido e inm\u00f3vil, a convertirse en un espacio geoestrat\u00e9gico en el que se libran importantes \u00abbatallas\u00bb por el futuro del planeta. Bajo el nombre\u00a0\u00abEl \u00c1rtico, la \u00faltima frontera\u00bb, el ciclo de conferencias contar\u00e1 con la presencia de investigadores, viajeros, expertos en geopol\u00edtica y exploradores del tambi\u00e9n llamado Polo Norte, que abordar\u00e1n desde diversas perspectivas el futuro de un territorio clave del planeta que, pese a todo, sigue siendo un gran escenario de aventuras y retos cient\u00edficos. El d\u00eda 24 de octubre el explorador y creador del Trineo de Viento, Ram\u00f3n Larramendi moderar\u00e1 una mesa redonda con otros dos grandes exploradores: Miguel Guti\u00e9rrez Garitano y Javier Arg\u00fcello. Larramendi es tambi\u00e9n el director de la agencia [&hellip;]<\/p>\n","protected":false},"author":1,"featured_media":3798,"comment_status":"closed","ping_status":"closed","sticky":false,"template":"","format":"standard","meta":{"footnotes":""},"categories":[11],"tags":[],"class_list":["post-987510280","post","type-post","status-publish","format-standard","has-post-thumbnail","hentry","category-noticias-2"],"_links":{"self":[{"href":"https:\/\/tierraspolares.es\/trineodeviento\/wp-json\/wp\/v2\/posts\/987510280","targetHints":{"allow":["GET"]}}],"collection":[{"href":"https:\/\/tierraspolares.es\/trineodeviento\/wp-json\/wp\/v2\/posts"}],"about":[{"href":"https:\/\/tierraspolares.es\/trineodeviento\/wp-json\/wp\/v2\/types\/post"}],"author":[{"embeddable":true,"href":"https:\/\/tierraspolares.es\/trineodeviento\/wp-json\/wp\/v2\/users\/1"}],"replies":[{"embeddable":true,"href":"https:\/\/tierraspolares.es\/trineodeviento\/wp-json\/wp\/v2\/comments?post=987510280"}],"version-history":[{"count":1,"href":"https:\/\/tierraspolares.es\/trineodeviento\/wp-json\/wp\/v2\/posts\/987510280\/revisions"}],"predecessor-version":[{"id":987511521,"href":"https:\/\/tierraspolares.es\/trineodeviento\/wp-json\/wp\/v2\/posts\/987510280\/revisions\/987511521"}],"wp:featuredmedia":[{"embeddable":true,"href":"https:\/\/tierraspolares.es\/trineodeviento\/wp-json\/"}],"wp:attachment":[{"href":"https:\/\/tierraspolares.es\/trineodeviento\/wp-json\/wp\/v2\/media?parent=987510280"}],"wp:term":[{"taxonomy":"category","embeddable":true,"href":"https:\/\/tierraspolares.es\/trineodeviento\/wp-json\/wp\/v2\/categories?post=987510280"},{"taxonomy":"post_tag","embeddable":true,"href":"https:\/\/tierraspolares.es\/trineodeviento\/wp-json\/wp\/v2\/tags?post=987510280"}],"curies":[{"name":"wp","href":"https:\/\/api.w.org\/{rel}","templated":true}]}}