{"id":987510285,"date":"2018-01-23T12:10:45","date_gmt":"2018-01-23T11:10:45","guid":{"rendered":"http:\/\/uptobe.es\/tierraspolares\/trineodeviento\/?p=3996"},"modified":"2025-06-05T22:27:58","modified_gmt":"2025-06-05T20:27:58","slug":"el-correo-polar","status":"publish","type":"post","link":"https:\/\/tierraspolares.es\/trineodeviento\/el-correo-polar\/","title":{"rendered":"El &#8216;Correo Polar&#8217;, la revista de los hielos"},"content":{"rendered":"<p>El\u00a0 &#8216;<em>Correo Polar&#8217;<\/em> es la \u00fanica revista en papel en Espa\u00f1a que se dedica al mundo polar. Joan B. Beltr\u00e1n Reverte, su fundador y director, lleva 24 a\u00f1os empe\u00f1ado en que la publicaci\u00f3n, semestral, llegue puntualmente a sus suscriptores. Editada por la Sociedad Espa\u00f1ola de Filatelia Polar, Beltran y sus colaboradores\u00a0 informan en sus p\u00e1ginas de las \u00faltimas novedades polares y tambi\u00e9n, como no pod\u00eda ser menos, de las novedades filat\u00e9licas relacionadas con los hielos. En el \u00faltimo n\u00famero, se dedica espacio a la remodelada base Juan Carlos I en la Ant\u00e1rtida, recordando sus antecedentes y tambi\u00e9n su historia.<\/p>\n<p><a href=\"http:\/\/tierraspolares.es\/\/tierraspolares\/trineodeviento\/wp-content\/uploads\/2018\/01\/DSC_0927-copia.jpg\"><img fetchpriority=\"high\" decoding=\"async\" class=\" wp-image-3998 alignleft\" src=\"http:\/\/tierraspolares.es\/\/tierraspolares\/trineodeviento\/wp-content\/uploads\/2018\/01\/DSC_0927-copia-768x1004.jpg\" alt=\"\" width=\"332\" height=\"434\" \/><\/a><\/p>\n<p>\u00abFue una iniciativa m\u00eda, all\u00e1 por 1994. Desde entonces, se han editado ya 43 n\u00fameros y tambi\u00e9n, en el tema filat\u00e9lico, han salido varios sellos dedicados a este tema. Hubo uno dedicado a la Base Juan Carlos I, otro al cient\u00edfico polar Antoni Ballester, otro al Hesp\u00e9rides&#8230;\u00bb, se\u00f1ala el director de la revista. \u00abEl \u00faltimo logro es que Correos dedique un sello al aniversario del Protocolo del Tratado Ant\u00e1rtico que se firm\u00f3 en Madrid y que se presentar\u00e1 en breve. Ha sido una iniciativa de la que estoy orgulloso. La revista no s\u00f3lo da cuenta de estos temas filat\u00e9licos, sino que con ellas queremos contribuir a la divulgaci\u00f3n de la ciencia polar\u00bb, afirma.<\/p>\n<p>En el \u00faltimo ejemplar incluye un art\u00edculo de Josefina Castellv\u00ed, una pionera espa\u00f1ola en la Ant\u00e1rtida que hace un homenaje en estas p\u00e1ginas precisamente a Antoni Ballester. Tambi\u00e9n hay un espacio para la &#8216;Librer\u00eda polar&#8217;, con recomendaciones como &#8216;Volver\u00e1s a la Ant\u00e1rtida&#8217; del expedicionario del Trineo de Viento Hilo Moreno, o la obra de Javier Cacho \u00abNansen, el maestro de la exporaci\u00f3n polar\u00bb.<\/p>\n<p>\u00abConoc\u00ed a Ram\u00f3n Larramendi hace mucho tiempo, un d\u00eda que vino por Alcanar (Tarragona) y desde entonces he seguido muy de cerca sus proyectos porque son realmente muy atractivos. En estas p\u00e1ginas ya hemos hablado de sus expediciones y el Trineo de Viento, porque es un proyecto \u00fanico\u00bb.<\/p>\n<p>Beltr\u00e1n asegura que, pese al esfuerzo, merece la pena continuar con el &#8216;Correo Polar&#8217; vivo. \u00abSupera a las versiones que hay en Inglaterra o en Francia. Es la \u00fanica que se imprime en color y no ha faltado nunca a su cita con los suscriptores\u00bb.<\/p>\n<p><strong>Para suscribirse y contactar:<\/strong><\/p>\n<h3><span style=\"color: #0000ff;\"><strong>sefp.correopolar@gmail.com<\/strong><\/span><\/h3>\n<p><a href=\"http:\/\/tierraspolares.es\/\/tierraspolares\/trineodeviento\/wp-content\/uploads\/2018\/01\/Correo-Polar-43-1.jpg\"><img decoding=\"async\" class=\"aligncenter size-medium_large wp-image-4002 lazyload\" data-src=\"http:\/\/tierraspolares.es\/\/tierraspolares\/trineodeviento\/wp-content\/uploads\/2018\/01\/Correo-Polar-43-1-768x1087.jpg\" alt=\"\" width=\"768\" height=\"1087\" src=\"data:image\/svg+xml;base64,PHN2ZyB3aWR0aD0iMSIgaGVpZ2h0PSIxIiB4bWxucz0iaHR0cDovL3d3dy53My5vcmcvMjAwMC9zdmciPjwvc3ZnPg==\" style=\"--smush-placeholder-width: 768px; --smush-placeholder-aspect-ratio: 768\/1087;\" \/><\/a><\/p>\n<p>&nbsp;<\/p>\n","protected":false},"excerpt":{"rendered":"<p>El\u00a0 &#8216;Correo Polar&#8217; es la \u00fanica revista en papel en Espa\u00f1a que se dedica al mundo polar. Joan B. Beltr\u00e1n Reverte, su fundador y director, lleva 24 a\u00f1os empe\u00f1ado en que la publicaci\u00f3n, semestral, llegue puntualmente a sus suscriptores. Editada por la Sociedad Espa\u00f1ola de Filatelia Polar, Beltran y sus colaboradores\u00a0 informan en sus p\u00e1ginas de las \u00faltimas novedades polares y tambi\u00e9n, como no pod\u00eda ser menos, de las novedades filat\u00e9licas relacionadas con los hielos. En el \u00faltimo n\u00famero, se dedica espacio a la remodelada base Juan Carlos I en la Ant\u00e1rtida, recordando sus antecedentes y tambi\u00e9n su historia. \u00abFue una iniciativa m\u00eda, all\u00e1 por 1994. Desde entonces, se han editado ya 43 n\u00fameros y tambi\u00e9n, en el tema filat\u00e9lico, han salido varios sellos dedicados a este tema. Hubo uno dedicado a la Base Juan Carlos I, otro al cient\u00edfico polar Antoni Ballester, otro al Hesp\u00e9rides&#8230;\u00bb, se\u00f1ala el director de la revista. \u00abEl \u00faltimo logro es que Correos dedique un sello al aniversario del Protocolo del Tratado Ant\u00e1rtico que se firm\u00f3 en Madrid y que se presentar\u00e1 en breve. Ha sido una iniciativa de la que estoy orgulloso. La revista no s\u00f3lo da cuenta de estos temas filat\u00e9licos, sino que [&hellip;]<\/p>\n","protected":false},"author":1,"featured_media":3997,"comment_status":"closed","ping_status":"closed","sticky":false,"template":"","format":"standard","meta":{"footnotes":""},"categories":[11],"tags":[27,98,99],"class_list":["post-987510285","post","type-post","status-publish","format-standard","has-post-thumbnail","hentry","category-noticias-2","tag-antartida","tag-correo-polar","tag-filatelia"],"_links":{"self":[{"href":"https:\/\/tierraspolares.es\/trineodeviento\/wp-json\/wp\/v2\/posts\/987510285","targetHints":{"allow":["GET"]}}],"collection":[{"href":"https:\/\/tierraspolares.es\/trineodeviento\/wp-json\/wp\/v2\/posts"}],"about":[{"href":"https:\/\/tierraspolares.es\/trineodeviento\/wp-json\/wp\/v2\/types\/post"}],"author":[{"embeddable":true,"href":"https:\/\/tierraspolares.es\/trineodeviento\/wp-json\/wp\/v2\/users\/1"}],"replies":[{"embeddable":true,"href":"https:\/\/tierraspolares.es\/trineodeviento\/wp-json\/wp\/v2\/comments?post=987510285"}],"version-history":[{"count":1,"href":"https:\/\/tierraspolares.es\/trineodeviento\/wp-json\/wp\/v2\/posts\/987510285\/revisions"}],"predecessor-version":[{"id":987511508,"href":"https:\/\/tierraspolares.es\/trineodeviento\/wp-json\/wp\/v2\/posts\/987510285\/revisions\/987511508"}],"wp:featuredmedia":[{"embeddable":true,"href":"https:\/\/tierraspolares.es\/trineodeviento\/wp-json\/wp\/v2\/media\/3997"}],"wp:attachment":[{"href":"https:\/\/tierraspolares.es\/trineodeviento\/wp-json\/wp\/v2\/media?parent=987510285"}],"wp:term":[{"taxonomy":"category","embeddable":true,"href":"https:\/\/tierraspolares.es\/trineodeviento\/wp-json\/wp\/v2\/categories?post=987510285"},{"taxonomy":"post_tag","embeddable":true,"href":"https:\/\/tierraspolares.es\/trineodeviento\/wp-json\/wp\/v2\/tags?post=987510285"}],"curies":[{"name":"wp","href":"https:\/\/api.w.org\/{rel}","templated":true}]}}