{"id":987510292,"date":"2018-05-19T11:49:06","date_gmt":"2018-05-19T09:49:06","guid":{"rendered":"http:\/\/uptobe.es\/tierraspolares\/trineodeviento\/?p=4095"},"modified":"2025-06-05T22:27:58","modified_gmt":"2025-06-05T20:27:58","slug":"dia-23-de-mayo-conferencia-en-cosmocaixa-barcelona","status":"publish","type":"post","link":"https:\/\/tierraspolares.es\/trineodeviento\/dia-23-de-mayo-conferencia-en-cosmocaixa-barcelona\/","title":{"rendered":"D\u00cdA 23 de Mayo: conferencia en CosmoCaixa Barcelona"},"content":{"rendered":"<p>El explorador polar\u00a0<strong>Ram\u00f3n Larramendi<\/strong>\u00a0ofrece el pr\u00f3ximo 23 de mayo, a las 19 horas, la conferencia \u00abEl trineo de viento: Hacia la conquista cient\u00edfica de los polos\u00bb en el Museo CosmoCaixa de Barcelona, dentro de la programaci\u00f3n de actividades organizadas por la Obra Social &#8216;La Caixa&#8217;. El acto tendr\u00e1 lugar a las 19 horas.<\/p>\n<p>En esta primera conferencia de Larramendi en Cataluna, Larramendi hablar\u00e1 del\u00a0veh\u00edculo polar que ha creado, \u00fanico en el mundo: el Trineo de Viento, un aut\u00e9ntico laboratorio m\u00f3vil que ya ha recorrido 20.000 kms por la Ant\u00e1rtida y el \u00c1rtico. Este trineo es pionero al no existir otro capaz de recorrer los desiertos helados de la Tierra con cero emisiones.<\/p>\n<p>El Trineo de Viento, inspirado en los trineos inuits, pero que incorpora innovadoras tecnolog\u00edas, aspira a formar parte del Programa Polar Espa\u00f1ol, al igual que las bases ant\u00e1rticas, dado que permite a los cient\u00edficos espa\u00f1oles acceder con sus proyectos a zonas que resultan pr\u00e1cticamente inaccesibles para el ser humano. Adem\u00e1s, este veh\u00edculo puede llegar a \u00e1reas en las que tienen lugar transformaciones debido al cambio clim\u00e1tico que pueden afectar a toda la humanidad y de las que se sabe poco.<\/p>\n<p>El proyecto,\u00a0que ha requerido un largo desarrollo en los \u00faltimos 18 a\u00f1os, ya es una realidad y perfila una nueva aventura cient\u00edfica y de exploraci\u00f3n ant\u00e1rtica. En la conferencia en CosmoCaixa, su creador y m\u00e1ximo responsable, explicar\u00e1 la historia de este proyecto, sus hitos en los territorios polares y las grandes posibilidades que tiene por delante. Para la revista &#8216;Nature&#8217; es uno de los proyectos con m\u00e1s futuro para hacer \u00abciencia limpia\u00bb, y hacerlo adem\u00e1s\u00a0con una gran eficiencia de recursos. Tambi\u00e9n es una gran aventura humana para aumentar el conocimiento.<\/p>\n<p>Los interesados en asistir deben reservar y adquirir su plaza en<\/p>\n<p><strong>AGENDA DE ACTIVIDADES: <a href=\"http:\/\/agenda.obrasocial.lacaixa.es\/-\/el-trineo-de-viento-hacia-la-conquista-cientifica-de-los-polos#itinerancias\">LINK<\/a><\/strong><\/p>\n<p>&nbsp;<\/p>\n<p>&nbsp;<\/p>\n<p>&nbsp;<\/p>\n","protected":false},"excerpt":{"rendered":"<p>El explorador polar\u00a0Ram\u00f3n Larramendi\u00a0ofrece el pr\u00f3ximo 23 de mayo, a las 19 horas, la conferencia \u00abEl trineo de viento: Hacia la conquista cient\u00edfica de los polos\u00bb en el Museo CosmoCaixa de Barcelona, dentro de la programaci\u00f3n de actividades organizadas por la Obra Social &#8216;La Caixa&#8217;. El acto tendr\u00e1 lugar a las 19 horas. En esta primera conferencia de Larramendi en Cataluna, Larramendi hablar\u00e1 del\u00a0veh\u00edculo polar que ha creado, \u00fanico en el mundo: el Trineo de Viento, un aut\u00e9ntico laboratorio m\u00f3vil que ya ha recorrido 20.000 kms por la Ant\u00e1rtida y el \u00c1rtico. Este trineo es pionero al no existir otro capaz de recorrer los desiertos helados de la Tierra con cero emisiones. El Trineo de Viento, inspirado en los trineos inuits, pero que incorpora innovadoras tecnolog\u00edas, aspira a formar parte del Programa Polar Espa\u00f1ol, al igual que las bases ant\u00e1rticas, dado que permite a los cient\u00edficos espa\u00f1oles acceder con sus proyectos a zonas que resultan pr\u00e1cticamente inaccesibles para el ser humano. Adem\u00e1s, este veh\u00edculo puede llegar a \u00e1reas en las que tienen lugar transformaciones debido al cambio clim\u00e1tico que pueden afectar a toda la humanidad y de las que se sabe poco. El proyecto,\u00a0que ha requerido un largo desarrollo en [&hellip;]<\/p>\n","protected":false},"author":1,"featured_media":4096,"comment_status":"closed","ping_status":"closed","sticky":false,"template":"","format":"standard","meta":{"footnotes":""},"categories":[11],"tags":[17,10,102,30,41],"class_list":["post-987510292","post","type-post","status-publish","format-standard","has-post-thumbnail","hentry","category-noticias-2","tag-ciencia","tag-conferencias","tag-cosmocaixa","tag-ramon-larramendi","tag-trineo-de-viento"],"_links":{"self":[{"href":"https:\/\/tierraspolares.es\/trineodeviento\/wp-json\/wp\/v2\/posts\/987510292","targetHints":{"allow":["GET"]}}],"collection":[{"href":"https:\/\/tierraspolares.es\/trineodeviento\/wp-json\/wp\/v2\/posts"}],"about":[{"href":"https:\/\/tierraspolares.es\/trineodeviento\/wp-json\/wp\/v2\/types\/post"}],"author":[{"embeddable":true,"href":"https:\/\/tierraspolares.es\/trineodeviento\/wp-json\/wp\/v2\/users\/1"}],"replies":[{"embeddable":true,"href":"https:\/\/tierraspolares.es\/trineodeviento\/wp-json\/wp\/v2\/comments?post=987510292"}],"version-history":[{"count":1,"href":"https:\/\/tierraspolares.es\/trineodeviento\/wp-json\/wp\/v2\/posts\/987510292\/revisions"}],"predecessor-version":[{"id":987511500,"href":"https:\/\/tierraspolares.es\/trineodeviento\/wp-json\/wp\/v2\/posts\/987510292\/revisions\/987511500"}],"wp:featuredmedia":[{"embeddable":true,"href":"https:\/\/tierraspolares.es\/trineodeviento\/wp-json\/wp\/v2\/media\/4096"}],"wp:attachment":[{"href":"https:\/\/tierraspolares.es\/trineodeviento\/wp-json\/wp\/v2\/media?parent=987510292"}],"wp:term":[{"taxonomy":"category","embeddable":true,"href":"https:\/\/tierraspolares.es\/trineodeviento\/wp-json\/wp\/v2\/categories?post=987510292"},{"taxonomy":"post_tag","embeddable":true,"href":"https:\/\/tierraspolares.es\/trineodeviento\/wp-json\/wp\/v2\/tags?post=987510292"}],"curies":[{"name":"wp","href":"https:\/\/api.w.org\/{rel}","templated":true}]}}