{"id":987510295,"date":"2018-05-28T18:27:57","date_gmt":"2018-05-28T16:27:57","guid":{"rendered":"http:\/\/uptobe.es\/tierraspolares\/trineodeviento\/?p=4120"},"modified":"2025-06-05T22:27:58","modified_gmt":"2025-06-05T20:27:58","slug":"gracias-a-nuestros-332-mecenas","status":"publish","type":"post","link":"https:\/\/tierraspolares.es\/trineodeviento\/gracias-a-nuestros-332-mecenas\/","title":{"rendered":"\u00a1Gracias a nuestros 332 mecenas!"},"content":{"rendered":"<p>El <a href=\"https:\/\/www.verkami.com\/projects\/20100-primera-campana-antartica-del-trineo-de-viento\/manage_dashboard\">crowdfunding<\/a>, financiaci\u00f3n colectiva, para construir un nuevo Trineo de Viento que ir\u00e1 a la Ant\u00e1rtida a final de este a\u00f1o, ha sido un \u00e9xito y ha alcanzado el objetivo que se propuso en un principio, dado que ha conseguido recaudar un total d 28.600 euros que permiten costear una parte importante de su construcci\u00f3n, que ya se est\u00e1 realizando en estos momentos.<\/p>\n<p>En total, en los 40 d\u00edas de campa\u00f1a, se han realizado 334 aportaciones de 332 mecenas diferentes, personas individuales y algunas empresas e instituciones que han decidido apostar por un proyecto pionero que se ha marcado como pr\u00f3ximo objetivo realizar un recorrido de 2.000 kil\u00f3metros por el interior del continente ant\u00e1rtico, una zona poco conocida, y hacerlo con un equipamiento cient\u00edfico que permitir\u00e1 recabar informaci\u00f3n fundamental para los investigadores sobre los impactos y cambios que est\u00e1n teniendo lugar en este territorio.<\/p>\n<p>Ram\u00f3n Larramendi, creador y promotor del Trineo de Viento, el primer y \u00fanico eco-veh\u00edculo polar de la historia, agradece la participaci\u00f3n de todas las personas que se han implicado para que esta traves\u00eda sea realidad. \u00abEs muy gratificante saber que tantas personas apuestan por este proyecto espa\u00f1ol y desde aqu\u00ed env\u00edo mi agradecimiento a todas y cada una de ellas. A\u00fan nos faltan recursos pero vamos a ir a la Ant\u00e1rtida y demostrar que en este pa\u00eds se apuesta por la innovaci\u00f3n y por la ciencia que busca respuestas a los retos que tenemos por delante la Humanidad, como es el cambio clim\u00e1tico, la lucha contra la contaminaci\u00f3n, el aumento del nivel de los mares, etc\u00e9tera\u00bb.<\/p>\n<p>El pr\u00f3ximo jueves, 31 de mayo, se dar\u00e1 a conocer la participaci\u00f3n de la Fundaci\u00f3n Pr\u00edncipe Alberto II de M\u00f3naco en esta Primera Campa\u00f1a Ant\u00e1rtica del Trineo de Viento, en el transcurso de una rueda de prensa en el Museo de Ciencias Naturales de Madrid.<\/p>\n<p>&nbsp;<\/p>\n<p>&nbsp;<\/p>\n<p>&nbsp;<\/p>\n<p>&nbsp;<\/p>\n","protected":false},"excerpt":{"rendered":"<p>El crowdfunding, financiaci\u00f3n colectiva, para construir un nuevo Trineo de Viento que ir\u00e1 a la Ant\u00e1rtida a final de este a\u00f1o, ha sido un \u00e9xito y ha alcanzado el objetivo que se propuso en un principio, dado que ha conseguido recaudar un total d 28.600 euros que permiten costear una parte importante de su construcci\u00f3n, que ya se est\u00e1 realizando en estos momentos. En total, en los 40 d\u00edas de campa\u00f1a, se han realizado 334 aportaciones de 332 mecenas diferentes, personas individuales y algunas empresas e instituciones que han decidido apostar por un proyecto pionero que se ha marcado como pr\u00f3ximo objetivo realizar un recorrido de 2.000 kil\u00f3metros por el interior del continente ant\u00e1rtico, una zona poco conocida, y hacerlo con un equipamiento cient\u00edfico que permitir\u00e1 recabar informaci\u00f3n fundamental para los investigadores sobre los impactos y cambios que est\u00e1n teniendo lugar en este territorio. Ram\u00f3n Larramendi, creador y promotor del Trineo de Viento, el primer y \u00fanico eco-veh\u00edculo polar de la historia, agradece la participaci\u00f3n de todas las personas que se han implicado para que esta traves\u00eda sea realidad. \u00abEs muy gratificante saber que tantas personas apuestan por este proyecto espa\u00f1ol y desde aqu\u00ed env\u00edo mi agradecimiento a todas y [&hellip;]<\/p>\n","protected":false},"author":1,"featured_media":4074,"comment_status":"closed","ping_status":"closed","sticky":false,"template":"","format":"standard","meta":{"footnotes":""},"categories":[11],"tags":[],"class_list":["post-987510295","post","type-post","status-publish","format-standard","has-post-thumbnail","hentry","category-noticias-2"],"_links":{"self":[{"href":"https:\/\/tierraspolares.es\/trineodeviento\/wp-json\/wp\/v2\/posts\/987510295","targetHints":{"allow":["GET"]}}],"collection":[{"href":"https:\/\/tierraspolares.es\/trineodeviento\/wp-json\/wp\/v2\/posts"}],"about":[{"href":"https:\/\/tierraspolares.es\/trineodeviento\/wp-json\/wp\/v2\/types\/post"}],"author":[{"embeddable":true,"href":"https:\/\/tierraspolares.es\/trineodeviento\/wp-json\/wp\/v2\/users\/1"}],"replies":[{"embeddable":true,"href":"https:\/\/tierraspolares.es\/trineodeviento\/wp-json\/wp\/v2\/comments?post=987510295"}],"version-history":[{"count":1,"href":"https:\/\/tierraspolares.es\/trineodeviento\/wp-json\/wp\/v2\/posts\/987510295\/revisions"}],"predecessor-version":[{"id":987511497,"href":"https:\/\/tierraspolares.es\/trineodeviento\/wp-json\/wp\/v2\/posts\/987510295\/revisions\/987511497"}],"wp:featuredmedia":[{"embeddable":true,"href":"https:\/\/tierraspolares.es\/trineodeviento\/wp-json\/wp\/v2\/media\/4074"}],"wp:attachment":[{"href":"https:\/\/tierraspolares.es\/trineodeviento\/wp-json\/wp\/v2\/media?parent=987510295"}],"wp:term":[{"taxonomy":"category","embeddable":true,"href":"https:\/\/tierraspolares.es\/trineodeviento\/wp-json\/wp\/v2\/categories?post=987510295"},{"taxonomy":"post_tag","embeddable":true,"href":"https:\/\/tierraspolares.es\/trineodeviento\/wp-json\/wp\/v2\/tags?post=987510295"}],"curies":[{"name":"wp","href":"https:\/\/api.w.org\/{rel}","templated":true}]}}