{"id":987510297,"date":"2018-05-31T20:24:48","date_gmt":"2018-05-31T18:24:48","guid":{"rendered":"http:\/\/uptobe.es\/tierraspolares\/trineodeviento\/?p=4129"},"modified":"2025-06-05T22:27:58","modified_gmt":"2025-06-05T20:27:58","slug":"a-la-antartida-con-la-fundacion-principe-alberto-de-monaco","status":"publish","type":"post","link":"https:\/\/tierraspolares.es\/trineodeviento\/a-la-antartida-con-la-fundacion-principe-alberto-de-monaco\/","title":{"rendered":"A la Ant\u00e1rtida con la Fundaci\u00f3n Pr\u00edncipe Alberto II de M\u00f3naco"},"content":{"rendered":"<p>\u2022 <em>Bajo la presidencia de Da Carol Portabella Settimo\u0301, presidenta de la Fundacio\u0301n Pri\u0301ncipe Alberto II de Mo\u0301naco en Espan\u0303a, junto a Ramo\u0301n Larramendi, uno de los grandes exploradores polares espan\u0303oles del siglo XXI y Antonio Quesada, secretario te\u0301cnico del Comite\u0301 Polar Espan\u0303ol, tiene lugar la presentacio\u0301n oficial de la co-financiacio\u0301n del proyecto medioambiental \u201cTrineo de Viento\u201d<br \/>\n\u2022 La Fundacio\u0301n Pri\u0301ncipe Alberto II de Mo\u0301naco se dedica desde hace 12 an\u0303os a la proteccio\u0301n del medio ambiente y a la lucha contra los efectos del cambio clima\u0301tico, trabajando para la promocio\u0301n del desarrollo sostenible, y por la proteccio\u0301n de la biodiversidad.<\/em><\/p>\n<p>Madrid, 31 de mayo de 2018.- Ha tenido lugar el anuncio de la co-financiacio\u0301n con la que la Fundacio\u0301n Pri\u0301ncipe Alberto II de Mo\u0301naco, en su compromiso con la proteccio\u0301n del medioambiente y la lucha contra los efectos del cambio clima\u0301tico, da su apoyo al proyecto Trineo de Viento (Inuit WindSled).<\/p>\n<p>Se trata de una iniciativa cuyo objetivo es demostrar que existen alternativas reales y eficaces para los desplazamientos en territorios polares, sin dejar tras de si\u0301 ningu\u0301n rastro de contaminacio\u0301n. Con el apoyo de la Fundacio\u0301n Pri\u0301ncipe Alberto II de Mo\u0301naco, el Trineo de Viento va a realizar la travesi\u0301a de la Anta\u0301rtida so\u0301lo con el impulso de energi\u0301a limpia del viento gracias a este nuevo concepto de vehi\u0301culo inspirado en el pasado y que nos conducira\u0301 hacia un futuro ma\u0301s limpio.<\/p>\n<p>La presentacio\u0301n en el Museo Nacional de Ciencias Naturales (Madrid), donde ha estado expuesto el Trineo de Viento,ha sido presidida por Carol Portabella, presidenta de la Fundacio\u0301n Pri\u0301ncipe Alberto II de Mo\u0301naco en Espan\u0303a; Ramo\u0301n Larramendi y Antonio Quesada, cienti\u0301fico y secretario te\u0301cnico del Comite\u0301 Polar Espan\u0303ol que apoya la iniciativa y cuyo proyecto cienti\u0301fico viajara\u0301 en la expedicio\u0301n, entre otros. El apoyo de la Fundaci\u00f3n ser\u00e1 de 90.000 euros, con los que se financiar\u00e1n parte los gastos.<\/p>\n<p>Hay que recordar que para la construcci\u00f3n del nuevo Trineo de Viento recientemente se cerr\u00f3 un crowdfunding con Verkami que ha permitido recaudar otros 28.600 euros gracias a la colaboraci\u00f3n de 332 mecenas, la inmensa mayor\u00eda ciudadanos individuales.<\/p>\n<p>En el encuentro en el Museo, Portabella ha puesto de manifiesto \u201cla importancia que tiene para la fundacio\u0301n Pri\u0301ncipe Alberto II de Mo\u0301naco dar su apoyo a proyectos espan\u0303oles con los que trabajar juntos para la proteccio\u0301n del medioambiente, conscientes como somos de la relevancia de Espan\u0303a por el destacado trabajo que desarrollan sus cienti\u0301ficos, expertos e instituciones tanto pu\u0301blicas como privadas\u201d. Portabella ha continuado explicando que la Fundacio\u0301n Pri\u0301ncipe Alberto II de Mo\u0301naco confi\u0301a en proyectos como \u201cEl Trineo de Viento\u201d, \u201cque proponen alternativas sostenibles y eficaces para los desplazamientos, en este caso sobre el suelo polar, que suponen aportaciones interesantes para la transicio\u0301n hacia las energi\u0301as no contaminantes. Al mismo tiempo el Trineo de Viento da soporte a diferentes proyectos cienti\u0301ficos de investigacio\u0301n sobre medioambiente, que aportara\u0301n datos hasta ahora fuera de nuestro alcance por cuestiones justamente de limitaciones de movilidad de los transportes convencionales\u201d<br \/>\nLa presidenta ha an\u0303adido que \u201capoyamos esta Primera Travesi\u0301a de la Anta\u0301rtida del Trineo de Viento con mucha ilusio\u0301n y con intere\u0301s por conocer los resultados cienti\u0301ficos\u201d.<\/p>\n<p>Por su parte, Ramo\u0301n Larramendi ha explicado en que\u0301 consiste el proyecto medioambiental y la importancia de realizar la Primera Campan\u0303a en la Anta\u0301rtida sen\u0303alando que \u201cEl Trineo de Viento se convierte en un aute\u0301ntico laboratorio-mo\u0301vil que nos facilita la recogida de datos y muestras en territorios pra\u0301cticamente inexplorados\u201d. El li\u0301der de la expedicio\u0301n ha asegurado adema\u0301s que \u201cgracias al trineo, hoy ya se puede hacer ciencia con gran eficacia, eficiencia energe\u0301tica y a un coste econo\u0301mico asumible\u201d.<\/p>\n<p>En este contexto, Antonio Quesada, secretario te\u0301cnico del Comite\u0301 Polar Espan\u0303ol y parte del equipo de la expedicio\u0301n como responsable de una de las misiones cienti\u0301ficas que se llevara\u0301n a cabo, destaco\u0301 \u201cla importancia de que la Fundacio\u0301n apoye este tipo de proyectos, ya que suponen una gran oportunidad para el sector cienti\u0301fico, permitiendo el acceso a zonas que permiten hacer ciencia como nunca antes se habi\u0301a hecho.\u201d Adema\u0301s, se\u00f1al\u00f3 que el proyecto es \u201cuna iniciativa que permite hacer ciencia pura, en la que se estudian, por ejemplo, factores contaminantes sin producirlos, lo que supone una oportunidad que no se podi\u0301a haber son\u0303ado hace unos an\u0303os.\u201d<\/p>\n<p>La Fundacio\u0301n Pri\u0301ncipe Alberto II de Mo\u0301naco se dedica desde hace 12 an\u0303os a la proteccio\u0301n del medio ambiente y lucha contra los efectos del cambio clima\u0301tico, trabajando por a la promocio\u0301n del desarrollo sostenible, la proteccio\u0301n de la biodiversidad e impulsando las energi\u0301as limpias y la gestio\u0301n responsable del agua. Es activa a nivel internacional y trata de movilizar a ciudadanos, poli\u0301ticos, cienti\u0301ficos y agentes econo\u0301micos sobre la proteccio\u0301n de la naturaleza &#8211; el patrimonio comu\u0301n de la humanidad &#8211; con tres objetivos principales: limitar los efectos del cambio clima\u0301tico y promover las energi\u0301as renovables, salvaguardar la biodiversidad, proteger los recursos hi\u0301dricos y luchar contra la desertificacio\u0301n. Para conseguirlo, la Fundacio\u0301n ha realizado y apoyado ma\u0301s de 340 iniciativas de organizaciones pu\u0301blicas y privadas, de las cuales 4 son espan\u0303olas, en el terreno de la investigacio\u0301n, la innovacio\u0301n tecnolo\u0301gica y las pra\u0301cticas sostenibles.<\/p>\n","protected":false},"excerpt":{"rendered":"<p>\u2022 Bajo la presidencia de Da Carol Portabella Settimo\u0301, presidenta de la Fundacio\u0301n Pri\u0301ncipe Alberto II de Mo\u0301naco en Espan\u0303a, junto a Ramo\u0301n Larramendi, uno de los grandes exploradores polares espan\u0303oles del siglo XXI y Antonio Quesada, secretario te\u0301cnico del Comite\u0301 Polar Espan\u0303ol, tiene lugar la presentacio\u0301n oficial de la co-financiacio\u0301n del proyecto medioambiental \u201cTrineo de Viento\u201d \u2022 La Fundacio\u0301n Pri\u0301ncipe Alberto II de Mo\u0301naco se dedica desde hace 12 an\u0303os a la proteccio\u0301n del medio ambiente y a la lucha contra los efectos del cambio clima\u0301tico, trabajando para la promocio\u0301n del desarrollo sostenible, y por la proteccio\u0301n de la biodiversidad. Madrid, 31 de mayo de 2018.- Ha tenido lugar el anuncio de la co-financiacio\u0301n con la que la Fundacio\u0301n Pri\u0301ncipe Alberto II de Mo\u0301naco, en su compromiso con la proteccio\u0301n del medioambiente y la lucha contra los efectos del cambio clima\u0301tico, da su apoyo al proyecto Trineo de Viento (Inuit WindSled). Se trata de una iniciativa cuyo objetivo es demostrar que existen alternativas reales y eficaces para los desplazamientos en territorios polares, sin dejar tras de si\u0301 ningu\u0301n rastro de contaminacio\u0301n. Con el apoyo de la Fundacio\u0301n Pri\u0301ncipe Alberto II de Mo\u0301naco, el Trineo de Viento va a realizar [&hellip;]<\/p>\n","protected":false},"author":1,"featured_media":4130,"comment_status":"closed","ping_status":"closed","sticky":false,"template":"","format":"standard","meta":{"footnotes":""},"categories":[11,103],"tags":[],"class_list":["post-987510297","post","type-post","status-publish","format-standard","has-post-thumbnail","hentry","category-noticias-2","category-trineo-de-viento-2018"],"_links":{"self":[{"href":"https:\/\/tierraspolares.es\/trineodeviento\/wp-json\/wp\/v2\/posts\/987510297","targetHints":{"allow":["GET"]}}],"collection":[{"href":"https:\/\/tierraspolares.es\/trineodeviento\/wp-json\/wp\/v2\/posts"}],"about":[{"href":"https:\/\/tierraspolares.es\/trineodeviento\/wp-json\/wp\/v2\/types\/post"}],"author":[{"embeddable":true,"href":"https:\/\/tierraspolares.es\/trineodeviento\/wp-json\/wp\/v2\/users\/1"}],"replies":[{"embeddable":true,"href":"https:\/\/tierraspolares.es\/trineodeviento\/wp-json\/wp\/v2\/comments?post=987510297"}],"version-history":[{"count":1,"href":"https:\/\/tierraspolares.es\/trineodeviento\/wp-json\/wp\/v2\/posts\/987510297\/revisions"}],"predecessor-version":[{"id":987511495,"href":"https:\/\/tierraspolares.es\/trineodeviento\/wp-json\/wp\/v2\/posts\/987510297\/revisions\/987511495"}],"wp:featuredmedia":[{"embeddable":true,"href":"https:\/\/tierraspolares.es\/trineodeviento\/wp-json\/wp\/v2\/media\/4130"}],"wp:attachment":[{"href":"https:\/\/tierraspolares.es\/trineodeviento\/wp-json\/wp\/v2\/media?parent=987510297"}],"wp:term":[{"taxonomy":"category","embeddable":true,"href":"https:\/\/tierraspolares.es\/trineodeviento\/wp-json\/wp\/v2\/categories?post=987510297"},{"taxonomy":"post_tag","embeddable":true,"href":"https:\/\/tierraspolares.es\/trineodeviento\/wp-json\/wp\/v2\/tags?post=987510297"}],"curies":[{"name":"wp","href":"https:\/\/api.w.org\/{rel}","templated":true}]}}