{"id":987510298,"date":"2018-06-11T10:13:43","date_gmt":"2018-06-11T08:13:43","guid":{"rendered":"http:\/\/uptobe.es\/tierraspolares\/trineodeviento\/?p=4134"},"modified":"2025-06-05T22:27:57","modified_gmt":"2025-06-05T20:27:57","slug":"el-trineo-de-viento-invitado-al-encuentro-de-logistica-polar-mundial","status":"publish","type":"post","link":"https:\/\/tierraspolares.es\/trineodeviento\/el-trineo-de-viento-invitado-al-encuentro-de-logistica-polar-mundial\/","title":{"rendered":"El Trineo de Viento, invitado al encuentro de log\u00edstica polar mundial"},"content":{"rendered":"<p>&nbsp;<\/p>\n<p>El Trineo de Viento viaja esta semana al <a href=\"https:\/\/www.comnap.aq\/SitePages\/AGM2018.aspx\">COMNAP<\/a>\u00a0(Council of Managers of National Antarctic Program) que todos los a\u00f1os se celebra en un pa\u00eds diferente para exponer en una conferencia las posibilidades de su veh\u00edculo polar, con el que ya prepara una nueva expedici\u00f3n a la Ant\u00e1rtida, para la investigaci\u00f3n cient\u00edfica.<\/p>\n<p>Ya el pasado a\u00f1o, Ram\u00f3n Larramendi, su creador y promotor, <a href=\"http:\/\/tierraspolares.es\/\/tierraspolares\/trineodeviento\/vehiculos-polares-el-coste-de-los-gigantes\/\">estuvo presente en la edici\u00f3n de 2017<\/a>, en la Rep\u00fablica Checa, como invitado externo, ocasi\u00f3n que aprovech\u00f3 para despertar el inter\u00e9s en el proyecto del Trineo de Viento entre quienes son los m\u00e1ximos responsables de la log\u00edstica cient\u00edfica en el continente ant\u00e1rtico. All\u00ed pudo comprobar que los veh\u00edculos polares motorizados, los \u00fanicos existentes, est\u00e1n a &#8216;a\u00f1os luz&#8217; en cuanto a eficiencia respecto suyo.<\/p>\n<p>En esta ocasi\u00f3n, Larramendi ha sido invitado como ponente para participar en las conferencias, que tendr\u00e1n lugar en Garmisch-Partenkirchen (Ga-Pa). La edici\u00f3n de este a\u00f1os ha sido\u00a0 organizada\u00a0 por el\u00a0Alfred Wegener Institute Helmholtz Centre for Polar y el\u00a0 Marine Research\u00a0 Institute (AWI).<\/p>\n<p>La jornada en la que participa Larramendi tendr\u00e1 lugar el 14 de junio (<a href=\"https:\/\/www.comnap.aq\/SiteAssets\/SitePages\/AGM2018\/COMNAP%20Symposium%20program%20v%2020%20April%202018%20FINAL.pdf\">Ver programa<\/a>).<\/p>\n<p>En este evento participan m\u00e1s de 30 pa\u00edses que tienen programas cient\u00edficos ant\u00e1rticos. \u00abEstamos muy satisfechos de que el consejo de gestores ant\u00e1rticos nos hayan invitado a participar y exponer las ventajas de nuestro eco-veh\u00edculo cient\u00edfico porque estamos convencidos de que les va a entusiasmar, dadas sus ventajas de coste, de eficiencia y de sostenibilidad\u00bb, ha se\u00f1alado Ram\u00f3n larramendi.<\/p>\n<p>&nbsp;<\/p>\n","protected":false},"excerpt":{"rendered":"<p>&nbsp; El Trineo de Viento viaja esta semana al COMNAP\u00a0(Council of Managers of National Antarctic Program) que todos los a\u00f1os se celebra en un pa\u00eds diferente para exponer en una conferencia las posibilidades de su veh\u00edculo polar, con el que ya prepara una nueva expedici\u00f3n a la Ant\u00e1rtida, para la investigaci\u00f3n cient\u00edfica. Ya el pasado a\u00f1o, Ram\u00f3n Larramendi, su creador y promotor, estuvo presente en la edici\u00f3n de 2017, en la Rep\u00fablica Checa, como invitado externo, ocasi\u00f3n que aprovech\u00f3 para despertar el inter\u00e9s en el proyecto del Trineo de Viento entre quienes son los m\u00e1ximos responsables de la log\u00edstica cient\u00edfica en el continente ant\u00e1rtico. All\u00ed pudo comprobar que los veh\u00edculos polares motorizados, los \u00fanicos existentes, est\u00e1n a &#8216;a\u00f1os luz&#8217; en cuanto a eficiencia respecto suyo. En esta ocasi\u00f3n, Larramendi ha sido invitado como ponente para participar en las conferencias, que tendr\u00e1n lugar en Garmisch-Partenkirchen (Ga-Pa). La edici\u00f3n de este a\u00f1os ha sido\u00a0 organizada\u00a0 por el\u00a0Alfred Wegener Institute Helmholtz Centre for Polar y el\u00a0 Marine Research\u00a0 Institute (AWI). La jornada en la que participa Larramendi tendr\u00e1 lugar el 14 de junio (Ver programa). En este evento participan m\u00e1s de 30 pa\u00edses que tienen programas cient\u00edficos ant\u00e1rticos. \u00abEstamos muy satisfechos de que [&hellip;]<\/p>\n","protected":false},"author":1,"featured_media":4135,"comment_status":"closed","ping_status":"closed","sticky":false,"template":"","format":"standard","meta":{"footnotes":""},"categories":[11,103],"tags":[104,85,105],"class_list":["post-987510298","post","type-post","status-publish","format-standard","has-post-thumbnail","hentry","category-noticias-2","category-trineo-de-viento-2018","tag-antartia","tag-comnap","tag-logistica"],"_links":{"self":[{"href":"https:\/\/tierraspolares.es\/trineodeviento\/wp-json\/wp\/v2\/posts\/987510298","targetHints":{"allow":["GET"]}}],"collection":[{"href":"https:\/\/tierraspolares.es\/trineodeviento\/wp-json\/wp\/v2\/posts"}],"about":[{"href":"https:\/\/tierraspolares.es\/trineodeviento\/wp-json\/wp\/v2\/types\/post"}],"author":[{"embeddable":true,"href":"https:\/\/tierraspolares.es\/trineodeviento\/wp-json\/wp\/v2\/users\/1"}],"replies":[{"embeddable":true,"href":"https:\/\/tierraspolares.es\/trineodeviento\/wp-json\/wp\/v2\/comments?post=987510298"}],"version-history":[{"count":1,"href":"https:\/\/tierraspolares.es\/trineodeviento\/wp-json\/wp\/v2\/posts\/987510298\/revisions"}],"predecessor-version":[{"id":987511494,"href":"https:\/\/tierraspolares.es\/trineodeviento\/wp-json\/wp\/v2\/posts\/987510298\/revisions\/987511494"}],"wp:featuredmedia":[{"embeddable":true,"href":"https:\/\/tierraspolares.es\/trineodeviento\/wp-json\/wp\/v2\/media\/4135"}],"wp:attachment":[{"href":"https:\/\/tierraspolares.es\/trineodeviento\/wp-json\/wp\/v2\/media?parent=987510298"}],"wp:term":[{"taxonomy":"category","embeddable":true,"href":"https:\/\/tierraspolares.es\/trineodeviento\/wp-json\/wp\/v2\/categories?post=987510298"},{"taxonomy":"post_tag","embeddable":true,"href":"https:\/\/tierraspolares.es\/trineodeviento\/wp-json\/wp\/v2\/tags?post=987510298"}],"curies":[{"name":"wp","href":"https:\/\/api.w.org\/{rel}","templated":true}]}}