{"id":987510299,"date":"2018-06-19T14:27:04","date_gmt":"2018-06-19T12:27:04","guid":{"rendered":"http:\/\/uptobe.es\/tierraspolares\/trineodeviento\/?p=4140"},"modified":"2025-06-05T22:27:57","modified_gmt":"2025-06-05T20:27:57","slug":"china-gran-bretana-francia-interesados-en-el-trineo-de-viento","status":"publish","type":"post","link":"https:\/\/tierraspolares.es\/trineodeviento\/china-gran-bretana-francia-interesados-en-el-trineo-de-viento\/","title":{"rendered":"Inter\u00e9s en China, Gran Breta\u00f1a y Francia por el Trineo de Viento"},"content":{"rendered":"<p>El paso del Trineo de Viento por <a href=\"http:\/\/tierraspolares.es\/\/tierraspolares\/trineodeviento\/el-trineo-de-viento-invitado-al-encuentro-de-logistica-polar-mundial\/\">el mayor evento mundial sobre la gesti\u00f3n de proyectos cient\u00edficos en la Ant\u00e1rtida<\/a>\u00a0(Council of Managers of National Antarctic Program, COMNAP 2018) ha dejado huella. \u00abTras la presentaci\u00f3n de lo que es esta plataforma m\u00f3vil polar ante los asistentes de m\u00e1s de 30 pa\u00edses puedo asegurar que es de lo que m\u00e1s se habl\u00f3 y tambi\u00e9n de lo que m\u00e1s inter\u00e9s despert\u00f3, hasta el punto que fue la \u00fanica intervenci\u00f3n en la que tuvieron que cortar el turno de preguntas de tanta curiosidad como hab\u00eda\u00bb, se\u00f1ala su promotor y creador, Ram\u00f3n Larramendi, a la vuelta de Alemania.<\/p>\n<p>El evento, como cada a\u00f1o, en esta ocasi\u00f3n en la localidad alpina alemana de Garmisch-Partenkirchen, reun\u00eda a todos los responsables de la log\u00edstica cient\u00edfica ant\u00e1rtica. Es el foro en el que se presentan nuevas bases de investigaci\u00f3n, nuevos materiales, nuevos convoyes para traves\u00edas&#8230; Ya el a\u00f1o pasado, Larramendi estuvo presente como invitado externo a algunas sesiones, pero en esta ocasi\u00f3n, gracias al apoyo del Comit\u00e9 Polar Espa\u00f1ol, representado por Antonio Quesada, logr\u00f3 tener un espacio para dar a conocer este proyecto. En esta nueva cita, adem\u00e1s de Quesada, tambi\u00e9n ha estado el investigador Miguel Angel Ojeda, coordinador de log\u00edstica de la\u00a0<em>Unidad<\/em>\u00a0de\u00a0<em>Tecnolog\u00eda Marina<\/em>\u00a0(<em>UTM<\/em>-CSIC) en la Ant\u00e1rtida.<\/p>\n<p><a href=\"http:\/\/tierraspolares.es\/\/tierraspolares\/trineodeviento\/wp-content\/uploads\/2018\/06\/IMG_0094-e1529411116775.jpg\"><img fetchpriority=\"high\" decoding=\"async\" class=\"wp-image-4142 alignleft\" src=\"http:\/\/tierraspolares.es\/\/tierraspolares\/trineodeviento\/wp-content\/uploads\/2018\/06\/IMG_0094-e1529411116775-768x739.jpg\" alt=\"\" width=\"364\" height=\"350\" \/><\/a><\/p>\n<p>&nbsp;<\/p>\n<p>\u00abLa presentaci\u00f3n fue despu\u00e9s de otra de los representantes chinos sobre una nueva base polar que est\u00e1n preparando, que ser\u00eda la segunda suya, y tambi\u00e9n dieron a conocer los gigantescos convoyes motorizados con los que quieren hacer expediciones por el interior, algunos con cuatro trineos enganchados. Tras ese despliegue de recursos, los asistentes se quedaron sorprendidos con este proyecto espa\u00f1ol, con las grandes posibilidades que ofrece para la ciencia polar sin inversiones del calibre que acababan de ver\u00bb, se\u00f1ala Larramendi.<\/p>\n<p>Entre los m\u00e1s interesados, seg\u00fan el investigador y explorador polar, estuvieron los propios chinos, los brit\u00e1nicos y los franceses, que anunciaron su intenci\u00f3n de colaborar con el Trineo de Viento. \u00abRealmente, no puede haber sido m\u00e1s satisfactorio. Es de lo que m\u00e1s se habl\u00f3 ese d\u00eda entre los presentes al COMNAP\u00bb, asegura Larramendi.<\/p>\n<p>En su conferencia no s\u00f3lo les habl\u00f3 de las posibilidades cient\u00edficas del proyecto sino tambi\u00e9n de la pr\u00f3xima expedici\u00f3n a la Ant\u00e1rtida que tendr\u00e1 lugar a finales de este a\u00f1o y que ser\u00e1 en parte financiada por la Fundaci\u00f3n Pr\u00edncipe Alberto de M\u00f3naco II, la agencia de viajes Tierras Polares y Expediciones y un crowdfunding en el que han participado m\u00e1s de 300 personas.<\/p>\n<p>&nbsp;<\/p>\n<p>&nbsp;<\/p>\n<p>&nbsp;<\/p>\n","protected":false},"excerpt":{"rendered":"<p>El paso del Trineo de Viento por el mayor evento mundial sobre la gesti\u00f3n de proyectos cient\u00edficos en la Ant\u00e1rtida\u00a0(Council of Managers of National Antarctic Program, COMNAP 2018) ha dejado huella. \u00abTras la presentaci\u00f3n de lo que es esta plataforma m\u00f3vil polar ante los asistentes de m\u00e1s de 30 pa\u00edses puedo asegurar que es de lo que m\u00e1s se habl\u00f3 y tambi\u00e9n de lo que m\u00e1s inter\u00e9s despert\u00f3, hasta el punto que fue la \u00fanica intervenci\u00f3n en la que tuvieron que cortar el turno de preguntas de tanta curiosidad como hab\u00eda\u00bb, se\u00f1ala su promotor y creador, Ram\u00f3n Larramendi, a la vuelta de Alemania. El evento, como cada a\u00f1o, en esta ocasi\u00f3n en la localidad alpina alemana de Garmisch-Partenkirchen, reun\u00eda a todos los responsables de la log\u00edstica cient\u00edfica ant\u00e1rtica. Es el foro en el que se presentan nuevas bases de investigaci\u00f3n, nuevos materiales, nuevos convoyes para traves\u00edas&#8230; Ya el a\u00f1o pasado, Larramendi estuvo presente como invitado externo a algunas sesiones, pero en esta ocasi\u00f3n, gracias al apoyo del Comit\u00e9 Polar Espa\u00f1ol, representado por Antonio Quesada, logr\u00f3 tener un espacio para dar a conocer este proyecto. En esta nueva cita, adem\u00e1s de Quesada, tambi\u00e9n ha estado el investigador Miguel Angel Ojeda, coordinador [&hellip;]<\/p>\n","protected":false},"author":1,"featured_media":4141,"comment_status":"closed","ping_status":"closed","sticky":false,"template":"","format":"standard","meta":{"footnotes":""},"categories":[11,103],"tags":[27,85,39,105],"class_list":["post-987510299","post","type-post","status-publish","format-standard","has-post-thumbnail","hentry","category-noticias-2","category-trineo-de-viento-2018","tag-antartida","tag-comnap","tag-conferencia","tag-logistica"],"_links":{"self":[{"href":"https:\/\/tierraspolares.es\/trineodeviento\/wp-json\/wp\/v2\/posts\/987510299","targetHints":{"allow":["GET"]}}],"collection":[{"href":"https:\/\/tierraspolares.es\/trineodeviento\/wp-json\/wp\/v2\/posts"}],"about":[{"href":"https:\/\/tierraspolares.es\/trineodeviento\/wp-json\/wp\/v2\/types\/post"}],"author":[{"embeddable":true,"href":"https:\/\/tierraspolares.es\/trineodeviento\/wp-json\/wp\/v2\/users\/1"}],"replies":[{"embeddable":true,"href":"https:\/\/tierraspolares.es\/trineodeviento\/wp-json\/wp\/v2\/comments?post=987510299"}],"version-history":[{"count":1,"href":"https:\/\/tierraspolares.es\/trineodeviento\/wp-json\/wp\/v2\/posts\/987510299\/revisions"}],"predecessor-version":[{"id":987511493,"href":"https:\/\/tierraspolares.es\/trineodeviento\/wp-json\/wp\/v2\/posts\/987510299\/revisions\/987511493"}],"wp:featuredmedia":[{"embeddable":true,"href":"https:\/\/tierraspolares.es\/trineodeviento\/wp-json\/wp\/v2\/media\/4141"}],"wp:attachment":[{"href":"https:\/\/tierraspolares.es\/trineodeviento\/wp-json\/wp\/v2\/media?parent=987510299"}],"wp:term":[{"taxonomy":"category","embeddable":true,"href":"https:\/\/tierraspolares.es\/trineodeviento\/wp-json\/wp\/v2\/categories?post=987510299"},{"taxonomy":"post_tag","embeddable":true,"href":"https:\/\/tierraspolares.es\/trineodeviento\/wp-json\/wp\/v2\/tags?post=987510299"}],"curies":[{"name":"wp","href":"https:\/\/api.w.org\/{rel}","templated":true}]}}