{"id":987510303,"date":"2018-09-10T10:34:16","date_gmt":"2018-09-10T08:34:16","guid":{"rendered":"http:\/\/uptobe.es\/tierraspolares\/trineodeviento\/?p=4189"},"modified":"2025-06-05T22:27:57","modified_gmt":"2025-06-05T20:27:57","slug":"los-cientificos-polares-espanoles-apoyan-el-trineo-de-viento","status":"publish","type":"post","link":"https:\/\/tierraspolares.es\/trineodeviento\/los-cientificos-polares-espanoles-apoyan-el-trineo-de-viento\/","title":{"rendered":"Los cient\u00edficos polares espa\u00f1oles apoyan el Trineo de Viento"},"content":{"rendered":"<p>El Trineo de Viento ya se est\u00e1 integrando en\u00a0 la comunidad polar espa\u00f1ola, como ha quedado de manifiesto en el IX Simposio de Estudios Polares celebrado en Madrid los d\u00edas 5, 6 y 7 de septiembre en la sede central del CSIC. Un total de 170 investigadores polares, tanto en el \u00c1rtico como en la Ant\u00e1rtida, durante tres jornadas han puesto en com\u00fan la ciencia que est\u00e1n desarrollando en ambos territorios y en varias ocasiones el eco-veh\u00edculo polar ha salido a relucir como parte fundamental de algunos proyectos, en el pasado y de cara a la expedici\u00f3n ant\u00e1rtica que realizar\u00e1 a finales del presente a\u00f1o, pero tambi\u00e9n con los ojos puestos en el futuro.<\/p>\n<div id=\"attachment_4193\" style=\"width: 570px\" class=\"wp-caption alignleft\"><a href=\"http:\/\/tierraspolares.es\/\/tierraspolares\/trineodeviento\/wp-content\/uploads\/2018\/09\/IMG_4294.jpeg\"><img fetchpriority=\"high\" decoding=\"async\" aria-describedby=\"caption-attachment-4193\" class=\" wp-image-4193\" src=\"http:\/\/tierraspolares.es\/\/tierraspolares\/trineodeviento\/wp-content\/uploads\/2018\/09\/IMG_4294-768x575.jpeg\" alt=\"\" width=\"560\" height=\"419\" \/><\/a><p id=\"caption-attachment-4193\" class=\"wp-caption-text\">Ram\u00f3n Larramendi con Jer\u00f3nimo L\u00f3pez, presidente del comit\u00e9 organizador del Simposio.<\/p><\/div>\n<p>El simposio, que no se celebraba desde 2011, ha sido la ocasi\u00f3n de compartir las diferentes experiencias, con la visita de algunos extranjeros ilustres, como Jane Francis (directora del British Antarctic Survey) y Julian Gutt y Karsten Gohl (ambos del Alfred Wegener Institute de Alemania), pero sobre todo ha sido un hervidero de contactos y un espacio en el que se han planteado temas tan controvertidos como el papel de la ciencia polar \u00e1rtica, la necesidad o no de contar con un instituto polar, los problemas para divulgar ciencia y socializarla y las necesidades que tienen los investigadores polares para ampliar el espectro de sus trabajos, hoy fundamentalmente centrados en las dos bases ant\u00e1rticas.<\/p>\n<p>La aceptaci\u00f3n de un p\u00f3ster cient\u00edfico del Trineo de Viento por parte de l0s organizadores ha permitido al proyecto tener un espacio en el que explicar sus posibilidades, pero es que adem\u00e1s \u00e9stas han salido a relucir en al menos tres conferencias cient\u00edficas, la impartidas por Antonio Quesada, cient\u00edfico y secretario general del Comit\u00e9 Polar Espa\u00f1ol, Jordi Dachs del IDAEA-CSIC y Miguel Angel de Pablo, de la Universidad de Alcal\u00e1 de Henares, cuyo proyecto viajar\u00e1 a la Ant\u00e1rtida en el eco-veh\u00edculo polar.<\/p>\n<div id=\"attachment_4194\" style=\"width: 500px\" class=\"wp-caption alignleft\"><a href=\"http:\/\/tierraspolares.es\/\/tierraspolares\/trineodeviento\/wp-content\/uploads\/2018\/09\/IMG_4228-e1536567691190.jpeg\"><img decoding=\"async\" aria-describedby=\"caption-attachment-4194\" class=\"wp-image-4194 lazyload\" data-src=\"http:\/\/tierraspolares.es\/\/tierraspolares\/trineodeviento\/wp-content\/uploads\/2018\/09\/IMG_4228-e1536567691190-768x417.jpeg\" alt=\"\" width=\"490\" height=\"266\" src=\"data:image\/svg+xml;base64,PHN2ZyB3aWR0aD0iMSIgaGVpZ2h0PSIxIiB4bWxucz0iaHR0cDovL3d3dy53My5vcmcvMjAwMC9zdmciPjwvc3ZnPg==\" style=\"--smush-placeholder-width: 490px; --smush-placeholder-aspect-ratio: 490\/266;\" \/><\/a><p id=\"caption-attachment-4194\" class=\"wp-caption-text\">Miguel Angel de Pablo explica su proyecto, con la colaboraci\u00f3n del Trineo de Viento.<\/p><\/div>\n<p>Este proyecto tambi\u00e9n estuvo presente en algunas mesas redondas. En la mesa &#8216;Conexi\u00f3n \u00c1nt\u00e1rtida-\u00c1rtico&#8217;, moderada por Rosa M. Trist\u00e1n, Andr\u00e9s Barbosa, gestor del programa polar, anim\u00f3 a los investigadores a incluir el eco-veh\u00edculo dise\u00f1ado por Ram\u00f3n Larramendi en sus proyectos con estas palabras. \u00abSi hay demanda, acabar\u00e1 por ser una infraestructura m\u00e1s (dentro del programa polar espa\u00f1ol)\u00bb, si bien se\u00f1al\u00f3 que esa demanda\u00a0 \u00abdebe generarse\u00bb. Otros cient\u00edficos, como Miguel Angel de Pablo, apuntaron posteriormente que \u00abuna vez que el Trineo de Viento se incorpore como una opci\u00f3n m\u00e1s, aumentar\u00e1 la demanda cient\u00edfica\u00bb para su utilizaci\u00f3n. Este convencimiento parte de un dato clave: ampl\u00eda exponencialmente el \u00e1rea de investigaci\u00f3n en el que mueven los investigadores polares y a un coste asumible en un pa\u00eds que de otro modo no podr\u00eda plantearse una expedici\u00f3n cient\u00edfica polar como la que el equipo de Trineo de Viento realizar\u00e1 a finales de este a\u00f1o.<\/p>\n<p><a href=\"http:\/\/tierraspolares.es\/\/tierraspolares\/trineodeviento\/wp-content\/uploads\/2018\/09\/IMG_4244.jpeg\"><img decoding=\"async\" class=\"alignleft wp-image-4195 lazyload\" data-src=\"http:\/\/tierraspolares.es\/\/tierraspolares\/trineodeviento\/wp-content\/uploads\/2018\/09\/IMG_4244-768x576.jpeg\" alt=\"\" width=\"521\" height=\"391\" src=\"data:image\/svg+xml;base64,PHN2ZyB3aWR0aD0iMSIgaGVpZ2h0PSIxIiB4bWxucz0iaHR0cDovL3d3dy53My5vcmcvMjAwMC9zdmciPjwvc3ZnPg==\" style=\"--smush-placeholder-width: 521px; --smush-placeholder-aspect-ratio: 521\/391;\" \/><\/a><\/p>\n<p>Larramendi, en una de las mesas de debate, quiso tantear nivel general, ante un foro que es objetivamente el m\u00e1s interesado en su veh\u00edculo e\u00f3lico, qu\u00e9 futuro se vislumbra para el\u00a0 Trineo de Viento. Y la respuesta desde el escenario la dio el veterano cient\u00edfico ant\u00e1rtico Miguel Ramos, de la Comisi\u00f3n de Ciencias Criosf\u00e9ricas: \u00abPuede ser una plataforma como otra cualquiera con la ventaja de que nos permitir\u00e1 introducir, v\u00eda remota, nuevas opciones de hacer ciencia con poco presupuesto donde ahora no estamos, adem\u00e1s de que puede interesar a otros pa\u00edses. Si se considera como una plataforma, desde luego que habr\u00e1 demanda para su utilizaci\u00f3n\u00bb, asegur\u00f3.<\/p>\n<p>Tambi\u00e9n Jer\u00f3nimo L\u00f3pez, presidente del comit\u00e9 organizador del Simposio y representante de Espa\u00f1a en el SCAR (Comit\u00e9 Cient\u00edfico para la Ciencia Ant\u00e1rtica), indic\u00f3 a Larramendi c\u00f3mo su eco-veh\u00edculo ya comienza a ser conocido en los foros de la investigaci\u00f3n polar a nivel internacional.<\/p>\n<div id=\"attachment_4196\" style=\"width: 561px\" class=\"wp-caption alignleft\"><a href=\"http:\/\/tierraspolares.es\/\/tierraspolares\/trineodeviento\/wp-content\/uploads\/2018\/09\/IMG_4236.jpeg\"><img decoding=\"async\" aria-describedby=\"caption-attachment-4196\" class=\"wp-image-4196 lazyload\" data-src=\"http:\/\/tierraspolares.es\/\/tierraspolares\/trineodeviento\/wp-content\/uploads\/2018\/09\/IMG_4236-768x576.jpeg\" alt=\"\" width=\"551\" height=\"413\" src=\"data:image\/svg+xml;base64,PHN2ZyB3aWR0aD0iMSIgaGVpZ2h0PSIxIiB4bWxucz0iaHR0cDovL3d3dy53My5vcmcvMjAwMC9zdmciPjwvc3ZnPg==\" style=\"--smush-placeholder-width: 551px; --smush-placeholder-aspect-ratio: 551\/413;\" \/><\/a><p id=\"caption-attachment-4196\" class=\"wp-caption-text\">El equipo de la Universidad Aut\u00f3noma de Madrid y de la Aemet, probando un dispositivo que viajar\u00e1 en el Trineo de Viento a la Ant\u00e1rtida.<\/p><\/div>\n<p>De hecho, en el transcurso de estos tres d\u00edas,\u00a0 fueron numerosos los cient\u00edficos que mostraron su inter\u00e9s en conocer las posibilidades del Trineo de Viento para futuros proyectos y c\u00f3mo desarrollar su colaboraci\u00f3n. Su promotor dej\u00f3 claro a todos ellos que su objetivo no es hacer &#8216;clientes&#8217; sino que este &#8216;laboratorio m\u00f3vil polar&#8217; sea considerado como una infraestructura m\u00e1s a disposici\u00f3n de la ciencia espa\u00f1ola e internacional, al igual que lo son las bases polarews o el buque Hesp\u00e9rides.<\/p>\n<p>En el simposio tambi\u00e9n se pusieron de manifiesto las diferencias existentes entre la investigaci\u00f3n ant\u00e1rtica y la \u00e1rtica, dado que para trabajar en el \u00c1rtico los cient\u00edficos deben buscarse a nivel individual sus alianzas, enfrent\u00e1ndose a dificultades y costes diferentes a los que viajan a las bases de la Ant\u00e1rtida. \u00abSale m\u00e1s caro\u00bb, apuntaron. El Trineo de Viento, que ha realizado siete expediciones a Groenlandia, y que permitir\u00eda ofrecer desde Espa\u00f1a a otros pa\u00edses una infraestructura m\u00f3vil capaz de recorrer miles de kil\u00f3metros, podr\u00eda abaratar mucho los costes, como dej\u00f3 claro Larramendi a muchos de los presentes.<\/p>\n<div id=\"attachment_4197\" style=\"width: 570px\" class=\"wp-caption alignleft\"><a href=\"http:\/\/tierraspolares.es\/\/tierraspolares\/trineodeviento\/wp-content\/uploads\/2018\/09\/IMG_4281.jpeg\"><img decoding=\"async\" aria-describedby=\"caption-attachment-4197\" class=\"wp-image-4197 lazyload\" data-src=\"http:\/\/tierraspolares.es\/\/tierraspolares\/trineodeviento\/wp-content\/uploads\/2018\/09\/IMG_4281-1024x768.jpeg\" alt=\"\" width=\"560\" height=\"420\" src=\"data:image\/svg+xml;base64,PHN2ZyB3aWR0aD0iMSIgaGVpZ2h0PSIxIiB4bWxucz0iaHR0cDovL3d3dy53My5vcmcvMjAwMC9zdmciPjwvc3ZnPg==\" style=\"--smush-placeholder-width: 560px; --smush-placeholder-aspect-ratio: 560\/420;\" \/><\/a><p id=\"caption-attachment-4197\" class=\"wp-caption-text\">Ram\u00f3n Larramendi interviene en la mesa redonda sobre \u00abPerspectivas Futuras de la Investigaci\u00f3n Polar\u00bb.<\/p><\/div>\n<div id=\"attachment_4199\" style=\"width: 573px\" class=\"wp-caption alignleft\"><a href=\"http:\/\/tierraspolares.es\/\/tierraspolares\/trineodeviento\/wp-content\/uploads\/2018\/09\/IMG-4262.jpg\"><img decoding=\"async\" aria-describedby=\"caption-attachment-4199\" class=\"wp-image-4199 lazyload\" data-src=\"http:\/\/tierraspolares.es\/\/tierraspolares\/trineodeviento\/wp-content\/uploads\/2018\/09\/IMG-4262-768x576.jpg\" alt=\"\" width=\"563\" height=\"422\" src=\"data:image\/svg+xml;base64,PHN2ZyB3aWR0aD0iMSIgaGVpZ2h0PSIxIiB4bWxucz0iaHR0cDovL3d3dy53My5vcmcvMjAwMC9zdmciPjwvc3ZnPg==\" style=\"--smush-placeholder-width: 563px; --smush-placeholder-aspect-ratio: 563\/422;\" \/><\/a><p id=\"caption-attachment-4199\" class=\"wp-caption-text\">Larramendi, compartiendo con la investigadora polar Ana Justel.<\/p><\/div>\n<div id=\"attachment_4200\" style=\"width: 575px\" class=\"wp-caption alignleft\"><a href=\"http:\/\/tierraspolares.es\/\/tierraspolares\/trineodeviento\/wp-content\/uploads\/2018\/09\/IMG_4117-e1536568298163.jpeg\"><img decoding=\"async\" aria-describedby=\"caption-attachment-4200\" class=\"wp-image-4200 lazyload\" data-src=\"http:\/\/tierraspolares.es\/\/tierraspolares\/trineodeviento\/wp-content\/uploads\/2018\/09\/IMG_4117-e1536568298163-768x525.jpeg\" alt=\"\" width=\"565\" height=\"386\" src=\"data:image\/svg+xml;base64,PHN2ZyB3aWR0aD0iMSIgaGVpZ2h0PSIxIiB4bWxucz0iaHR0cDovL3d3dy53My5vcmcvMjAwMC9zdmciPjwvc3ZnPg==\" style=\"--smush-placeholder-width: 565px; --smush-placeholder-aspect-ratio: 565\/386;\" \/><\/a><p id=\"caption-attachment-4200\" class=\"wp-caption-text\">Jane Francias, directora del British Antarctic Survey, en el simposio polar.<\/p><\/div>\n<p>&nbsp;<\/p>\n<p>&nbsp;<\/p>\n<p>&nbsp;<\/p>\n<p>&nbsp;<\/p>\n<p>&nbsp;<\/p>\n<p>&nbsp;<\/p>\n<p>&nbsp;<\/p>\n<p>&nbsp;<\/p>\n<p>&nbsp;<\/p>\n<p>&nbsp;<\/p>\n","protected":false},"excerpt":{"rendered":"<p>El Trineo de Viento ya se est\u00e1 integrando en\u00a0 la comunidad polar espa\u00f1ola, como ha quedado de manifiesto en el IX Simposio de Estudios Polares celebrado en Madrid los d\u00edas 5, 6 y 7 de septiembre en la sede central del CSIC. Un total de 170 investigadores polares, tanto en el \u00c1rtico como en la Ant\u00e1rtida, durante tres jornadas han puesto en com\u00fan la ciencia que est\u00e1n desarrollando en ambos territorios y en varias ocasiones el eco-veh\u00edculo polar ha salido a relucir como parte fundamental de algunos proyectos, en el pasado y de cara a la expedici\u00f3n ant\u00e1rtica que realizar\u00e1 a finales del presente a\u00f1o, pero tambi\u00e9n con los ojos puestos en el futuro. El simposio, que no se celebraba desde 2011, ha sido la ocasi\u00f3n de compartir las diferentes experiencias, con la visita de algunos extranjeros ilustres, como Jane Francis (directora del British Antarctic Survey) y Julian Gutt y Karsten Gohl (ambos del Alfred Wegener Institute de Alemania), pero sobre todo ha sido un hervidero de contactos y un espacio en el que se han planteado temas tan controvertidos como el papel de la ciencia polar \u00e1rtica, la necesidad o no de contar con un instituto polar, los problemas [&hellip;]<\/p>\n","protected":false},"author":1,"featured_media":4192,"comment_status":"closed","ping_status":"closed","sticky":false,"template":"","format":"standard","meta":{"footnotes":""},"categories":[11],"tags":[],"class_list":["post-987510303","post","type-post","status-publish","format-standard","has-post-thumbnail","hentry","category-noticias-2"],"_links":{"self":[{"href":"https:\/\/tierraspolares.es\/trineodeviento\/wp-json\/wp\/v2\/posts\/987510303","targetHints":{"allow":["GET"]}}],"collection":[{"href":"https:\/\/tierraspolares.es\/trineodeviento\/wp-json\/wp\/v2\/posts"}],"about":[{"href":"https:\/\/tierraspolares.es\/trineodeviento\/wp-json\/wp\/v2\/types\/post"}],"author":[{"embeddable":true,"href":"https:\/\/tierraspolares.es\/trineodeviento\/wp-json\/wp\/v2\/users\/1"}],"replies":[{"embeddable":true,"href":"https:\/\/tierraspolares.es\/trineodeviento\/wp-json\/wp\/v2\/comments?post=987510303"}],"version-history":[{"count":1,"href":"https:\/\/tierraspolares.es\/trineodeviento\/wp-json\/wp\/v2\/posts\/987510303\/revisions"}],"predecessor-version":[{"id":987511489,"href":"https:\/\/tierraspolares.es\/trineodeviento\/wp-json\/wp\/v2\/posts\/987510303\/revisions\/987511489"}],"wp:featuredmedia":[{"embeddable":true,"href":"https:\/\/tierraspolares.es\/trineodeviento\/wp-json\/wp\/v2\/media\/4192"}],"wp:attachment":[{"href":"https:\/\/tierraspolares.es\/trineodeviento\/wp-json\/wp\/v2\/media?parent=987510303"}],"wp:term":[{"taxonomy":"category","embeddable":true,"href":"https:\/\/tierraspolares.es\/trineodeviento\/wp-json\/wp\/v2\/categories?post=987510303"},{"taxonomy":"post_tag","embeddable":true,"href":"https:\/\/tierraspolares.es\/trineodeviento\/wp-json\/wp\/v2\/tags?post=987510303"}],"curies":[{"name":"wp","href":"https:\/\/api.w.org\/{rel}","templated":true}]}}