{"id":987510306,"date":"2018-10-24T13:38:26","date_gmt":"2018-10-24T11:38:26","guid":{"rendered":"http:\/\/uptobe.es\/tierraspolares\/trineodeviento\/?p=4283"},"modified":"2025-06-05T22:27:57","modified_gmt":"2025-06-05T20:27:57","slug":"preparativos-para-antartica-inexplorada-2018-19","status":"publish","type":"post","link":"https:\/\/tierraspolares.es\/trineodeviento\/preparativos-para-antartica-inexplorada-2018-19\/","title":{"rendered":"Preparativos para Ant\u00e1rtica Inexplorada 2018-19"},"content":{"rendered":"<p>El pr\u00f3ximo 1<a href=\"https:\/\/wp.me\/p5oJNv-16X\">5 de Noviembre en el Museo Nacional de Ciencias Naturales<\/a> se presenta en una conferencia p\u00fablica la expedici\u00f3n polar Ant\u00e1rtida Inexplorada 2018-19, del Trineo de Viento, dirigida por Ram\u00f3n Larramendi y en la que participan cuatro expedicionarios\u00a0 que realizar\u00e1n trabajos para una decena de proyectos cient\u00edficos. Ser\u00e1 a las 19 horas y es entrada libre hasta completar aforo.<\/p>\n<p>Durante las \u00faltimas semanas los expedicionarios est\u00e1n trabajando duramente para preparar una expedici\u00f3n de esta envergadura. Han recibido formaci\u00f3n cient\u00edfica en diversas instituciones, han realizado cursillos de primeros auxilios polares, est\u00e1n supervisando la construcci\u00f3n del trineo de viento ant\u00e1rtico, realizan pruebas con las cometas que ser\u00e1n su &#8216;motor&#8217; cero emisiones, han realizado pruebas con a alimentaci\u00f3n que llevar\u00e1n en la traves\u00eda y con la vestimenta. Gran parte del equipamiento est\u00e1 siendo dise\u00f1ado con las \u00faltimas tecnolog\u00edas para la expedici\u00f3n, que es financiada por la Fundaci\u00f3n Pr\u00edncipe Alberto II de M\u00f3naco, Tierras Polares, 332 mecenas particulares a trav\u00e9s de un crowdfunding y la Agencia Espacial Europea.<\/p>\n<h3>LAS COMETAS<\/h3>\n<p><iframe data-src=\"https:\/\/www.youtube.com\/embed\/RySccyLzLbI\" width=\"560\" height=\"315\" frameborder=\"0\" allowfullscreen=\"allowfullscreen\" src=\"data:image\/svg+xml;base64,PHN2ZyB3aWR0aD0iMSIgaGVpZ2h0PSIxIiB4bWxucz0iaHR0cDovL3d3dy53My5vcmcvMjAwMC9zdmciPjwvc3ZnPg==\" class=\"lazyload\" data-load-mode=\"1\"><\/iframe><\/p>\n<h3><strong>LAS PRUEBAS CON PROYECTO &#8216;GESTA&#8217; DE LA ESA<\/strong><\/h3>\n<p><iframe data-src=\"https:\/\/www.youtube.com\/embed\/8sZKzS5fGO8\" width=\"560\" height=\"315\" frameborder=\"0\" allowfullscreen=\"allowfullscreen\" src=\"data:image\/svg+xml;base64,PHN2ZyB3aWR0aD0iMSIgaGVpZ2h0PSIxIiB4bWxucz0iaHR0cDovL3d3dy53My5vcmcvMjAwMC9zdmciPjwvc3ZnPg==\" class=\"lazyload\" data-load-mode=\"1\"><\/iframe><\/p>\n<h3><strong>LAS PRUEBAS CON LOS PROTOTIPOS<\/strong><\/h3>\n<p><iframe data-src=\"https:\/\/www.youtube.com\/embed\/xcWxpB3w17Y\" width=\"560\" height=\"315\" frameborder=\"0\" allowfullscreen=\"allowfullscreen\" src=\"data:image\/svg+xml;base64,PHN2ZyB3aWR0aD0iMSIgaGVpZ2h0PSIxIiB4bWxucz0iaHR0cDovL3d3dy53My5vcmcvMjAwMC9zdmciPjwvc3ZnPg==\" class=\"lazyload\" data-load-mode=\"1\"><\/iframe><\/p>\n<h3>LAS PRUEBAS CON LA VESTIMENTA<\/h3>\n<p><iframe data-src=\"https:\/\/www.youtube.com\/embed\/p3nc4uD874k\" width=\"560\" height=\"315\" frameborder=\"0\" allowfullscreen=\"allowfullscreen\" src=\"data:image\/svg+xml;base64,PHN2ZyB3aWR0aD0iMSIgaGVpZ2h0PSIxIiB4bWxucz0iaHR0cDovL3d3dy53My5vcmcvMjAwMC9zdmciPjwvc3ZnPg==\" class=\"lazyload\" data-load-mode=\"1\"><\/iframe><\/p>\n<h3><strong>LAS PRUEBAS CIENT\u00cdFICAS<\/strong><\/h3>\n<p><iframe data-src=\"https:\/\/www.youtube.com\/embed\/GqPehkT8nD0\" width=\"560\" height=\"315\" frameborder=\"0\" allowfullscreen=\"allowfullscreen\" src=\"data:image\/svg+xml;base64,PHN2ZyB3aWR0aD0iMSIgaGVpZ2h0PSIxIiB4bWxucz0iaHR0cDovL3d3dy53My5vcmcvMjAwMC9zdmciPjwvc3ZnPg==\" class=\"lazyload\" data-load-mode=\"1\"><\/iframe><\/p>\n","protected":false},"excerpt":{"rendered":"<p>El pr\u00f3ximo 15 de Noviembre en el Museo Nacional de Ciencias Naturales se presenta en una conferencia p\u00fablica la expedici\u00f3n polar Ant\u00e1rtida Inexplorada 2018-19, del Trineo de Viento, dirigida por Ram\u00f3n Larramendi y en la que participan cuatro expedicionarios\u00a0 que realizar\u00e1n trabajos para una decena de proyectos cient\u00edficos. Ser\u00e1 a las 19 horas y es entrada libre hasta completar aforo. Durante las \u00faltimas semanas los expedicionarios est\u00e1n trabajando duramente para preparar una expedici\u00f3n de esta envergadura. Han recibido formaci\u00f3n cient\u00edfica en diversas instituciones, han realizado cursillos de primeros auxilios polares, est\u00e1n supervisando la construcci\u00f3n del trineo de viento ant\u00e1rtico, realizan pruebas con las cometas que ser\u00e1n su &#8216;motor&#8217; cero emisiones, han realizado pruebas con a alimentaci\u00f3n que llevar\u00e1n en la traves\u00eda y con la vestimenta. Gran parte del equipamiento est\u00e1 siendo dise\u00f1ado con las \u00faltimas tecnolog\u00edas para la expedici\u00f3n, que es financiada por la Fundaci\u00f3n Pr\u00edncipe Alberto II de M\u00f3naco, Tierras Polares, 332 mecenas particulares a trav\u00e9s de un crowdfunding y la Agencia Espacial Europea. LAS COMETAS LAS PRUEBAS CON PROYECTO &#8216;GESTA&#8217; DE LA ESA LAS PRUEBAS CON LOS PROTOTIPOS LAS PRUEBAS CON LA VESTIMENTA LAS PRUEBAS CIENT\u00cdFICAS<\/p>\n","protected":false},"author":1,"featured_media":4286,"comment_status":"closed","ping_status":"closed","sticky":false,"template":"","format":"standard","meta":{"footnotes":""},"categories":[108,109,110,111,11,103],"tags":[],"class_list":["post-987510306","post","type-post","status-publish","format-standard","has-post-thumbnail","hentry","category-antartida-inexplorada-2018","category-antartidfa","category-cambio-climatico","category-ciencia-polar","category-noticias-2","category-trineo-de-viento-2018"],"_links":{"self":[{"href":"https:\/\/tierraspolares.es\/trineodeviento\/wp-json\/wp\/v2\/posts\/987510306","targetHints":{"allow":["GET"]}}],"collection":[{"href":"https:\/\/tierraspolares.es\/trineodeviento\/wp-json\/wp\/v2\/posts"}],"about":[{"href":"https:\/\/tierraspolares.es\/trineodeviento\/wp-json\/wp\/v2\/types\/post"}],"author":[{"embeddable":true,"href":"https:\/\/tierraspolares.es\/trineodeviento\/wp-json\/wp\/v2\/users\/1"}],"replies":[{"embeddable":true,"href":"https:\/\/tierraspolares.es\/trineodeviento\/wp-json\/wp\/v2\/comments?post=987510306"}],"version-history":[{"count":1,"href":"https:\/\/tierraspolares.es\/trineodeviento\/wp-json\/wp\/v2\/posts\/987510306\/revisions"}],"predecessor-version":[{"id":987511486,"href":"https:\/\/tierraspolares.es\/trineodeviento\/wp-json\/wp\/v2\/posts\/987510306\/revisions\/987511486"}],"wp:featuredmedia":[{"embeddable":true,"href":"https:\/\/tierraspolares.es\/trineodeviento\/wp-json\/wp\/v2\/media\/4286"}],"wp:attachment":[{"href":"https:\/\/tierraspolares.es\/trineodeviento\/wp-json\/wp\/v2\/media?parent=987510306"}],"wp:term":[{"taxonomy":"category","embeddable":true,"href":"https:\/\/tierraspolares.es\/trineodeviento\/wp-json\/wp\/v2\/categories?post=987510306"},{"taxonomy":"post_tag","embeddable":true,"href":"https:\/\/tierraspolares.es\/trineodeviento\/wp-json\/wp\/v2\/tags?post=987510306"}],"curies":[{"name":"wp","href":"https:\/\/api.w.org\/{rel}","templated":true}]}}