{"id":987510307,"date":"2018-11-16T12:32:50","date_gmt":"2018-11-16T11:32:50","guid":{"rendered":"http:\/\/uptobe.es\/tierraspolares\/trineodeviento\/?p=4311"},"modified":"2025-06-05T22:27:57","modified_gmt":"2025-06-05T20:27:57","slug":"overbooking-para-conocer-antartida-inexplorada-2018-19","status":"publish","type":"post","link":"https:\/\/tierraspolares.es\/trineodeviento\/overbooking-para-conocer-antartida-inexplorada-2018-19\/","title":{"rendered":"&#8216;Overbooking&#8217; para conocer &#8216;Ant\u00e1rtida Inexplorada&#8217;"},"content":{"rendered":"<p><strong>#Ant\u00e1rtidaInexplorada2018<\/strong><\/p>\n<p>La presentaci\u00f3n de la expedici\u00f3n Ant\u00e1rtida Inexplorada 2018-19 , en el Museo Nacional de Ciencias Naturales (Madrid) fue un aut\u00e9ntico \u00e9xito. M\u00e1s de 200 personas acudieron a la conferencia de la tarde, hasta colapsar el aforo, por lo que los cuatro expeedicionarios se repartieron entre el exterior (donde estaba instalado el Trineo de Viento) y el sal\u00f3n de actos para que todo el mundo pudiera conocer el proyecto con sus protagonistas (Ram\u00f3n Larramendi, Ignacio Oficialdegui, Hilo Moreno y Manuel Olivera). \u00abEs impresionante lo que van a hacer y c\u00f3mo lo van a hacer\u00bb, fue el comentario m\u00e1s escuchado entre los asistentes.<\/p>\n<p>Desde ahora, los \u00faltimos preparativos y la expedici\u00f3n podr\u00e1n seguirse en redes sociales con el hasgtag (etiqueta) .<strong>#Ant\u00e1rtidaInexplorada2018<\/strong><\/p>\n<p>Y en el blog de EL PA\u00cdS: <strong><a href=\"https:\/\/elpais.com\/agr\/somos_antartida\/a\">#SOMOS ANT\u00c1RTIDA.<\/a><\/strong><\/p>\n<p><a href=\"http:\/\/tierraspolares.es\/\/tierraspolares\/trineodeviento\/wp-content\/uploads\/2018\/11\/IMG_7267.jpg\"><img fetchpriority=\"high\" decoding=\"async\" class=\"size-medium_large wp-image-4313 aligncenter\" src=\"http:\/\/tierraspolares.es\/\/tierraspolares\/trineodeviento\/wp-content\/uploads\/2018\/11\/IMG_7267-768x576.jpg\" alt=\"\" width=\"768\" height=\"576\" \/><\/a><\/p>\n<p>La jornada de presentaci\u00f3n del 15 de Noviembre comenz\u00f3 con el montaje del reci\u00e9n construido Trineo de Viento ant\u00e1rtico en el p\u00e1rking del Museo para que todo estuviera preparado para la presentaci\u00f3n oficial a los medios de comunicaci\u00f3n. En menos de dos horas se logr\u00f3 tenerlo preparado.\u00a0 A las 11 horas, un total de 15 medios, entre prensa, radios y televisi\u00f3n, acudieron a la convocatoria para conocer una iniciativa que llevar\u00e1 la ciencia polar espa\u00f1ola al coraz\u00f3n de la Ant\u00e1rtida en un trayecto \u00fanico de 2.000 kil\u00f3metros. En los \u00faltimos 15 a\u00f1os, en todo el mundo s\u00f3lo se han organizado tres expediciones a esa zona de la Tierra y ninguna 100% sostenible como es \u00e9sta, destac\u00f3 Ram\u00f3n Larramendi, su director y creador del eco-veh\u00edculo.<\/p>\n<p>En el encuentro con la prensa estuvieron presentes, adem\u00e1s de los expedicionarios y la presidenta en Espa\u00f1a de la Fundaci\u00f3n Pr\u00edncipe Alberto II de M\u00f3naco (patrocinadora de Ant\u00e1rtida Inexplorada 2018-19), Carol Portabella, los responsables o representantes de seis de los 10 proyectos que se desarrollar\u00e1n en esta primera campa\u00f1a: Antonio Quesada (MicroAirPolar, de la UAM), Eduardo Sebasti\u00e1n y Miguel Ramos (MEDA de la UAH), V\u00edctor Parro (SOLID, Centro de Astrobiolog\u00eda), Bego\u00f1a Jim\u00e9nez (Sentinel, de IDEAE-CSIC), Benito Elvira (Aemet) y Josabel Belliure (Universidad de Valencia y Alcal\u00e1 de Henares). En total, m\u00e1s de 30 medios digitales y escritos han recogido la noticia, a lo que se suma su difusi\u00f3n en los Telediarios de TVE, informativos de RNE y Onda Madrid a lo largo de la jornada.<\/p>\n<p><a href=\"http:\/\/tierraspolares.es\/\/tierraspolares\/trineodeviento\/wp-content\/uploads\/2018\/11\/IMG_7226.jpg\"><img decoding=\"async\" class=\"wp-image-4315 aligncenter lazyload\" data-src=\"http:\/\/tierraspolares.es\/\/tierraspolares\/trineodeviento\/wp-content\/uploads\/2018\/11\/IMG_7226-768x576.jpg\" alt=\"\" width=\"568\" height=\"426\" src=\"data:image\/svg+xml;base64,PHN2ZyB3aWR0aD0iMSIgaGVpZ2h0PSIxIiB4bWxucz0iaHR0cDovL3d3dy53My5vcmcvMjAwMC9zdmciPjwvc3ZnPg==\" style=\"--smush-placeholder-width: 568px; --smush-placeholder-aspect-ratio: 568\/426;\" \/><\/a><\/p>\n<p>Por la tarde, casi una hora antes de la prevista para la conferencia en el mismo museo, comenz\u00f3 a llegar p\u00fablico. Algunos, como el seguidor de 10 a\u00f1os Asur desde tan lejos (en concreto desde Gij\u00f3n) y hubo mecenas del proyecto que viajaron desde lugares como Mallorca o Granada. El \u00e9xito de la convocatoria fue tal que provoc\u00f3 ciertos momentos de aglomeraci\u00f3n, que se solventaron al ir turn\u00e1ndose los cuatro expedicionarios entre el sal\u00f3n de actos y el exterior, junto al Trineo de Viento, con la intenci\u00f3n de que todos pudieran escuchar en directo a los protagonistas. Asimismo, se transmiti\u00f3 en directo desde el <a href=\"https:\/\/www.facebook.com\/ramonlarramendi\/videos\/1112524395595331\/\">Facebook de Ram\u00f3n Larramendi<\/a>, donde se puede ver el v\u00eddeo completo. En el evento estuvieron presentes, adem\u00e1s, Carol Portabella de la Fundaci\u00f3n Pr\u00edncipe Alberto II de M\u00f3naco y miembros del equipo de Tierras Polares Viajes y Expediciones, que colaboraron en el desarrollo del acto.<\/p>\n<div id=\"attachment_4316\" style=\"width: 778px\" class=\"wp-caption aligncenter\"><a href=\"http:\/\/tierraspolares.es\/\/tierraspolares\/trineodeviento\/wp-content\/uploads\/2018\/11\/IMG_7011.jpg\"><img decoding=\"async\" aria-describedby=\"caption-attachment-4316\" class=\"size-medium_large wp-image-4316 lazyload\" data-src=\"http:\/\/tierraspolares.es\/\/tierraspolares\/trineodeviento\/wp-content\/uploads\/2018\/11\/IMG_7011-768x576.jpg\" alt=\"\" width=\"768\" height=\"576\" src=\"data:image\/svg+xml;base64,PHN2ZyB3aWR0aD0iMSIgaGVpZ2h0PSIxIiB4bWxucz0iaHR0cDovL3d3dy53My5vcmcvMjAwMC9zdmciPjwvc3ZnPg==\" style=\"--smush-placeholder-width: 768px; --smush-placeholder-aspect-ratio: 768\/576;\" \/><\/a><p id=\"caption-attachment-4316\" class=\"wp-caption-text\">Rueda de prensa del Trineo de Viento.<\/p><\/div>\n<p>Durante dos horas largas, los asistentes se adentraron en la Ant\u00e1rtida Inexplorada 2018-19\u00a0 tuvieron ocasi\u00f3n de preguntar todas las dudas y curiosidades en torno a la traves\u00eda, como cu\u00e1nto pesar\u00e1n las siete capas de ropa que llevar\u00e1n y que ha sido dise\u00f1ada por Altus especialmente para ellos (m\u00e1s de 10 kilos), c\u00f3mo se ha construido el Trineo de Viento, qu\u00e9 comer\u00e1n (se\u00f1alaron que chorizo, jam\u00f3n serrano y guisos como estofado de lentejas , que van deshidratados) , su preparaci\u00f3n para emergencias m\u00e9dicas (han recibido un cursillo especial) y otras mil cuestiones sobre los 50 d\u00edas que permanecer\u00e1n en el hielo.<\/p>\n<div id=\"attachment_4317\" style=\"width: 778px\" class=\"wp-caption aligncenter\"><a href=\"http:\/\/tierraspolares.es\/\/tierraspolares\/trineodeviento\/wp-content\/uploads\/2018\/11\/IMG-7211.jpg\"><img decoding=\"async\" aria-describedby=\"caption-attachment-4317\" class=\"wp-image-4317 size-medium_large lazyload\" data-src=\"http:\/\/tierraspolares.es\/\/tierraspolares\/trineodeviento\/wp-content\/uploads\/2018\/11\/IMG-7211-768x576.jpg\" alt=\"\" width=\"768\" height=\"576\" src=\"data:image\/svg+xml;base64,PHN2ZyB3aWR0aD0iMSIgaGVpZ2h0PSIxIiB4bWxucz0iaHR0cDovL3d3dy53My5vcmcvMjAwMC9zdmciPjwvc3ZnPg==\" style=\"--smush-placeholder-width: 768px; --smush-placeholder-aspect-ratio: 768\/576;\" \/><\/a><p id=\"caption-attachment-4317\" class=\"wp-caption-text\">Ram\u00f3n Larramendi en el sal\u00f3n del actos el Museo Nacional de Ciencias Naturales.<\/p><\/div>\n<p>En definitiva, una jornada en la que ha quedado de manifiesto que el proyecto Trineo de Viento y su pr\u00f3xima gran expedici\u00f3n polar despiertan un gran inter\u00e9s medi\u00e1tico y social\u00a0 y que es, adem\u00e1s, un veh\u00edculo que no s\u00f3lo hace ciencia sino que ayuda a difundirla.<\/p>\n<p>&nbsp;<\/p>\n<p>&nbsp;<\/p>\n<p>&nbsp;<\/p>\n<p>&nbsp;<\/p>\n<p>&nbsp;<\/p>\n","protected":false},"excerpt":{"rendered":"<p>#Ant\u00e1rtidaInexplorada2018 La presentaci\u00f3n de la expedici\u00f3n Ant\u00e1rtida Inexplorada 2018-19 , en el Museo Nacional de Ciencias Naturales (Madrid) fue un aut\u00e9ntico \u00e9xito. M\u00e1s de 200 personas acudieron a la conferencia de la tarde, hasta colapsar el aforo, por lo que los cuatro expeedicionarios se repartieron entre el exterior (donde estaba instalado el Trineo de Viento) y el sal\u00f3n de actos para que todo el mundo pudiera conocer el proyecto con sus protagonistas (Ram\u00f3n Larramendi, Ignacio Oficialdegui, Hilo Moreno y Manuel Olivera). \u00abEs impresionante lo que van a hacer y c\u00f3mo lo van a hacer\u00bb, fue el comentario m\u00e1s escuchado entre los asistentes. Desde ahora, los \u00faltimos preparativos y la expedici\u00f3n podr\u00e1n seguirse en redes sociales con el hasgtag (etiqueta) .#Ant\u00e1rtidaInexplorada2018 Y en el blog de EL PA\u00cdS: #SOMOS ANT\u00c1RTIDA. La jornada de presentaci\u00f3n del 15 de Noviembre comenz\u00f3 con el montaje del reci\u00e9n construido Trineo de Viento ant\u00e1rtico en el p\u00e1rking del Museo para que todo estuviera preparado para la presentaci\u00f3n oficial a los medios de comunicaci\u00f3n. En menos de dos horas se logr\u00f3 tenerlo preparado.\u00a0 A las 11 horas, un total de 15 medios, entre prensa, radios y televisi\u00f3n, acudieron a la convocatoria para conocer una iniciativa que llevar\u00e1 [&hellip;]<\/p>\n","protected":false},"author":1,"featured_media":4312,"comment_status":"closed","ping_status":"closed","sticky":false,"template":"","format":"standard","meta":{"footnotes":""},"categories":[111,14,11,103],"tags":[113,17,52,30,41,112],"class_list":["post-987510307","post","type-post","status-publish","format-standard","has-post-thumbnail","hentry","category-ciencia-polar","category-hemeroteca","category-noticias-2","category-trineo-de-viento-2018","tag-antarrtida","tag-ciencia","tag-expedicion","tag-ramon-larramendi","tag-trineo-de-viento","tag-windsled"],"_links":{"self":[{"href":"https:\/\/tierraspolares.es\/trineodeviento\/wp-json\/wp\/v2\/posts\/987510307","targetHints":{"allow":["GET"]}}],"collection":[{"href":"https:\/\/tierraspolares.es\/trineodeviento\/wp-json\/wp\/v2\/posts"}],"about":[{"href":"https:\/\/tierraspolares.es\/trineodeviento\/wp-json\/wp\/v2\/types\/post"}],"author":[{"embeddable":true,"href":"https:\/\/tierraspolares.es\/trineodeviento\/wp-json\/wp\/v2\/users\/1"}],"replies":[{"embeddable":true,"href":"https:\/\/tierraspolares.es\/trineodeviento\/wp-json\/wp\/v2\/comments?post=987510307"}],"version-history":[{"count":1,"href":"https:\/\/tierraspolares.es\/trineodeviento\/wp-json\/wp\/v2\/posts\/987510307\/revisions"}],"predecessor-version":[{"id":987511485,"href":"https:\/\/tierraspolares.es\/trineodeviento\/wp-json\/wp\/v2\/posts\/987510307\/revisions\/987511485"}],"wp:featuredmedia":[{"embeddable":true,"href":"https:\/\/tierraspolares.es\/trineodeviento\/wp-json\/wp\/v2\/media\/4312"}],"wp:attachment":[{"href":"https:\/\/tierraspolares.es\/trineodeviento\/wp-json\/wp\/v2\/media?parent=987510307"}],"wp:term":[{"taxonomy":"category","embeddable":true,"href":"https:\/\/tierraspolares.es\/trineodeviento\/wp-json\/wp\/v2\/categories?post=987510307"},{"taxonomy":"post_tag","embeddable":true,"href":"https:\/\/tierraspolares.es\/trineodeviento\/wp-json\/wp\/v2\/tags?post=987510307"}],"curies":[{"name":"wp","href":"https:\/\/api.w.org\/{rel}","templated":true}]}}