{"id":987510319,"date":"2019-05-01T11:53:11","date_gmt":"2019-05-01T09:53:11","guid":{"rendered":"https:\/\/tierraspolares.es\/trineodeviento\/?p=4746"},"modified":"2025-06-05T22:27:56","modified_gmt":"2025-06-05T20:27:56","slug":"el-trineo-de-viento-viaja-hasta-brasil-y-noruega","status":"publish","type":"post","link":"https:\/\/tierraspolares.es\/trineodeviento\/el-trineo-de-viento-viaja-hasta-brasil-y-noruega\/","title":{"rendered":"El Trineo de Viento viaja hasta Brasil y Noruega"},"content":{"rendered":"<p>El promotor y creador del Trineo de Viento, Ram\u00f3n Larramendi, ha organizado una gira por diferentes instituciones cient\u00edficas brasile\u00f1as con objeto de dar a conocer el proyecto entre los investigadores polares de uno de los pa\u00edses que tienen una apuesta m\u00e1s fuerte por la investigaci\u00f3n ant\u00e1rtica.<\/p>\n<p>En concreto, Larramendi ha sido invitado a ofrecer una conferencia en la Universidad Federal de R\u00edo Grande do Sul, de la mano del investigador brasile\u00f1o Jorge Arigony, que dirige el Laboratorio de la Criosfera en el Instituto de Oceanograf\u00eda de esta universidad. Arigony fue premiado por Google en sus \u00abLatin American Research Awards (LARA)\u00bb el oto\u00f1o pasado (2018) por su proyecto de fabricaci\u00f3n de estaciones aut\u00f3nomas de bajo costo para medir el impacto del cambio clim\u00e1tico en los glaciares, una idea que ya ha sido financiada por los LARA durante tres a\u00f1os y que muestra avances en la lucha contra el deshielo. Arigony reuni\u00f3 a numerosos colegas cient\u00edficos para que pudieran conocer de primera mano la posibilidades del Trineo de Viento.<\/p>\n<div id=\"attachment_4749\" style=\"width: 391px\" class=\"wp-caption alignleft\"><a href=\"https:\/\/tierraspolares.es\/trineodeviento\/wp-content\/uploads\/2019\/05\/e206a2e0-44da-42cd-a2da-66550e051fee-1.jpeg\"><img fetchpriority=\"high\" decoding=\"async\" aria-describedby=\"caption-attachment-4749\" class=\"wp-image-4749 \" src=\"https:\/\/tierraspolares.es\/trineodeviento\/wp-content\/uploads\/2019\/05\/e206a2e0-44da-42cd-a2da-66550e051fee-1-300x225.jpeg\" alt=\"\" width=\"381\" height=\"286\" \/><\/a><p id=\"caption-attachment-4749\" class=\"wp-caption-text\">Conferencia en la Universidad Federal Rio Grande do Sul.<\/p><\/div>\n<p>El Programa Ant\u00e1rtico Brasile\u00f1o (PROANTAR) mantiene una estaci\u00f3n de investigaci\u00f3n permanente en la Ant\u00e1rtida (Estaci\u00f3n Ant\u00e1rtica Comandante Ferraz), as\u00ed como varios refugios y campamentos de verano, y cuenta con dos barcos que navegan en aguas ant\u00e1rticas: los rompehielos Almirante Maximiano (H-41) y Ary Rongel (H-44). Todo el programa depende del Consejo Nacional de Desenvolvimiento Cient\u00edfico y Tecnol\u00f3gico. A nivel pol\u00edtico, su objetivo era\u00a0preservar el derecho de Brasil a participar de las reuniones\u00a0 previstas en el Tratado Ant\u00e1rtico, que exige un manifiesto inter\u00e9s por la Ant\u00e1rtida para participar.<\/p>\n<p>Se cre\u00f3 en enero de 1982, cuando la Marina de Brasil adquiri\u00f3 un rompehielos y envi\u00f3\u00a0 su primera expedici\u00f3n (Opera\u00e7\u00e3o Ant\u00e1rtica I) para una misi\u00f3n de reconocimiento hidrogr\u00e1fico, oceanogr\u00e1fico y meteorol\u00f3gico en el sector noroccidental del continente que encontrara la ubicaci\u00f3n para una base cient\u00edfica.\u00a0 Al a\u00f1o siguiente comenz\u00f3 a construirse la Estaci\u00f3n Ant\u00e1rtica Comandante Ferraz, que consta de 8 m\u00f3dulos, y se termin\u00f3 en febrero de 1984. Al a\u00f1o siguiente se ampli\u00f3 a 33 modulos y desde 1986 se ocupa todo el a\u00f1o. El acontecimiento m\u00e1s grave ocurri\u00f3 en\u00a0 2012 , cuando una explosi\u00f3n en el cuarto de m\u00e1quinas de los generadores de la Base Ferraz caus\u00f3 un incendio que destruy\u00f3 el 70% de los edificios. Murieron dos personas.<\/p>\n<p>&nbsp;<\/p>\n<p><a href=\"https:\/\/tierraspolares.es\/trineodeviento\/wp-content\/uploads\/2019\/05\/header_main_page_3-72ppi.png\"><img decoding=\"async\" class=\"size-medium_large wp-image-4751 aligncenter lazyload\" data-src=\"https:\/\/tierraspolares.es\/trineodeviento\/wp-content\/uploads\/2019\/05\/header_main_page_3-72ppi-768x168.png\" alt=\"\" width=\"768\" height=\"168\" src=\"data:image\/svg+xml;base64,PHN2ZyB3aWR0aD0iMSIgaGVpZ2h0PSIxIiB4bWxucz0iaHR0cDovL3d3dy53My5vcmcvMjAwMC9zdmciPjwvc3ZnPg==\" style=\"--smush-placeholder-width: 768px; --smush-placeholder-aspect-ratio: 768\/168;\" \/><\/a><\/p>\n<p><strong>\u00abOCEAN WEEK\u00bb\u00a0 EN NORUEGA<\/strong><\/p>\n<p>La semana del 6 al 9 de mayo, Ram\u00f3n Larramendi ha sido invitado a participar en la <a href=\"https:\/\/www.ntnu.edu\/ocean-week\">Ocean Week: Ocean in Change,<\/a> organizado en Trondheim (Noruega) para reunir a los mayores expertos del mundo para exponer sus investigaciones y reflexionar en torno a la situaci\u00f3n de los oc\u00e9anos (cient\u00edficos, industrias, activistas, fil\u00e1ntropos, innovadores, etc\u00e9tera).<\/p>\n<p>Larramendi participa en la sesi\u00f3n del lunes 6 de mayo, a 16.45 horas, en la conferencia titulada \u00abThe Poles and Climate Change\u00bb, con Gabrielsen, Faksness e Irina Rogozhina (Departamento de Geograf\u00eda de\u00a0 NTNU (Norwegian University of Science and Technology). Su intervenci\u00f3n versar\u00e1 sobre el proyecto Trineo de Viento y su \u00faltima expedici\u00f3n a la Ant\u00e1rtida Inexplorada 2018-2019. Es, sin duda, el gran evento del a\u00f1o en torno a la preocupante situaci\u00f3n de los oc\u00e9anos. Para Larramendi \u00abel interior de la Ant\u00e1rtida y de Groenlandia es como un inmenso oc\u00e9ano de hielo por el que se puede navegar con el viento, como los barcos lo hacen sobre el agua\u00bb.<\/p>\n<p>&nbsp;<\/p>\n<p>&nbsp;<\/p>\n","protected":false},"excerpt":{"rendered":"<p>El promotor y creador del Trineo de Viento, Ram\u00f3n Larramendi, ha organizado una gira por diferentes instituciones cient\u00edficas brasile\u00f1as con objeto de dar a conocer el proyecto entre los investigadores polares de uno de los pa\u00edses que tienen una apuesta m\u00e1s fuerte por la investigaci\u00f3n ant\u00e1rtica. En concreto, Larramendi ha sido invitado a ofrecer una conferencia en la Universidad Federal de R\u00edo Grande do Sul, de la mano del investigador brasile\u00f1o Jorge Arigony, que dirige el Laboratorio de la Criosfera en el Instituto de Oceanograf\u00eda de esta universidad. Arigony fue premiado por Google en sus \u00abLatin American Research Awards (LARA)\u00bb el oto\u00f1o pasado (2018) por su proyecto de fabricaci\u00f3n de estaciones aut\u00f3nomas de bajo costo para medir el impacto del cambio clim\u00e1tico en los glaciares, una idea que ya ha sido financiada por los LARA durante tres a\u00f1os y que muestra avances en la lucha contra el deshielo. Arigony reuni\u00f3 a numerosos colegas cient\u00edficos para que pudieran conocer de primera mano la posibilidades del Trineo de Viento. El Programa Ant\u00e1rtico Brasile\u00f1o (PROANTAR) mantiene una estaci\u00f3n de investigaci\u00f3n permanente en la Ant\u00e1rtida (Estaci\u00f3n Ant\u00e1rtica Comandante Ferraz), as\u00ed como varios refugios y campamentos de verano, y cuenta con dos barcos que navegan [&hellip;]<\/p>\n","protected":false},"author":1,"featured_media":4747,"comment_status":"closed","ping_status":"closed","sticky":false,"template":"","format":"standard","meta":{"footnotes":""},"categories":[109,110,111],"tags":[118,26,119],"class_list":["post-987510319","post","type-post","status-publish","format-standard","has-post-thumbnail","hentry","category-antartidfa","category-cambio-climatico","category-ciencia-polar","tag-brasil","tag-cambio-climatico","tag-ocean-week"],"_links":{"self":[{"href":"https:\/\/tierraspolares.es\/trineodeviento\/wp-json\/wp\/v2\/posts\/987510319","targetHints":{"allow":["GET"]}}],"collection":[{"href":"https:\/\/tierraspolares.es\/trineodeviento\/wp-json\/wp\/v2\/posts"}],"about":[{"href":"https:\/\/tierraspolares.es\/trineodeviento\/wp-json\/wp\/v2\/types\/post"}],"author":[{"embeddable":true,"href":"https:\/\/tierraspolares.es\/trineodeviento\/wp-json\/wp\/v2\/users\/1"}],"replies":[{"embeddable":true,"href":"https:\/\/tierraspolares.es\/trineodeviento\/wp-json\/wp\/v2\/comments?post=987510319"}],"version-history":[{"count":1,"href":"https:\/\/tierraspolares.es\/trineodeviento\/wp-json\/wp\/v2\/posts\/987510319\/revisions"}],"predecessor-version":[{"id":987511463,"href":"https:\/\/tierraspolares.es\/trineodeviento\/wp-json\/wp\/v2\/posts\/987510319\/revisions\/987511463"}],"wp:featuredmedia":[{"embeddable":true,"href":"https:\/\/tierraspolares.es\/trineodeviento\/wp-json\/"}],"wp:attachment":[{"href":"https:\/\/tierraspolares.es\/trineodeviento\/wp-json\/wp\/v2\/media?parent=987510319"}],"wp:term":[{"taxonomy":"category","embeddable":true,"href":"https:\/\/tierraspolares.es\/trineodeviento\/wp-json\/wp\/v2\/categories?post=987510319"},{"taxonomy":"post_tag","embeddable":true,"href":"https:\/\/tierraspolares.es\/trineodeviento\/wp-json\/wp\/v2\/tags?post=987510319"}],"curies":[{"name":"wp","href":"https:\/\/api.w.org\/{rel}","templated":true}]}}