{"id":987510322,"date":"2022-05-04T19:04:24","date_gmt":"2022-05-04T17:04:24","guid":{"rendered":"https:\/\/tierraspolares.es\/trineodeviento\/?p=5216"},"modified":"2025-06-05T22:27:55","modified_gmt":"2025-06-05T20:27:55","slug":"sosarctictrineodelviento2022","status":"publish","type":"post","link":"https:\/\/tierraspolares.es\/trineodeviento\/sosarctictrineodelviento2022\/","title":{"rendered":"Expedici\u00f3n \u00abSOS ARCTIC TRINEO DE VIENTO 2022\u00bb"},"content":{"rendered":"<h2><a href=\"https:\/\/tierraspolares.es\/trineodeviento\/diario-de-sos-arctic\/\">Diario de la Expedici\u00f3n <\/a><\/h2>\n<p>El pr\u00f3ximo 5 de mayo comienza la expedici\u00f3n cient\u00edfica y de exploraci\u00f3n \u201cSOS ARCTIC TRINEO DE VIENTO 2022\u201d que recorrer\u00e1 1.500 kil\u00f3metros circunnavegando el Domo sur de Groenlandia. Se trata de un recorrido circular en el que por primera vez se navegar\u00e1 en sentido oeste-este sobre el Inlandis o hielo interior de Groenlandia. Durante la traves\u00eda se desarrollar\u00e1n dos proyectos de investigaci\u00f3n y, al mismo tiempo, la aventura servir\u00e1 de llamada de atenci\u00f3n sobre las crecientes amenazas ambientales y militares a las que est\u00e1 siendo sometido el \u00c1rtico.<\/p>\n<p>Un equipo de seis personas, mayor que nunca hasta la fecha, ser\u00e1 capitaneado de nuevo por <strong>Ram\u00f3n Larramendi<\/strong>, que vuelve al trineo del viento con el \u00e1nimo de siempre tras el par\u00f3n de la pandemia: <em>\u201cTenemos una gran incertidumbre sobre las dificultades de la traves\u00eda de Groenlandia en sentido oeste-este, no realizada con anterioridad, pero estamos seguros de que las vamos a superar y cumpliremos todos nuestros objetivos\u201d.<\/em><\/p>\n<p>La expedici\u00f3n ha sido impulsada por la Asociaci\u00f3n Exploraci\u00f3n Polar y est\u00e1 financiada por la tecnol\u00f3gica GMV, Auxiliar Conservera, Tierras Polares, el departamento de Medio Ambiente de la Diputaci\u00f3n de Guipuzkoa y las consejer\u00edas de Medio Ambiente de la Comunidad de Valencia y de Murcia, adem\u00e1s de la Concejal\u00eda de Medio Ambiente del Ayuntamiento de San Sebasti\u00e1n.<\/p>\n<h4>Ciencia polar, ciencia mundial<\/h4>\n<p>En cuanto al equipo cient\u00edfico de este \u201cSOS ARCTIC TRINEO DE VIENTO 2022\u201d, las espa\u00f1olas <strong>Luc\u00eda Hortal<\/strong>, m\u00e1ster en qu\u00edmica org\u00e1nica por la Universidad Aut\u00f3noma de Madrid, y <strong>Bego\u00f1a Hern\u00e1ndez<\/strong>, licenciada en Medio Ambiente, liderar\u00e1n los proyectos del Centro de Astrobiolog\u00eda de Madrid, con an\u00e1lisis bioqu\u00edmico de la nieve a varios metros de profundidad, y el MicroAirPolar de la Universidad Aut\u00f3noma, de captaci\u00f3n de microorganismos y pat\u00f3genos en el aire.<\/p>\n<p>El periodista vasco <strong>Juanma Sotillos<\/strong>, el alpinista valenciano <strong>Carlos Pitarch<\/strong> y el alpinista y expedicionario polar <strong>Markus Tobia Leisegang<\/strong>, de Venezuela, completan el equipo.<\/p>\n<h4>Nuevos retos<\/h4>\n<p>En total, Larramendi estima que invertir\u00e1n unos 35 d\u00edas de traves\u00eda polar, en los que circunvalar\u00e1n el South Dome, la mayor elevaci\u00f3n de la parte sur del casquete polar de Groenlandia, situado a casi 3000 metros de altitud. M\u00e1s de 20 a\u00f1os despu\u00e9s de la invenci\u00f3n del trineo del viento -y 40.000 kil\u00f3metros recorridos por la Ant\u00e1rtida y Groenlandia-, esta vez la expedici\u00f3n probar\u00e1 una cometa extraordinariamente grande, una nasa de 250 metros cuadrados, de manera que en condiciones de viento suave y estable cada metro cuadrado de \u201cvela\u201d estar\u00e1 arrastrando unos 9 kilos de peso. El trineo del viento con sus ocupantes, equipo cient\u00edfico y pertrechos alcanzar\u00e1 los 2.200 kilos de peso, de los que 500 corresponden al veh\u00edculo. El Trineo de Viento consta de cuatro m\u00f3dulos (pilotaje, carga, ciencia y habitabilidad) con una longitud total de 13 metros por 3,5 m de ancho. Dada su versatilidad, podr\u00e1 separarse en dos partes si las condiciones as\u00ed lo precisan. Casi todo el equipamiento del Trineo de Viento ha sido desarrollado por las marcas espa\u00f1olas Altus (tiendas y ropa) Windtech (cometas) y Fun Run en Aranda de Duero (trineo).<a href=\"https:\/\/tierraspolares.es\/trineodeviento\/wp-content\/uploads\/2022\/05\/larramendi-cometas.jpg\"><img decoding=\"async\" class=\"wp-image-5205 alignleft lazyload\" data-src=\"https:\/\/tierraspolares.es\/trineodeviento\/wp-content\/uploads\/2022\/05\/larramendi-cometas-300x169.jpg\" alt=\"\" width=\"266\" height=\"150\" src=\"data:image\/svg+xml;base64,PHN2ZyB3aWR0aD0iMSIgaGVpZ2h0PSIxIiB4bWxucz0iaHR0cDovL3d3dy53My5vcmcvMjAwMC9zdmciPjwvc3ZnPg==\" style=\"--smush-placeholder-width: 266px; --smush-placeholder-aspect-ratio: 266\/150;\" \/><\/a><\/p>\n<h4>Energ\u00eda limpia<\/h4>\n<p>La expedici\u00f3n, alineada estrat\u00e9gicamente con los objetivos de sostenibilidad de Naciones Unidas, es el paradigma de la \u201chuella cero\u201d. Por incre\u00edble que parezca, durante todo el recorrido s\u00f3lo se consumir\u00e1n 70 litros de combustible, el necesario para derretir el hielo para beber durante la traves\u00eda. Todo el resto de energ\u00eda utilizada ser\u00e1 e\u00f3lica y solar fotovoltaica.<\/p>\n<h4>No solo ciencia<\/h4>\n<p>Pero, adem\u00e1s del uso del trineo del viento como eco-laboratorio, la expedici\u00f3n busca tambi\u00e9n llamar la atenci\u00f3n sobre la importancia de la protecci\u00f3n del \u00c1rtico como verdadera zona cero del cambio clim\u00e1tico. Son numerosas las amenazas a las que est\u00e1 siendo sometido, tanto por el derretimiento de la capa de hielo de Groenlandia y la desaparici\u00f3n de la banquisa, claves para el equilibrio ecol\u00f3gico global, como por su creciente importancia geo-estrat\u00e9gica: el \u00c1rtico, como ruta de tr\u00e1fico mar\u00edtimo en la llamada \u201cruta de la seda polar\u201d, y por su valor como reserva del 25% de los recursos mineros del planeta sin explotar, es objeto de tensiones. En una regi\u00f3n con l\u00edmites poco definidos, la militarizaci\u00f3n de la zona fue iniciada por Rusia mucho antes de la Guerra de Ucrania, pero \u00e9sta ha sido acelerada por el estallido del conflicto, al priorizar de urgencia Putin la explotaci\u00f3n de los recursos del \u00c1rtico debido a las sanciones.<\/p>\n","protected":false},"excerpt":{"rendered":"<p>Diario de la Expedici\u00f3n El pr\u00f3ximo 5 de mayo comienza la expedici\u00f3n cient\u00edfica y de exploraci\u00f3n \u201cSOS ARCTIC TRINEO DE VIENTO 2022\u201d que recorrer\u00e1 1.500 kil\u00f3metros circunnavegando el Domo sur de Groenlandia. Se trata de un recorrido circular en el que por primera vez se navegar\u00e1 en sentido oeste-este sobre el Inlandis o hielo interior de Groenlandia. Durante la traves\u00eda se desarrollar\u00e1n dos proyectos de investigaci\u00f3n y, al mismo tiempo, la aventura servir\u00e1 de llamada de atenci\u00f3n sobre las crecientes amenazas ambientales y militares a las que est\u00e1 siendo sometido el \u00c1rtico. Un equipo de seis personas, mayor que nunca hasta la fecha, ser\u00e1 capitaneado de nuevo por Ram\u00f3n Larramendi, que vuelve al trineo del viento con el \u00e1nimo de siempre tras el par\u00f3n de la pandemia: \u201cTenemos una gran incertidumbre sobre las dificultades de la traves\u00eda de Groenlandia en sentido oeste-este, no realizada con anterioridad, pero estamos seguros de que las vamos a superar y cumpliremos todos nuestros objetivos\u201d. La expedici\u00f3n ha sido impulsada por la Asociaci\u00f3n Exploraci\u00f3n Polar y est\u00e1 financiada por la tecnol\u00f3gica GMV, Auxiliar Conservera, Tierras Polares, el departamento de Medio Ambiente de la Diputaci\u00f3n de Guipuzkoa y las consejer\u00edas de Medio Ambiente de la Comunidad [&hellip;]<\/p>\n","protected":false},"author":1,"featured_media":5197,"comment_status":"closed","ping_status":"closed","sticky":false,"template":"","format":"standard","meta":{"footnotes":""},"categories":[11],"tags":[],"class_list":["post-987510322","post","type-post","status-publish","format-standard","has-post-thumbnail","hentry","category-noticias-2"],"_links":{"self":[{"href":"https:\/\/tierraspolares.es\/trineodeviento\/wp-json\/wp\/v2\/posts\/987510322","targetHints":{"allow":["GET"]}}],"collection":[{"href":"https:\/\/tierraspolares.es\/trineodeviento\/wp-json\/wp\/v2\/posts"}],"about":[{"href":"https:\/\/tierraspolares.es\/trineodeviento\/wp-json\/wp\/v2\/types\/post"}],"author":[{"embeddable":true,"href":"https:\/\/tierraspolares.es\/trineodeviento\/wp-json\/wp\/v2\/users\/1"}],"replies":[{"embeddable":true,"href":"https:\/\/tierraspolares.es\/trineodeviento\/wp-json\/wp\/v2\/comments?post=987510322"}],"version-history":[{"count":1,"href":"https:\/\/tierraspolares.es\/trineodeviento\/wp-json\/wp\/v2\/posts\/987510322\/revisions"}],"predecessor-version":[{"id":987511456,"href":"https:\/\/tierraspolares.es\/trineodeviento\/wp-json\/wp\/v2\/posts\/987510322\/revisions\/987511456"}],"wp:featuredmedia":[{"embeddable":true,"href":"https:\/\/tierraspolares.es\/trineodeviento\/wp-json\/wp\/v2\/media\/5197"}],"wp:attachment":[{"href":"https:\/\/tierraspolares.es\/trineodeviento\/wp-json\/wp\/v2\/media?parent=987510322"}],"wp:term":[{"taxonomy":"category","embeddable":true,"href":"https:\/\/tierraspolares.es\/trineodeviento\/wp-json\/wp\/v2\/categories?post=987510322"},{"taxonomy":"post_tag","embeddable":true,"href":"https:\/\/tierraspolares.es\/trineodeviento\/wp-json\/wp\/v2\/tags?post=987510322"}],"curies":[{"name":"wp","href":"https:\/\/api.w.org\/{rel}","templated":true}]}}